{"id":48507,"date":"2020-10-22T10:40:56","date_gmt":"2020-10-22T10:40:56","guid":{"rendered":"http:\/\/diariodominicano.ddns.net\/?p=48507"},"modified":"2020-10-22T10:40:56","modified_gmt":"2020-10-22T10:40:56","slug":"el-dia-que-nacio-horacio-vasquez","status":"publish","type":"post","link":"https:\/\/diariodominicano.com\/?p=48507","title":{"rendered":"El d\u00eda que naci\u00f3 Horacio V\u00e1squez"},"content":{"rendered":"<p><body><\/p>\n<p><img decoding=\"async\" src=\"img3\/Vasquez005.jpg.jpg\" \/>  <\/p>\n<p><strong>Diariodominicano.com<\/strong><\/p>\n<p><strong>El d\u00eda que naci\u00f3 Horacio V\u00e1squez<\/strong><\/p>\n<p><strong>El nombre de Horacio V\u00e1squez entr\u00f3 a la vida p\u00fablica cuando el 26 de julio del a\u00f1o 1899, particip\u00f3 en el grupo de j\u00f3venes que llevaron a cabo el asesinato del dictador Ulises Heureaux, en la ciudad de Moca.<\/strong><\/p>\n<p><strong>Por H\u00e9ctor Tineo Nolasco<\/strong><\/p>\n<p><strong>Diariodominicano.com<\/strong><\/p>\n<\/p>\n<p><strong>Estancia Nueva, Moca,<\/strong> el  22 de octubre de 1850, naci\u00f3 en Estancia Nueva, Moca, Horacio V\u00e1squez Lajara,  hijo del  hacendado Basilio V\u00e1squez y  la se\u00f1ora Ramona Lajara de V\u00e1squez.<\/p>\n<\/p>\n<p>V\u00e1squez se  destac\u00f3 como pol\u00edtico y militar. Fue  Presidencia de la Rep\u00fablica en tres ocasiones.<\/p>\n<\/p>\n<p>  <strong> El nombre de Horacio V\u00e1squez entr\u00f3 a la vida p\u00fablica cuando el 26 de julio del a\u00f1o 1899, particip\u00f3 en el grupo de j\u00f3venes que llevaron a cabo el asesinato del dictador Ulises Heureaux, en la ciudad de Moca.<\/strong><\/p>\n<\/p>\n<p>    El 4 de septiembre de 1899, asumi\u00f3 la Presidencia de la Rep\u00fablica de manera interina y organiz\u00f3 las primeras elecciones despu\u00e9s de la ca\u00edda del dictador Heureaux, en las cuales fue electo Juan Isidro Jimenes, quien tom\u00f3 posesi\u00f3n el 15 de noviembre de 1899.<\/p>\n<\/p>\n<p>   <strong>Al poco tiempo de la muerte de Lilis Heureaux,  V\u00e1squez  se convirti\u00f3 al igual que su adversario pol\u00edtico Juan Isidro Jimenes, en uno de los dos principales l\u00edderes de la Rep\u00fablica Dominicana.<\/strong><\/p>\n<\/p>\n<p>    El  26 de Abril de 1902,  Horacio V\u00e1squez, con su Movimiento 26 de Julio, inici\u00f3 un levantamiento que le permiti\u00f3 tomar el poder al derrocar al Presidente Juan Isidro Jimenes, su principal rival pol\u00edtico, a quien oblig\u00f3 a salir del pa\u00eds el 2 de Mayo.<\/p>\n<\/p>\n<p>   En aquella \u00e9poca el pa\u00eds se divid\u00eda entre Horacistas y Jimenistas.<\/p>\n<\/p>\n<p>   V\u00e1squez  se mantuvo en el poder hasta el 23 de Abril de 1903, cuando fue obligado a renunciar  luego que la Capital sufri\u00f3 una guerra civil.<\/p>\n<\/p>\n<p>   Como l\u00edder del movimiento contra V\u00e1squez estaba el ex Presidente Alejandro Woss y Gil, antiguo hombre de confianza del dictador  Ulises Heureaux.<\/p>\n<\/p>\n<p>     Al tumbar el Gobierno de  V\u00e1squez, Alejandro Woss y G\u00edl form\u00f3 un Gobierno provisional y convoc\u00f3 a elecciones para el 20 de junio de 1903.<\/p>\n<\/p>\n<p>    Fue declarado ganador, y  se jurament\u00f3 como presidente constitucional el primero de agosto de 1903.  <\/p>\n<\/p>\n<p>   En una situaci\u00f3n de inestabilidad pol\u00edtica, Horacio V\u00e1squez sigui\u00f3 incidiendo en la vida  pol\u00edtica nacional. En el a\u00f1o 1916, Estados Unidos ocup\u00f3 militarmente el pa\u00eds y al evacuar sus tropas  en 1924, Horacio V\u00e1squez se convirti\u00f3 en el primer presidente electo.<\/p>\n<\/p>\n<p>     Deb\u00eda salir del poder en el a\u00f1o 1928, pero por medio de subterfugios legales prolong\u00f3 su mandato. Fue  derrocado por un movimiento que encabezaron hombres que fueron de su confianza como el general Rafael Le\u00f3nidas Trujillo y el licenciado Rafael Estrella Ure\u00f1a. <\/p>\n<\/p>\n<p>    Los dos se unieron en una conspiraci\u00f3n que termin\u00f3 con el derrocamiento del Presidente Horacio V\u00e1squez.<\/p>\n<\/p>\n<p>    Un informe de la \u00e9poca da cuenta de que el 23 de Febrero de 1930, Rafael Estrella Ure\u00f1a y sus partidarios, secundados por Desiderio Arias  y El\u00edas Brache, antiguos dirigentes del jimenismo, dieron inicio al plan para acabar con el Gobierno de Horacio V\u00e1squez.<\/p>\n<\/p>\n<p>    El general Jos\u00e9 Estrella, t\u00edo de Rafael Estrella Ure\u00f1a, atac\u00f3 la Fortaleza San Luis, en Santiago,  y las tropas no hicieron resistencia. De inmediato cientos de hombres armados con rifles suministrados  de manera subrepticia por  el general Trujillo, marcharon a la ciudad de Santo Domingo.<\/p>\n<\/p>\n<p>   Entraron a la Capital a los tres d\u00edas y el Presidente Horacio V\u00e1squez busc\u00f3 asilo en la embajada de Estados  Unidos. Despu\u00e9s que el golpe estaba consumado fue que el   Jefe del Estado se convenci\u00f3 de que hab\u00eda sido traicionado por Trujillo, a quien hab\u00eda ascendido a general de brigada  y designado Jefe del Ej\u00e9rcito Nacional.<\/p>\n<\/p>\n<p> Estrella Ure\u00f1a tambi\u00e9n hab\u00eda sido uno de los  secretarios de Estado de mayor confianza del  Presidente Horacio V\u00e1squez, pero se separ\u00f3 de su Gobierno cuando en 1929, el  Presidente de la Rep\u00fablica apoy\u00f3 un movimiento que propugnaba  por su reelecci\u00f3n.<\/p>\n<\/p>\n<p>    El ex Presidente Horacio V\u00e1squez muri\u00f3 el 25 de Mayo de 1936, en Tamboril. En ese momento era un hombre sin ninguna incidencia en la vida pol\u00edtica de la Rep\u00fablica Dominicana. <\/p>\n<\/p>\n<p>     Los restos  V\u00e1squez fueron sepultados en Tamboril. El acto del sepelio tuvo una concurrencia muy pobre.<\/p>\n<\/p>\n<p>   Su salud comenz\u00f3 a deteriorarse en el \u00faltimo a\u00f1o de la gesti\u00f3n en la que termin\u00f3 su carrera pol\u00edtica. Durante los \u00faltimos seis a\u00f1os su salud era muy fr\u00e1gil, por lo que tuvo que ser sometido a tratamientos m\u00e9dicos en los Estados Unidos.<\/p>\n<\/p>\n<p>    El 28 de octubre de 1929, fue trasladado de urgencia en avi\u00f3n a Baltimore, para ser sometido a una intervenci\u00f3n quir\u00fargica para extraerle una piedra de un  ri\u00f1\u00f3n.<\/p>\n<\/p>\n<p>    En la ocasi\u00f3n trascendi\u00f3  la informaci\u00f3n de que al Presidente de la Rep\u00fablica le extirpar\u00edan un ri\u00f1\u00f3n.<\/p>\n<\/p>\n<p>    El viaje coincidi\u00f3 con un conflicto que manten\u00edan el Vicepresidente de la Rep\u00fablica, Jos\u00e9 Dolores Alfonseca, quien se encontraba en el cargo desde el 16 agosto de 1928, y el jefe del Ej\u00e9rcito Nacional, Rafael Le\u00f3nidas Trujillo Molina.<\/p>\n<\/p>\n<p>     Antes del viaje de Horacio V\u00e1squez a Estados Unidos, en el pa\u00eds circulaban rumores que daban cuenta de que el Presidente de la Rep\u00fablica estaba muy enfermo y que podr\u00eda morir. <\/p>\n<\/p>\n<p>      Esa circunstancia fue que aprovecharon Rafael Estrella  Ure\u00f1a y Trujillo para llevar a cabo la conspiraci\u00f3n que termin\u00f3 con el \u00faltimo Gobierno de Horacio V\u00e1squez.<\/p>\n<\/p>\n<p>Hab\u00eda sido electo Presidente de la Rep\u00fablica, en los comicios celebrados  el 15 de marzo de 1924 para un per\u00edodo de cuatro a\u00f1os conforme lo establec\u00eda la Constituci\u00f3n de ese a\u00f1o, pero en 1928 se vali\u00f3 de subterfugios y logr\u00f3 prolongar su mandato, el cual termin\u00f3 con el golpe de estado de 1930.<\/p>\n<\/p>\n<p>     V\u00e1squez derrot\u00f3 al licenciado Francisco Jos\u00e9 Peynado, de la Coalici\u00f3n Patri\u00f3tica de Ciudadanos, quien acept\u00f3 el triunfo de su rival. Los comicios se desarrollaron de 6 de la ma\u00f1ana a 6 de la tarde.<\/p>\n<\/p>\n<p>     Votaron 103 mil 281 ciudadanos, el 70 por ciento de los que estaban autorizados a ejercer el derecho al sufragio.<\/p>\n<\/p>\n<p>V\u00e1squez logr\u00f3 su objetivo de prolongar el mandato gracias a un Movimiento que surgi\u00f3 en su Partido Nacional, denominado \u00abLa Prolongaci\u00f3n\u00bb. <\/p>\n<\/p>\n<\/p>\n<h6> 2020-10-22 10:40:56 <\/h6>\n<p><!--\n<link rel=\"stylesheet\" href=\"css\/bootstrap.min.css\">\n\n\n<ul class=\"pagination\">\n\t    \n\t\n\n<li >\n\t<a href='?page_no=123'>Previous<\/a>\n\t<\/li>\n\n\n       \n    \n\n<li><a href='?page_no=1'>1<\/a><\/li>\n\n\n\n<li><a href='?page_no=2'>2<\/a><\/li>\n\n\n\n<li><a>...<\/a><\/li>\n\n\n\n<li><a href='?page_no=122'>122<\/a><\/li>\n\n\n\n<li><a href='?page_no=123'>123<\/a><\/li>\n\n\n\n<li class='active'><a>124<\/a><\/li>\n\n\n\n<li><a href='?page_no=125'>125<\/a><\/li>\n\n\n\n<li><a href='?page_no=126'>126<\/a><\/li>\n\n\n\n<li><a>...<\/a><\/li>\n\n\n\n<li><a href='?page_no=22911'>22911<\/a><\/li>\n\n\n\n<li><a href='?page_no=22912'>22912<\/a><\/li>\n\n    \n\t\n\n<li >\n\t<a href='?page_no=125'>Next<\/a>\n\t<\/li>\n\n\n    \n\n<li><a href='?page_no=22912'>Last &rsaquo;&rsaquo;<\/a><\/li>\n\n<\/ul>\n\n\n--><br \/>\n<\/body><\/p>\n","protected":false},"excerpt":{"rendered":"<p>Diariodominicano.com El d\u00eda que naci\u00f3 Horacio V\u00e1squez El nombre de Horacio V\u00e1squez entr\u00f3 a la vida p\u00fablica cuando el 26 de julio del a\u00f1o 1899, particip\u00f3 en el grupo de j\u00f3venes que llevaron a cabo el asesinato del dictador Ulises Heureaux, en la ciudad de Moca. Por H\u00e9ctor Tineo Nolasco Diariodominicano.com Estancia Nueva, Moca, el [&hellip;]<\/p>\n","protected":false},"author":3,"featured_media":0,"comment_status":"open","ping_status":"open","sticky":false,"template":"","format":"standard","meta":{"footnotes":""},"categories":[21],"tags":[],"class_list":["post-48507","post","type-post","status-publish","format-standard","hentry","category-cultura"],"_links":{"self":[{"href":"https:\/\/diariodominicano.com\/index.php?rest_route=\/wp\/v2\/posts\/48507","targetHints":{"allow":["GET"]}}],"collection":[{"href":"https:\/\/diariodominicano.com\/index.php?rest_route=\/wp\/v2\/posts"}],"about":[{"href":"https:\/\/diariodominicano.com\/index.php?rest_route=\/wp\/v2\/types\/post"}],"author":[{"embeddable":true,"href":"https:\/\/diariodominicano.com\/index.php?rest_route=\/wp\/v2\/users\/3"}],"replies":[{"embeddable":true,"href":"https:\/\/diariodominicano.com\/index.php?rest_route=%2Fwp%2Fv2%2Fcomments&post=48507"}],"version-history":[{"count":0,"href":"https:\/\/diariodominicano.com\/index.php?rest_route=\/wp\/v2\/posts\/48507\/revisions"}],"wp:attachment":[{"href":"https:\/\/diariodominicano.com\/index.php?rest_route=%2Fwp%2Fv2%2Fmedia&parent=48507"}],"wp:term":[{"taxonomy":"category","embeddable":true,"href":"https:\/\/diariodominicano.com\/index.php?rest_route=%2Fwp%2Fv2%2Fcategories&post=48507"},{"taxonomy":"post_tag","embeddable":true,"href":"https:\/\/diariodominicano.com\/index.php?rest_route=%2Fwp%2Fv2%2Ftags&post=48507"}],"curies":[{"name":"wp","href":"https:\/\/api.w.org\/{rel}","templated":true}]}}