{"id":485027,"date":"2023-10-31T02:22:34","date_gmt":"2023-10-31T06:22:34","guid":{"rendered":"http:\/\/diariodominicano.com\/?p=485027"},"modified":"2023-10-31T02:28:00","modified_gmt":"2023-10-31T06:28:00","slug":"muertos-por-dengue-suman-mas-de-50-no-14-como-dice-el-gobierno-asegura-secretario-de-salud-de-la-fp","status":"publish","type":"post","link":"https:\/\/diariodominicano.com\/?p=485027","title":{"rendered":"Muertos por dengue suman m\u00e1s de 50, no 14 como dice el gobierno, asegura secretario de Salud de la FP"},"content":{"rendered":"\n<p>Doctor Ram\u00f3n Alvarado afirma  autoridades de Salud fallaron en el tema de la prevenci\u00f3n y vigilancia<\/p>\n\n\n\n<p>&nbsp;SANTO DOMINGO, RD.-  El titular de la Secretar\u00eda de Salud del partido Fuerza del Pueblo (FP), doctor Ram\u00f3n Alvarado, asegur\u00f3 el lunes que m\u00e1s de 50 personas han muerto este a\u00f1o, v\u00edctimas del virus del dengue, y no 14 como afirman las autoridades.<\/p>\n\n\n\n<figure class=\"wp-block-image size-full\"><img loading=\"lazy\" decoding=\"async\" width=\"650\" height=\"361\" src=\"https:\/\/diariodominicano.com\/wp-content\/uploads\/2023\/10\/IMG-20231030-WA0134.jpg\" alt=\"\" class=\"wp-image-485031\" srcset=\"https:\/\/diariodominicano.com\/wp-content\/uploads\/2023\/10\/IMG-20231030-WA0134.jpg 650w, https:\/\/diariodominicano.com\/wp-content\/uploads\/2023\/10\/IMG-20231030-WA0134-300x167.jpg 300w\" sizes=\"auto, (max-width: 650px) 100vw, 650px\" \/><\/figure>\n\n\n\n<p><br>El m\u00e9dico y dirigente pol\u00edtico explic\u00f3 que la suma de todos los casos a nivel nacional arroja que son 50 las muertes por dengue.<\/p>\n\n\n\n<p><br>\u201cEn una situaci\u00f3n de epidemia no hay que esperar a comprobar los casos, si el paciente ten\u00eda la sintomatolog\u00eda de la enfermedad, como fiebre, v\u00f3mitos, dolor de cabeza y muscular\u201d, se\u00f1al\u00f3 Alvarado, quien fue director del Servicio Nacional de Salud (SNS).<\/p>\n\n\n\n<p><br>Entrevistado en el Programa El D\u00eda,\u00a0 asegur\u00f3 que las autoridades de salud fallaron con el tema de la prevenci\u00f3n y el monitoreo, ya que han debilitado el sistema de vigilancia epidemiol\u00f3gica, con la cancelaci\u00f3n del personal t\u00e9cnico.\u00a0En ese sentido, hizo saber que el dengue tiene un per\u00edodo de tiempo, que inicia en junio y termina en noviembre, \u201cporque es en esa temporada que la poblaci\u00f3n del mosquito aumenta\u201d.<\/p>\n\n\n\n<p><br>Record\u00f3 que el dengue es una enfermedad end\u00e9mica, que siempre la tenemos entre nosotros, se\u00f1alando que el tema en esta ocasi\u00f3n, es que han muerto muchas personas y los centros de salud, tanto p\u00fablicos como privados, se han desbordado.<br>En la medida que el mosquito se reproduce, aumenta la probabilidad de padecer la enfermedad, agreg\u00f3 el doctor Alvarado.<\/p>\n\n\n\n<p><br>Sostuvo que en este per\u00edodo han habido muchos casos de dengue \u201cporque las autoridades de salud no entendieron la importancia de la prevenci\u00f3n y la vigilancia epidemiol\u00f3gica\u201d.<\/p>\n\n\n\n<p><br>Desde el pasado mes de agosto, en la semana 32, empezaron a subir los casos de dengue en m\u00e1s de un 50 por ciento, tomando como ejemplo, esa misma fecha del a\u00f1o 2022, donde hubo 4,630 casos.<\/p>\n\n\n\n<p><br>En esa misma fecha, este a\u00f1o 2023, hab\u00eda 8,460, lo que dijo, \u201ceso no llam\u00f3 la atenci\u00f3n de las autoridades\u201d.<\/p>\n\n\n\n<p><br>Alvarado se\u00f1al\u00f3 que desde el gobierno se tomaron las medidas de prevenci\u00f3n cuando los medios de comunicaci\u00f3n se hicieron eco de la situaci\u00f3n.<\/p>\n\n\n\n<p><br>Se\u00f1al\u00f3 que la poblaci\u00f3n se vio desesperada, por lo que el presidente de la Fuerza del Pueblo, Leonel Fern\u00e1ndez, tuvo que hacer un  llamado p\u00fablico al presidente Luis Abinader, para que prestara atenci\u00f3n al desbordamiento de los hospitales.<br>Finalmente, Alvarado dio un espaldarazo a las sociedades m\u00e9dicas, a las que dice se le ha \u00abfaltado el respeto\u00bb, cuando se intenta culpar de la crisis sanitaria, cuando el verdadero responsable es el gobierno del PRM que con sus improvisaciones han ocasionado una desgracia nacional.<\/p>\n\n\n\n<p><\/p>\n","protected":false},"excerpt":{"rendered":"<p>Doctor Ram\u00f3n Alvarado afirma autoridades de Salud fallaron en el tema de la prevenci\u00f3n y vigilancia &nbsp;SANTO DOMINGO, RD.- El titular de la Secretar\u00eda de Salud del partido Fuerza del Pueblo (FP), doctor Ram\u00f3n Alvarado, asegur\u00f3 el lunes que m\u00e1s de 50 personas han muerto este a\u00f1o, v\u00edctimas del virus del dengue, y no 14 [&hellip;]<\/p>\n","protected":false},"author":28,"featured_media":485030,"comment_status":"closed","ping_status":"","sticky":true,"template":"","format":"standard","meta":{"footnotes":""},"categories":[36,20,22,27],"tags":[],"class_list":["post-485027","post","type-post","status-publish","format-standard","has-post-thumbnail","hentry","category-hombresmujeresycosas","category-dominicana-hoy","category-politica","category-portada"],"_links":{"self":[{"href":"https:\/\/diariodominicano.com\/index.php?rest_route=\/wp\/v2\/posts\/485027","targetHints":{"allow":["GET"]}}],"collection":[{"href":"https:\/\/diariodominicano.com\/index.php?rest_route=\/wp\/v2\/posts"}],"about":[{"href":"https:\/\/diariodominicano.com\/index.php?rest_route=\/wp\/v2\/types\/post"}],"author":[{"embeddable":true,"href":"https:\/\/diariodominicano.com\/index.php?rest_route=\/wp\/v2\/users\/28"}],"replies":[{"embeddable":true,"href":"https:\/\/diariodominicano.com\/index.php?rest_route=%2Fwp%2Fv2%2Fcomments&post=485027"}],"version-history":[{"count":4,"href":"https:\/\/diariodominicano.com\/index.php?rest_route=\/wp\/v2\/posts\/485027\/revisions"}],"predecessor-version":[{"id":485036,"href":"https:\/\/diariodominicano.com\/index.php?rest_route=\/wp\/v2\/posts\/485027\/revisions\/485036"}],"wp:featuredmedia":[{"embeddable":true,"href":"https:\/\/diariodominicano.com\/index.php?rest_route=\/wp\/v2\/media\/485030"}],"wp:attachment":[{"href":"https:\/\/diariodominicano.com\/index.php?rest_route=%2Fwp%2Fv2%2Fmedia&parent=485027"}],"wp:term":[{"taxonomy":"category","embeddable":true,"href":"https:\/\/diariodominicano.com\/index.php?rest_route=%2Fwp%2Fv2%2Fcategories&post=485027"},{"taxonomy":"post_tag","embeddable":true,"href":"https:\/\/diariodominicano.com\/index.php?rest_route=%2Fwp%2Fv2%2Ftags&post=485027"}],"curies":[{"name":"wp","href":"https:\/\/api.w.org\/{rel}","templated":true}]}}