{"id":484975,"date":"2023-10-31T01:24:26","date_gmt":"2023-10-31T05:24:26","guid":{"rendered":"http:\/\/diariodominicano.com\/?p=484975"},"modified":"2023-10-31T01:25:38","modified_gmt":"2023-10-31T05:25:38","slug":"fite-rd-2023-cierra-a-casa-llena-con-la-produccion-el-hijo-del-sol-historia-de-un-principito","status":"publish","type":"post","link":"https:\/\/diariodominicano.com\/?p=484975","title":{"rendered":"FITE RD 2023 cierra con la producci\u00f3n El hijo del sol: historia de un principito"},"content":{"rendered":"\n<p>Al acto de clausura concurrieron personalidades de los \u00e1mbitos cultural social econ\u00f3mico y pol\u00edtico de Santiago.-<\/p>\n\n\n\n<p><strong>Santiago<\/strong>, RD.\u2013 A casa llena fue presentada la \u00faltima funci\u00f3n de \u201cEl hijo del sol: historia de un principito\u201d en la sala Restauraci\u00f3n del Gran Teatro del Cibao, a cargo del Teatro Rodante Dominicano, producci\u00f3n que cerr\u00f3 el XI Festival Internacional de Teatro FITE RD 2023.<\/p>\n\n\n\n<figure class=\"wp-block-image size-large\"><img loading=\"lazy\" decoding=\"async\" width=\"1024\" height=\"683\" src=\"https:\/\/diariodominicano.com\/wp-content\/uploads\/2023\/10\/El-cierre-del-FITE-RD-2023-fue-a-casa-llena-1024x683.jpg\" alt=\"\" class=\"wp-image-484978\" srcset=\"https:\/\/diariodominicano.com\/wp-content\/uploads\/2023\/10\/El-cierre-del-FITE-RD-2023-fue-a-casa-llena-1024x683.jpg 1024w, https:\/\/diariodominicano.com\/wp-content\/uploads\/2023\/10\/El-cierre-del-FITE-RD-2023-fue-a-casa-llena-300x200.jpg 300w, https:\/\/diariodominicano.com\/wp-content\/uploads\/2023\/10\/El-cierre-del-FITE-RD-2023-fue-a-casa-llena-768x512.jpg 768w, https:\/\/diariodominicano.com\/wp-content\/uploads\/2023\/10\/El-cierre-del-FITE-RD-2023-fue-a-casa-llena-1536x1024.jpg 1536w, https:\/\/diariodominicano.com\/wp-content\/uploads\/2023\/10\/El-cierre-del-FITE-RD-2023-fue-a-casa-llena-2048x1365.jpg 2048w, https:\/\/diariodominicano.com\/wp-content\/uploads\/2023\/10\/El-cierre-del-FITE-RD-2023-fue-a-casa-llena-816x544.jpg 816w\" sizes=\"auto, (max-width: 1024px) 100vw, 1024px\" \/><\/figure>\n\n\n\n<p>Antes de iniciar la obra tuvo lugar la ceremonia de clausura de este magno evento teatral, encabezada por el viceministro de Creatividad y Formaci\u00f3n Art\u00edstica y tambi\u00e9n presidente del comit\u00e9 organizador, Giovanny Cruz, as\u00ed como por el resto de miembros que conformaban dicho comit\u00e9.<\/p>\n\n\n\n<p>Luego de hacer un breve recuento de estos diez d\u00edas de Teatro, el funcionario anunci\u00f3 que el FITE RD 2025 ser\u00e1 dedicado a nivel nacional a Freddy Ginebra y tendr\u00e1 como pa\u00eds invitado de honor a Espa\u00f1a.<\/p>\n\n\n\n<p>Asimismo, que el Festival Nacional de Teatro FENATE 2024 estar\u00e1 dedicado a Lillyanna D\u00edaz.<\/p>\n\n\n\n<p><strong>Cierre del FITE RD 2023<\/strong><\/p>\n\n\n\n<p>Cruz se mostr\u00f3 complacido por el exitoso e intenso acontecimiento cultural, en el que durante diez d\u00edas los amantes del teatro y la poblaci\u00f3n en general tuvieron la oportunidad de disfrutar de producciones internacionales y nacionales de la m\u00e1s alta calidad profesional y t\u00e9cnica.<\/p>\n\n\n\n<p>El viceministro felicit\u00f3 a todos los teatreros participantes, agradeciendo y valorando la entrega, responsabilidad y profesionalismo demostrados con cada puesta en escena, cumpliendo a cabalidad con el objetivo de este festival.<\/p>\n\n\n\n<p>De igual forma, extendi\u00f3 sus felicitaciones a los miembros del comit\u00e9 organizador y a los colaboradores del Ministerio de Cultura y sus dependencias, quienes, con denodado esfuerzo, trabajo, responsabilidad y dedicaci\u00f3n hicieron realidad esta exitosa edici\u00f3n del FITE, luego de siete a\u00f1os de pausa.<\/p>\n\n\n\n<p>El funcionario reiter\u00f3 el compromiso de la actual gesti\u00f3n con la descentralizaci\u00f3n de la cultura al se\u00f1alar que la celebraci\u00f3n del FITE RD 2023 en Santiago de los Caballeros y otras localidades responde a una clara y definida pol\u00edtica del Gobierno en ese \u00e1mbito.<\/p>\n\n\n\n<p>Este gran evento, que se desarroll\u00f3 del 20 al 30 de octubre, tuvo como sede la ciudad de Santiago de los Caballeros, siendo la primera vez que lo hace fuera de la ciudad capital, y tambi\u00e9n ofreci\u00f3 funciones en San Jos\u00e9 de las Matas, Bonao y Santo Domingo, lo que supone un hito en la historia del festival.<\/p>\n\n\n\n<p>En la presente edici\u00f3n del FITE RD, Colombia fue el pa\u00eds invitado de honor y el colectivo teatral colombiano Matacandelas, grupo de gran prestigio internacional, fue el invitado especial. Esta importante compa\u00f1\u00eda fue objeto de reconocimiento por parte del Ministerio de Cultura por su labor y aportes al teatro a escala mundial.<\/p>\n\n\n\n<p>Asimismo, Karina Noble, destacada actriz dominicana, y Mario Ernesto S\u00e1nchez, actor, director teatral y dramaturgo cubano-estadounidense, recibieron las dedicatorias nacional e internacional, respectivamente, del festival.<\/p>\n\n\n\n<p>Al acto de clausura concurrieron personalidades de los \u00e1mbitos cultural, social, econ\u00f3mico y pol\u00edtico de Santiago.<\/p>\n\n\n\n<p><strong>Comit\u00e9 organizador<\/strong><\/p>\n\n\n\n<p>Giovanny Cruz presidi\u00f3 el comit\u00e9 organizador del XI FITE RD 2023, el cual estaba integrado por Freddy Ginebra, coordinador de participaci\u00f3n de compa\u00f1\u00edas de teatro internacionales; Robinson Aybar, director del Centro Cultural Ercilia Pep\u00edn de Santiago de los Caballeros, y Juana Mar\u00eda (Chiqui) Checo, directora del Gran Teatro del Cibao.<\/p>\n\n\n\n<p>Tambi\u00e9n formaron parte de dicho comit\u00e9 Sergio Acosta, director de la Escuela de Bellas Artes de Santiago; Yanilsa Cruz, directora de Cultura de la Alcald\u00eda de Santiago de los Caballeros, y Anny Samir, representante del sector teatral independiente.<\/p>\n\n\n\n<p>Ministerio de Cultura de la Rep\u00fablica Dominicana<a target=\"_blank\" href=\"mailto:prensa@cultura.gob.do\" rel=\"noreferrer noopener\">prensa@cultura.gob.do<\/a><\/p>\n","protected":false},"excerpt":{"rendered":"<p>Al acto de clausura concurrieron personalidades de los \u00e1mbitos cultural social econ\u00f3mico y pol\u00edtico de Santiago.- Santiago, RD.\u2013 A casa llena fue presentada la \u00faltima funci\u00f3n de \u201cEl hijo del sol: historia de un principito\u201d en la sala Restauraci\u00f3n del Gran Teatro del Cibao, a cargo del Teatro Rodante Dominicano, producci\u00f3n que cerr\u00f3 el XI [&hellip;]<\/p>\n","protected":false},"author":28,"featured_media":484976,"comment_status":"closed","ping_status":"","sticky":true,"template":"","format":"standard","meta":{"footnotes":""},"categories":[21,36,27,32],"tags":[],"class_list":["post-484975","post","type-post","status-publish","format-standard","has-post-thumbnail","hentry","category-cultura","category-hombresmujeresycosas","category-portada","category-turismo"],"_links":{"self":[{"href":"https:\/\/diariodominicano.com\/index.php?rest_route=\/wp\/v2\/posts\/484975","targetHints":{"allow":["GET"]}}],"collection":[{"href":"https:\/\/diariodominicano.com\/index.php?rest_route=\/wp\/v2\/posts"}],"about":[{"href":"https:\/\/diariodominicano.com\/index.php?rest_route=\/wp\/v2\/types\/post"}],"author":[{"embeddable":true,"href":"https:\/\/diariodominicano.com\/index.php?rest_route=\/wp\/v2\/users\/28"}],"replies":[{"embeddable":true,"href":"https:\/\/diariodominicano.com\/index.php?rest_route=%2Fwp%2Fv2%2Fcomments&post=484975"}],"version-history":[{"count":4,"href":"https:\/\/diariodominicano.com\/index.php?rest_route=\/wp\/v2\/posts\/484975\/revisions"}],"predecessor-version":[{"id":484982,"href":"https:\/\/diariodominicano.com\/index.php?rest_route=\/wp\/v2\/posts\/484975\/revisions\/484982"}],"wp:featuredmedia":[{"embeddable":true,"href":"https:\/\/diariodominicano.com\/index.php?rest_route=\/wp\/v2\/media\/484976"}],"wp:attachment":[{"href":"https:\/\/diariodominicano.com\/index.php?rest_route=%2Fwp%2Fv2%2Fmedia&parent=484975"}],"wp:term":[{"taxonomy":"category","embeddable":true,"href":"https:\/\/diariodominicano.com\/index.php?rest_route=%2Fwp%2Fv2%2Fcategories&post=484975"},{"taxonomy":"post_tag","embeddable":true,"href":"https:\/\/diariodominicano.com\/index.php?rest_route=%2Fwp%2Fv2%2Ftags&post=484975"}],"curies":[{"name":"wp","href":"https:\/\/api.w.org\/{rel}","templated":true}]}}