{"id":484961,"date":"2023-10-31T01:13:00","date_gmt":"2023-10-31T05:13:00","guid":{"rendered":"http:\/\/diariodominicano.com\/?p=484961"},"modified":"2023-10-31T01:18:43","modified_gmt":"2023-10-31T05:18:43","slug":"psicologa-clinica-sandra-fernandez-orientara-familias-en-busca-de-equilibrio-y-armonia","status":"publish","type":"post","link":"https:\/\/diariodominicano.com\/?p=484961","title":{"rendered":"Psic\u00f3loga cl\u00ednica Sandra Fern\u00e1ndez orientar\u00e1 familias en busca de equilibrio y armon\u00eda"},"content":{"rendered":"\n<p>Sandra Fern\u00e1ndez<\/p>\n\n\n\n<p><em>La profesional de la conducta impartir\u00e1 la conferencia \u201cVida en equilibrio, familia en armon\u00eda\u201d,<\/em>  <em>el mi\u00e9rcoles 8 de noviembre a las 6:00 de la tarde en Casa San Pablo.<\/em><\/p>\n\n\n\n<p><strong>Santo Domingo, Rep\u00fablica Dominicana<\/strong>.-&nbsp;&nbsp;La vida en equilibrio se refiere a la b\u00fasqueda y el mantenimiento de un estado de armon\u00eda y bienestar en diferentes aspectos, como el trabajo, la familia, la salud y el tiempo personal, entre otros.<\/p>\n\n\n\n<figure class=\"wp-block-image size-large\"><img loading=\"lazy\" decoding=\"async\" width=\"1024\" height=\"512\" src=\"https:\/\/diariodominicano.com\/wp-content\/uploads\/2023\/10\/Imagen-de-Ralf-Kunze-en-Pixabay-1-1024x512.jpg\" alt=\"\" class=\"wp-image-484965\" srcset=\"https:\/\/diariodominicano.com\/wp-content\/uploads\/2023\/10\/Imagen-de-Ralf-Kunze-en-Pixabay-1-1024x512.jpg 1024w, https:\/\/diariodominicano.com\/wp-content\/uploads\/2023\/10\/Imagen-de-Ralf-Kunze-en-Pixabay-1-300x150.jpg 300w, https:\/\/diariodominicano.com\/wp-content\/uploads\/2023\/10\/Imagen-de-Ralf-Kunze-en-Pixabay-1-768x384.jpg 768w, https:\/\/diariodominicano.com\/wp-content\/uploads\/2023\/10\/Imagen-de-Ralf-Kunze-en-Pixabay-1-816x408.jpg 816w, https:\/\/diariodominicano.com\/wp-content\/uploads\/2023\/10\/Imagen-de-Ralf-Kunze-en-Pixabay-1-400x200.jpg 400w, https:\/\/diariodominicano.com\/wp-content\/uploads\/2023\/10\/Imagen-de-Ralf-Kunze-en-Pixabay-1.jpg 1280w\" sizes=\"auto, (max-width: 1024px) 100vw, 1024px\" \/><figcaption>Imagen de Ralf Kunze en Pixabay <\/figcaption><\/figure>\n\n\n\n<p>Cuando las personas logran equilibrar estas \u00e1reas, experimentan un mayor nivel de satisfacci\u00f3n y felicidad en su vida, explica la psic\u00f3loga cl\u00ednica Sandra Fern\u00e1ndez.<\/p>\n\n\n\n<p>Pero,&nbsp;\u00bfA cu\u00e1les dimensiones de la vida debemos prestar atenci\u00f3n para lograr el equilibrio?,&nbsp;&nbsp;\u00bfc\u00f3mo afecta el equilibrio personal en una familia en armon\u00eda?, \u00bfincide el equilibrio personal de los padres en el adecuado neurodesarrollo de los hijos?, \u00bftienen los trastornos una edad para su aparici\u00f3n?<\/p>\n\n\n\n<p>Si en alg\u00fan momento se ha hecho alguna de estas preguntas, Fern\u00e1ndez le ofrecer\u00e1 respuestas durante la conferencia \u201cVida en equilibrio, familia en armon\u00eda\u201d que dictar\u00e1 el pr\u00f3ximo 8 de noviembre a las 6:00 de la tarde en el sal\u00f3n de Rollos de Casa San Pablo.<\/p>\n\n\n\n<figure class=\"wp-block-image size-large\"><img loading=\"lazy\" decoding=\"async\" width=\"1024\" height=\"864\" src=\"https:\/\/diariodominicano.com\/wp-content\/uploads\/2023\/10\/Imagen-de-Rudy-Anderson-en-Pixabay-1024x864.jpg\" alt=\"\" class=\"wp-image-484967\" srcset=\"https:\/\/diariodominicano.com\/wp-content\/uploads\/2023\/10\/Imagen-de-Rudy-Anderson-en-Pixabay-1024x864.jpg 1024w, https:\/\/diariodominicano.com\/wp-content\/uploads\/2023\/10\/Imagen-de-Rudy-Anderson-en-Pixabay-300x253.jpg 300w, https:\/\/diariodominicano.com\/wp-content\/uploads\/2023\/10\/Imagen-de-Rudy-Anderson-en-Pixabay-768x648.jpg 768w, https:\/\/diariodominicano.com\/wp-content\/uploads\/2023\/10\/Imagen-de-Rudy-Anderson-en-Pixabay-816x689.jpg 816w, https:\/\/diariodominicano.com\/wp-content\/uploads\/2023\/10\/Imagen-de-Rudy-Anderson-en-Pixabay.jpg 1280w\" sizes=\"auto, (max-width: 1024px) 100vw, 1024px\" \/><figcaption>Imagen de Rudy Anderson en Pixabay<\/figcaption><\/figure>\n\n\n\n<p>La profesional de la conducta tambi\u00e9n compartir\u00e1 ejercicios que ayudar\u00e1n a conocer las respuestas a estas y otras muchas interrogantes, al participar como oradora invitada de la asociaci\u00f3n sin fines de lucro Gesti\u00f3n Integral de Salud y Educaci\u00f3n de la Familia (Gisef), en su octava conferencia anual con motivo del Mes de la Familia.<\/p>\n\n\n\n<p>\u201cPara nadie es un secreto que una vez que formamos hogar, tenemos hijos, trabajamos y otras tantas actividades de esta nueva realidad, la vida nos da un vuelco que trae consigo incertidumbres y algunos temores sobre si podremos lograr hacerlo bien, poniendo en duda, en ocasiones, nuestras propias capacidades\u201d, reflexiona la profesional de la conducta.<\/p>\n\n\n\n<figure class=\"wp-block-image size-large\"><img loading=\"lazy\" decoding=\"async\" width=\"1024\" height=\"463\" src=\"https:\/\/diariodominicano.com\/wp-content\/uploads\/2023\/10\/Imagen-de-Elias-en-Pixabay-1024x463.jpg\" alt=\"\" class=\"wp-image-484969\" srcset=\"https:\/\/diariodominicano.com\/wp-content\/uploads\/2023\/10\/Imagen-de-Elias-en-Pixabay-1024x463.jpg 1024w, https:\/\/diariodominicano.com\/wp-content\/uploads\/2023\/10\/Imagen-de-Elias-en-Pixabay-300x136.jpg 300w, https:\/\/diariodominicano.com\/wp-content\/uploads\/2023\/10\/Imagen-de-Elias-en-Pixabay-768x347.jpg 768w, https:\/\/diariodominicano.com\/wp-content\/uploads\/2023\/10\/Imagen-de-Elias-en-Pixabay-816x369.jpg 816w, https:\/\/diariodominicano.com\/wp-content\/uploads\/2023\/10\/Imagen-de-Elias-en-Pixabay.jpg 1280w\" sizes=\"auto, (max-width: 1024px) 100vw, 1024px\" \/><figcaption>Imagen de Elias en Pixabay<\/figcaption><\/figure>\n\n\n\n<p>Refiere que la familia es una ecuaci\u00f3n que no admite divisiones, un escenario donde cada miembro es protagonista, sin embargo, los padres son los guionistas y directores adem\u00e1s.&nbsp;<\/p>\n\n\n\n<p>\u201cAunque pocas veces celebramos los logros, siempre hacemos el duelo por los fracasos, cosa que no parece justa a simple lectura\u201d, advierte la psic\u00f3loga cl\u00ednica, al motivar a los padres e hijos a participar juntos en esta jornada de orientaci\u00f3n.<\/p>\n\n\n\n<p><strong>Acci\u00f3n social<\/strong><\/p>\n\n\n\n<p>Yosarah Fern\u00e1ndez, directora ejecutiva de Gisef, record\u00f3 que la organizaci\u00f3n realiza esta conferencia anual pro fondos para sus programas de acci\u00f3n social, y que en esta oportunidad, que marca el regreso a la presencialidad luego de tres a\u00f1os de virtualidad, la colaboraci\u00f3n es de RD$500.00.<\/p>\n\n\n\n<p>En esta ocasi\u00f3n, en el marco de la conferencia, habr\u00e1 un bazar de emprendedores a partir de las 4:00 p. m., dijo.<\/p>\n\n\n\n<p>Gisef dispone de la cuenta corriente Banreservas 6600000850, para recibir los aportes. Cada persona debe identificar su contribuci\u00f3n colocando su nombre en la transferencia o enviando el comprobante de la transacci\u00f3n al correo&nbsp;<a href=\"mailto:soportegisef@gmail.com\" target=\"_blank\" rel=\"noreferrer noopener\">soportegisef@gmail.com<\/a>&nbsp;o al WhatsApp 809-412-7766.<\/p>\n\n\n\n<p>Para m\u00e1s informaci\u00f3n, los interesados pueden escribir o llamar al referido n\u00famero telef\u00f3nico y v\u00eda correo electr\u00f3nico o mensaje directo a trav\u00e9s de las cuentas de Instagram o Facebook de la fundaci\u00f3n, @gisefrd\u201d.<\/p>\n\n\n\n<p>Esta octava edici\u00f3n de la conferencia anual de Gisef con motivo del Mes de la Familia cuenta con el apoyo de la firma consultora Expertisa, Banco BHD, Tribunal Constitucional, Humano Seguros, Fundaci\u00f3n Gente Positiva (Fungepo), la revista digital Con Sentido Social y el Instituto Regional Psico-Educativo Resil, entre otros importantes colaboradores corporativos e individuales, a quienes Yosarah Fern\u00e1ndez expres\u00f3 su agradecimiento.<\/p>\n\n\n\n<p><strong>Mes de la Familia<\/strong><\/p>\n\n\n\n<p>Como parte de su programa&nbsp;<strong>Familia Sana<\/strong>, desde hace<strong>&nbsp;<\/strong>ocho&nbsp;a\u00f1os Gisef organiza una conferencia para conmemorar en noviembre el&nbsp;<strong>Mes de la Familia<\/strong>&nbsp;con el objetivo de contribuir al fortalecimiento de este n\u00facleo social, en el marco de lo establecido por el Poder Ejecutivo mediante decreto n\u00famero&nbsp;1656 dado en el a\u00f1o 1971.<\/p>\n\n\n\n<figure class=\"wp-block-image size-large\"><img loading=\"lazy\" decoding=\"async\" width=\"682\" height=\"1024\" src=\"https:\/\/diariodominicano.com\/wp-content\/uploads\/2023\/10\/Imagen-de-ha11ok-en-Pixabay-682x1024.jpg\" alt=\"\" class=\"wp-image-484971\" srcset=\"https:\/\/diariodominicano.com\/wp-content\/uploads\/2023\/10\/Imagen-de-ha11ok-en-Pixabay-682x1024.jpg 682w, https:\/\/diariodominicano.com\/wp-content\/uploads\/2023\/10\/Imagen-de-ha11ok-en-Pixabay-200x300.jpg 200w, https:\/\/diariodominicano.com\/wp-content\/uploads\/2023\/10\/Imagen-de-ha11ok-en-Pixabay-768x1152.jpg 768w, https:\/\/diariodominicano.com\/wp-content\/uploads\/2023\/10\/Imagen-de-ha11ok-en-Pixabay-816x1224.jpg 816w, https:\/\/diariodominicano.com\/wp-content\/uploads\/2023\/10\/Imagen-de-ha11ok-en-Pixabay.jpg 853w\" sizes=\"auto, (max-width: 682px) 100vw, 682px\" \/><figcaption>Imagen de ha11ok en Pixabay<\/figcaption><\/figure>\n\n\n\n<p>Las conferencias anteriores han sido&nbsp;<strong><em>Salud mental y familia: el gran desaf\u00edo post-pandemia<\/em><\/strong>, dictada por el doctor \u00c1ngel Alm\u00e1nzar, psiquiatra\/psic\u00f3logo;&nbsp;<strong><em>Redes, emprendimiento y familia<\/em><\/strong>&nbsp;a cargo de Edgar Arguello, mercad\u00f3logo;&nbsp;<strong><em>Sana convivencia en la covidianidad<\/em><\/strong>, con la participaci\u00f3n de la doctora Emma Guzm\u00e1n, psiquiatra y las psic\u00f3logas Sandra Fern\u00e1ndez y Yosarah Olivo, y&nbsp;<strong><em>Organizaci\u00f3n financiera enfocada en la familia<\/em>,<\/strong>&nbsp;con Pamela Pichardo, mercad\u00f3loga, especialista en educaci\u00f3n financiera.<\/p>\n\n\n\n<p>Asimismo,&nbsp;<strong><em>Familias sanas, rompiendo paradigmas<\/em><\/strong>, ofrecida por Emma Fern\u00e1ndez, \u201cLa Magister\u201d;&nbsp;<strong><em>Panel Alertas tempranas, familias fuertes<\/em><\/strong>, integrado por&nbsp;Denys Trinidad Florentino, psic\u00f3loga cl\u00ednica y educadora; Neskys Liriano, ingeniera de sistemas y educadora; Ysabel D\u00edaz, m\u00e9dico y docente, especialista en terapia familiar y comunitaria, y el joven soci\u00f3logo Gregory Garc\u00eda, con la moderaci\u00f3n de Sandra Fern\u00e1ndez, y&nbsp;<strong><em>Creando relaciones de confianza padres e hijos<\/em><\/strong>, dictada por Sandra Fern\u00e1ndez, psic\u00f3loga cl\u00ednica.<\/p>\n\n\n\n<p><strong>Sobre Gisef<\/strong><\/p>\n\n\n\n<p>Fundada en 2005 e incorporada por la Procuradur\u00eda General de la Rep\u00fablica en 2006, Gisef es\u00a0una instituci\u00f3n no gubernamental, sin fines de lucro,\u00a0cuyo objetivo principal es elevar la calidad de vida de familias vulnerables a trav\u00e9s de proyectos integrales en las \u00e1reas de salud y medio ambiente, educaci\u00f3n, generaci\u00f3n\u00a0de ingresos, acceso a las tecnolog\u00edas de informaci\u00f3n y recreaci\u00f3n, para propiciar oportunidades de desarrollo de forma m\u00e1s justa y equitativa a cada uno de sus miembros. M\u00e1s informaci\u00f3n en\u00a0<a rel=\"noreferrer noopener\" href=\"http:\/\/www.gisef.org\/\" target=\"_blank\">www.gisef.org<\/a>.<\/p>\n\n\n\n<p>Yosarah Fern\u00e1ndez<a target=\"_blank\" href=\"mailto:yosarahfernandez@gmail.com\" rel=\"noreferrer noopener\">yosarahfernandez@gmail.com<\/a><\/p>\n","protected":false},"excerpt":{"rendered":"<p>Sandra Fern\u00e1ndez La profesional de la conducta impartir\u00e1 la conferencia \u201cVida en equilibrio, familia en armon\u00eda\u201d, el mi\u00e9rcoles 8 de noviembre a las 6:00 de la tarde en Casa San Pablo. Santo Domingo, Rep\u00fablica Dominicana.-&nbsp;&nbsp;La vida en equilibrio se refiere a la b\u00fasqueda y el mantenimiento de un estado de armon\u00eda y bienestar en diferentes [&hellip;]<\/p>\n","protected":false},"author":28,"featured_media":484962,"comment_status":"closed","ping_status":"","sticky":true,"template":"","format":"standard","meta":{"footnotes":""},"categories":[36,25,27,32],"tags":[],"class_list":["post-484961","post","type-post","status-publish","format-standard","has-post-thumbnail","hentry","category-hombresmujeresycosas","category-gente","category-portada","category-turismo"],"_links":{"self":[{"href":"https:\/\/diariodominicano.com\/index.php?rest_route=\/wp\/v2\/posts\/484961","targetHints":{"allow":["GET"]}}],"collection":[{"href":"https:\/\/diariodominicano.com\/index.php?rest_route=\/wp\/v2\/posts"}],"about":[{"href":"https:\/\/diariodominicano.com\/index.php?rest_route=\/wp\/v2\/types\/post"}],"author":[{"embeddable":true,"href":"https:\/\/diariodominicano.com\/index.php?rest_route=\/wp\/v2\/users\/28"}],"replies":[{"embeddable":true,"href":"https:\/\/diariodominicano.com\/index.php?rest_route=%2Fwp%2Fv2%2Fcomments&post=484961"}],"version-history":[{"count":8,"href":"https:\/\/diariodominicano.com\/index.php?rest_route=\/wp\/v2\/posts\/484961\/revisions"}],"predecessor-version":[{"id":484974,"href":"https:\/\/diariodominicano.com\/index.php?rest_route=\/wp\/v2\/posts\/484961\/revisions\/484974"}],"wp:featuredmedia":[{"embeddable":true,"href":"https:\/\/diariodominicano.com\/index.php?rest_route=\/wp\/v2\/media\/484962"}],"wp:attachment":[{"href":"https:\/\/diariodominicano.com\/index.php?rest_route=%2Fwp%2Fv2%2Fmedia&parent=484961"}],"wp:term":[{"taxonomy":"category","embeddable":true,"href":"https:\/\/diariodominicano.com\/index.php?rest_route=%2Fwp%2Fv2%2Fcategories&post=484961"},{"taxonomy":"post_tag","embeddable":true,"href":"https:\/\/diariodominicano.com\/index.php?rest_route=%2Fwp%2Fv2%2Ftags&post=484961"}],"curies":[{"name":"wp","href":"https:\/\/api.w.org\/{rel}","templated":true}]}}