{"id":48496,"date":"2020-10-22T13:18:59","date_gmt":"2020-10-22T13:18:59","guid":{"rendered":"http:\/\/diariodominicano.ddns.net\/?p=48496"},"modified":"2020-10-22T13:18:59","modified_gmt":"2020-10-22T13:18:59","slug":"presidente-abinader-busca-fomentar-empleo-de-calidad","status":"publish","type":"post","link":"https:\/\/diariodominicano.com\/?p=48496","title":{"rendered":"Presidente Abinader busca fomentar empleo de calidad"},"content":{"rendered":"<p><body><\/p>\n<p><img decoding=\"async\" src=\"img3\/AbinaderINFOTEP22-10-20.jpeg\" \/>  <\/p>\n<p><span class=\"text1noticias\">diariodominicano.com<\/span><\/p>\n<p><span class=\"text1noticias\"> <\/span><\/p>\n<p><span class=\"text1noticias\">Santo Domingo, R. D., 22 de octubre, 2020.- El presidente Luis Abinader se reuni\u00f3 ayer con representantes de las centrales sindicales, el Instituto Nacional de Formaci\u00f3n T\u00e9cnico Profesional (INFOTEP) y el Ministerio de Trabajo y, entre otros temas, ponderaron la necesidad de incrementar la cualificaci\u00f3n de los trabajadores del pa\u00eds. <\/span><\/p>\n<p><span class=\"text1noticias\"> <\/span><\/p>\n<p><span class=\"text1noticias\">En la reuni\u00f3n, Abinader expres\u00f3 su empe\u00f1o en fomentar el empleo de calidad y en implementar pol\u00edticas p\u00fablicas que contribuyan a elevar el poder  adquisitivo, a fin de mejorar las condiciones de los trabajadores dominicanos. <\/span><\/p>\n<p><span class=\"text1noticias\"> <\/span><\/p>\n<p><span class=\"text1noticias\">All\u00ed el director general del INFOTEP, Rafael Santos Bad\u00eda, ofreci\u00f3 detalles de los programas de capacitaci\u00f3n que ofrece la instituci\u00f3n en \u00e1reas importantes para el desarrollo econ\u00f3mico del pa\u00eds y en especial para elevar la calificaci\u00f3n de los trabajadores. <\/span><\/p>\n<p><span class=\"text1noticias\"> <\/span><\/p>\n<p><span class=\"text1noticias\">Santos Bad\u00eda dijo que la instituci\u00f3n trabaja con la convicci\u00f3n de que la cualificaci\u00f3n de los trabajadores determinar\u00e1 el futuro del mercado laboral dominicano y especialmente de la poblaci\u00f3n de menos ingresos econ\u00f3micos.  <\/span><\/p>\n<p><span class=\"text1noticias\"> <\/span><\/p>\n<p><span class=\"text1noticias\">Asimismo, en la reuni\u00f3n se habl\u00f3 del rol que juegan las centrales sindicales en la orientaci\u00f3n de los trabajadores para que se capaciten y alcancen las competencias que les permita la movilidad laboral. <\/span><\/p>\n<p><span class=\"text1noticias\"> <\/span><\/p>\n<p><span class=\"text1noticias\">Mientras, los dirigentes sindicales presentes manifestaron su disposici\u00f3n a contribuir para lograr la paz laboral y expresaron la necesidad de que se firme el pacto el\u00e9ctrico.  <\/span><\/p>\n<p><span class=\"text1noticias\"> <\/span><\/p>\n<p><span class=\"text1noticias\">Asistieron los sindicalistas Gabriel del R\u00edo, presidente de la Confederaci\u00f3n Aut\u00f3noma Sindical Clasista (CASC),  y Jacobo Ramos,  presidente de la Central Nacional de Trabajadores Dominicanos (CNTD), ambos representantes del sector laboral en la Junta de Directores del INFOTEP. <\/span><\/p>\n<p><span class=\"text1noticias\"> <\/span><\/p>\n<p><span class=\"text1noticias\">En este encuentro, celebrado en el Palacio Nacional, estuvieron tambi\u00e9n Rafael (Pepe) Abreu, presidente de la Confederaci\u00f3n Nacional de Unidad Sindical (CNUS), y Agust\u00edn Vargas ?Sany\u00e1n-, asesor laboral del Poder Ejecutivo. <\/span><\/p>\n<p><span class=\"text1noticias\"> <\/span><\/p>\n<p><span class=\"text1noticias\">Fuente: Prensa INFOTEP <\/span><\/p>\n<p><span class=\"text1noticias\">Desiree Mart\u00ednez<\/span><\/p>\n<p><span class=\"text1noticias\">Gerente de Comunicaciones y Mercadeo<\/span><\/p>\n<\/p>\n<\/p>\n<h6> 2020-10-22 13:18:59 <\/h6>\n<p><!--\n<link rel=\"stylesheet\" href=\"css\/bootstrap.min.css\">\n\n\n<ul class=\"pagination\">\n\t    \n\t\n\n<li >\n\t<a href='?page_no=122'>Previous<\/a>\n\t<\/li>\n\n\n       \n    \n\n<li><a href='?page_no=1'>1<\/a><\/li>\n\n\n\n<li><a href='?page_no=2'>2<\/a><\/li>\n\n\n\n<li><a>...<\/a><\/li>\n\n\n\n<li><a href='?page_no=121'>121<\/a><\/li>\n\n\n\n<li><a href='?page_no=122'>122<\/a><\/li>\n\n\n\n<li class='active'><a>123<\/a><\/li>\n\n\n\n<li><a href='?page_no=124'>124<\/a><\/li>\n\n\n\n<li><a href='?page_no=125'>125<\/a><\/li>\n\n\n\n<li><a>...<\/a><\/li>\n\n\n\n<li><a href='?page_no=22911'>22911<\/a><\/li>\n\n\n\n<li><a href='?page_no=22912'>22912<\/a><\/li>\n\n    \n\t\n\n<li >\n\t<a href='?page_no=124'>Next<\/a>\n\t<\/li>\n\n\n    \n\n<li><a href='?page_no=22912'>Last &rsaquo;&rsaquo;<\/a><\/li>\n\n<\/ul>\n\n\n--><br \/>\n<\/body><\/p>\n","protected":false},"excerpt":{"rendered":"<p>diariodominicano.com Santo Domingo, R. D., 22 de octubre, 2020.- El presidente Luis Abinader se reuni\u00f3 ayer con representantes de las centrales sindicales, el Instituto Nacional de Formaci\u00f3n T\u00e9cnico Profesional (INFOTEP) y el Ministerio de Trabajo y, entre otros temas, ponderaron la necesidad de incrementar la cualificaci\u00f3n de los trabajadores del pa\u00eds. En la reuni\u00f3n, Abinader [&hellip;]<\/p>\n","protected":false},"author":3,"featured_media":0,"comment_status":"open","ping_status":"open","sticky":false,"template":"","format":"standard","meta":{"footnotes":""},"categories":[21],"tags":[],"class_list":["post-48496","post","type-post","status-publish","format-standard","hentry","category-cultura"],"_links":{"self":[{"href":"https:\/\/diariodominicano.com\/index.php?rest_route=\/wp\/v2\/posts\/48496","targetHints":{"allow":["GET"]}}],"collection":[{"href":"https:\/\/diariodominicano.com\/index.php?rest_route=\/wp\/v2\/posts"}],"about":[{"href":"https:\/\/diariodominicano.com\/index.php?rest_route=\/wp\/v2\/types\/post"}],"author":[{"embeddable":true,"href":"https:\/\/diariodominicano.com\/index.php?rest_route=\/wp\/v2\/users\/3"}],"replies":[{"embeddable":true,"href":"https:\/\/diariodominicano.com\/index.php?rest_route=%2Fwp%2Fv2%2Fcomments&post=48496"}],"version-history":[{"count":0,"href":"https:\/\/diariodominicano.com\/index.php?rest_route=\/wp\/v2\/posts\/48496\/revisions"}],"wp:attachment":[{"href":"https:\/\/diariodominicano.com\/index.php?rest_route=%2Fwp%2Fv2%2Fmedia&parent=48496"}],"wp:term":[{"taxonomy":"category","embeddable":true,"href":"https:\/\/diariodominicano.com\/index.php?rest_route=%2Fwp%2Fv2%2Fcategories&post=48496"},{"taxonomy":"post_tag","embeddable":true,"href":"https:\/\/diariodominicano.com\/index.php?rest_route=%2Fwp%2Fv2%2Ftags&post=48496"}],"curies":[{"name":"wp","href":"https:\/\/api.w.org\/{rel}","templated":true}]}}