{"id":484841,"date":"2023-10-30T22:21:43","date_gmt":"2023-10-31T02:21:43","guid":{"rendered":"http:\/\/diariodominicano.com\/?p=484841"},"modified":"2023-10-30T22:27:29","modified_gmt":"2023-10-31T02:27:29","slug":"ciclistas-paralimpicos-dominicanos-se-destacan-en-brasil","status":"publish","type":"post","link":"https:\/\/diariodominicano.com\/?p=484841","title":{"rendered":"Ciclistas paral\u00edmpicos dominicanos se destacan en Brasil"},"content":{"rendered":"\n<p>  El entrenador Reison Yovannil Feliz (centro) posa con Jos\u00e9 Frank Rodr\u00edguez y Rodolfo Puello Mercedes, tras \u00e9stos concluir, tercero y quinto, respectivamente, en la Copa Paral\u00edmpica de Brasil que se disput\u00f3 en la prefectura de Minas, en ese pa\u00eds sudamericano. <\/p>\n\n\n\n<figure class=\"wp-block-image size-full\"><img loading=\"lazy\" decoding=\"async\" width=\"974\" height=\"797\" src=\"https:\/\/diariodominicano.com\/wp-content\/uploads\/2023\/10\/PARALIMPICOS-PODIO-Jose-Frank-Rodriguez-Lauro-Maduro-1.jpg\" alt=\"\" class=\"wp-image-484848\" srcset=\"https:\/\/diariodominicano.com\/wp-content\/uploads\/2023\/10\/PARALIMPICOS-PODIO-Jose-Frank-Rodriguez-Lauro-Maduro-1.jpg 974w, https:\/\/diariodominicano.com\/wp-content\/uploads\/2023\/10\/PARALIMPICOS-PODIO-Jose-Frank-Rodriguez-Lauro-Maduro-1-300x245.jpg 300w, https:\/\/diariodominicano.com\/wp-content\/uploads\/2023\/10\/PARALIMPICOS-PODIO-Jose-Frank-Rodriguez-Lauro-Maduro-1-768x628.jpg 768w, https:\/\/diariodominicano.com\/wp-content\/uploads\/2023\/10\/PARALIMPICOS-PODIO-Jose-Frank-Rodriguez-Lauro-Maduro-1-816x668.jpg 816w\" sizes=\"auto, (max-width: 974px) 100vw, 974px\" \/><figcaption> El dominicano Jos\u00e9 Frank Rodr\u00edguez (izquierda) obtuvo la medalla de plata (categor\u00eda MC5) en la Copa Paral\u00edmpica disputada en la prefectura brasile\u00f1a de Minas. Les acompa\u00f1an en el podio Lauro C\u00e9sar Mouro Chaman (oro) e Ilano De Sousa Couto (bronce). <\/figcaption><\/figure>\n\n\n\n<p>SANTO DOMINGO, RD.- Los pedalistas dominicanos Jos\u00e9 Frank Rodr\u00edguez y Rodolfo Puello Mercedes tuvieron una destacada actuaci\u00f3n en el circuito correspondiente a la III Copa Mundial de Paraciclismo Brasil 2023, que se llev\u00f3 a cabo este fin de semana en la prefectura de Minas, y en la que participaron 15 pa\u00edses continentales.<\/p>\n\n\n\n<p>El capitalino Jos\u00e9 Frank Rodr\u00edguez obtuvo la medalla de plata de la categor\u00eda MC5 al ubicarse en el escal\u00f3n n\u00famero dos del podio, detr\u00e1s del cinco veces campe\u00f3n mundial y tres veces medallista de oro ol\u00edmpico, el brasile\u00f1o Lauro C\u00e9sar Mouro Chaman, y por delante del tambi\u00e9n carioca Ilano De Sousa Couto.<\/p>\n\n\n\n<p>Mientras que el romanense Rodolfo Puello Mercedes fue sexto tras una magistral direcci\u00f3n y estrategia del reconocido entrenador Reison Yovannil Feliz. Wesley Gomes Da Conceicao y Keinre Pereira Dias precedieron al Osiris en la clasificaci\u00f3n final.<\/p>\n\n\n\n<p>En ese sentido, El Furg\u00f3n Feliz, en entrevista realizada por Mart\u00edn Olivo, declar\u00f3 a la prensa que debido a \u00ablos tropiezos e inconvenientes que tuvimos para participar en Brasil, mis pupilos tuvieron que hacer esfuerzos econ\u00f3micos para su equipamiento y abastecimientos\u201d.<\/p>\n\n\n\n<p>Feliz record\u00f3 que Rep\u00fablica Dominicana cuenta con Rodr\u00edguez para los Juegos Paraol\u00edmpicos de Par\u00eds 2024 (Francia). En tanto, que para Chile 2023, adem\u00e1s de Jos\u00e9 Frank, tambi\u00e9n est\u00e1n Osiris Mercedes y Rodny Minier Castillo, este \u00faltimo se encuentra entrenando en el extranjero.<\/p>\n\n\n\n<p>\u00abAunque tuvimos varios contratiempos, pudimos participar y lograr estos buenos resultados. A tal punto que hemos sido felicitados por&nbsp; varios dirigentes del Comit\u00e9 Paral\u00edmpico Internacional y la Uni\u00f3n Ciclista Internacional (UCI)\u00bb, sostuvo el reconocido director deportivo.<\/p>\n\n\n\n<p>Detall\u00f3 que en los \u00faltimos 12 a\u00f1os, la delegaci\u00f3n paral\u00edmpica criolla ha obtenido varias medallas como la plata en Guadalajara (M\u00e9xico), bronce con Minier y bronce en Canad\u00e1 con Jos\u00e9 Frank Rodr\u00edguez.<\/p>\n\n\n\n<p>Indic\u00f3 que su pr\u00f3ximo compromiso ser\u00e1n los Juegos Parapanamericanos Chile 2023 para lo que esperan el apoyo de la Federaci\u00f3n Dominicana de Ciclismo (FEDOCI), el Comit\u00e9 Paral\u00edmpico Dominicano (COPADOM), el Ministerio de Deportes y Recreaci\u00f3n (MIDEREC) y el Comit\u00e9 Ol\u00edmpico Dominicano (COD-Molivo Press).<\/p>\n\n\n\n<p>Ramonmart\u00edn Olivo<a target=\"_blank\" href=\"mailto:ramonmartinolivo@yahoo.es\" rel=\"noreferrer noopener\">ramonmartinolivo@yahoo.es<\/a><\/p>\n","protected":false},"excerpt":{"rendered":"<p>El entrenador Reison Yovannil Feliz (centro) posa con Jos\u00e9 Frank Rodr\u00edguez y Rodolfo Puello Mercedes, tras \u00e9stos concluir, tercero y quinto, respectivamente, en la Copa Paral\u00edmpica de Brasil que se disput\u00f3 en la prefectura de Minas, en ese pa\u00eds sudamericano. SANTO DOMINGO, RD.- Los pedalistas dominicanos Jos\u00e9 Frank Rodr\u00edguez y Rodolfo Puello Mercedes tuvieron una [&hellip;]<\/p>\n","protected":false},"author":28,"featured_media":484847,"comment_status":"closed","ping_status":"","sticky":true,"template":"","format":"standard","meta":{"footnotes":""},"categories":[17,27,32],"tags":[],"class_list":["post-484841","post","type-post","status-publish","format-standard","has-post-thumbnail","hentry","category-deportes","category-portada","category-turismo"],"_links":{"self":[{"href":"https:\/\/diariodominicano.com\/index.php?rest_route=\/wp\/v2\/posts\/484841","targetHints":{"allow":["GET"]}}],"collection":[{"href":"https:\/\/diariodominicano.com\/index.php?rest_route=\/wp\/v2\/posts"}],"about":[{"href":"https:\/\/diariodominicano.com\/index.php?rest_route=\/wp\/v2\/types\/post"}],"author":[{"embeddable":true,"href":"https:\/\/diariodominicano.com\/index.php?rest_route=\/wp\/v2\/users\/28"}],"replies":[{"embeddable":true,"href":"https:\/\/diariodominicano.com\/index.php?rest_route=%2Fwp%2Fv2%2Fcomments&post=484841"}],"version-history":[{"count":5,"href":"https:\/\/diariodominicano.com\/index.php?rest_route=\/wp\/v2\/posts\/484841\/revisions"}],"predecessor-version":[{"id":484850,"href":"https:\/\/diariodominicano.com\/index.php?rest_route=\/wp\/v2\/posts\/484841\/revisions\/484850"}],"wp:featuredmedia":[{"embeddable":true,"href":"https:\/\/diariodominicano.com\/index.php?rest_route=\/wp\/v2\/media\/484847"}],"wp:attachment":[{"href":"https:\/\/diariodominicano.com\/index.php?rest_route=%2Fwp%2Fv2%2Fmedia&parent=484841"}],"wp:term":[{"taxonomy":"category","embeddable":true,"href":"https:\/\/diariodominicano.com\/index.php?rest_route=%2Fwp%2Fv2%2Fcategories&post=484841"},{"taxonomy":"post_tag","embeddable":true,"href":"https:\/\/diariodominicano.com\/index.php?rest_route=%2Fwp%2Fv2%2Ftags&post=484841"}],"curies":[{"name":"wp","href":"https:\/\/api.w.org\/{rel}","templated":true}]}}