{"id":48474,"date":"2020-10-22T20:44:45","date_gmt":"2020-10-22T20:44:45","guid":{"rendered":"http:\/\/diariodominicano.ddns.net\/?p=48474"},"modified":"2020-10-22T20:44:45","modified_gmt":"2020-10-22T20:44:45","slug":"rechaza-el-seibo-este-contra-el-presidente-buenaventura-baez","status":"publish","type":"post","link":"https:\/\/diariodominicano.com\/?p=48474","title":{"rendered":"Rechaza El Seibo est\u00e9 contra el presidente Buenaventura B\u00e1ez"},"content":{"rendered":"<p><body><\/p>\n<p><img decoding=\"async\" src=\"img3\/Buenaventura-Baez.jpg\" \/>  <\/p>\n<p>Ex presidente Pedro Sanatana<\/p>\n<p>Rechaza El Seibo est\u00e9 contra el presidente Buenaventura B\u00e1ez<\/p>\n<\/p>\n<p><strong>Pedro Santana EL SEIBO, el  23 de octubre de 1856,<\/strong> el general Pedro Santana, quien ostentaba el t\u00edtulo de General en Jefe de los Ej\u00e9rcitos de la Rep\u00fablica Libertador de la Patria, le comunic\u00f3 al Presidente Buenaventura B\u00e1ez  que es falsa una versi\u00f3n que circul\u00f3 en la ciudad  de Santo Domingo, de que el pueblo de El Seibo estaba levantado contra el Gobierno.<\/p>\n<\/p>\n<p>     Pedro Santana precis\u00f3 al Presidente B\u00e1ez que no hab\u00eda podido determinar su viaje a Santo Domingo, como le hab\u00eda anunciado en una carta anterior, \u00abporque mi estado de salud no me lo ha permitido\u00bb.<\/p>\n<\/p>\n<p>    Anot\u00f3 que la versi\u00f3n de que El Seibo estaba sobre las armas, \u00aby otras muchas noticias falsas que no tienen otro objeto que desconceptuar esta provincia en perjuicio de mi reputaci\u00f3n, me es muy sensible que personas mal intencionadas  se propongan un fin contrario  al buen sentir de una poblaci\u00f3n pac\u00edfica y que goza de una perfecta tranquilidad\u00bb.<\/p>\n<\/p>\n<p>    En la carta el general Pedro Santana llamaba la atenci\u00f3n del Presidente Buenaventura B\u00e1ez, que \u00e9l pod\u00eda vivir satisfecho, ya que \u00abcomo caballero y hombre honrado sabr\u00e9 apreciar en su valor la reconciliaci\u00f3n franca y leal que he aceptado con sinceridad bajo la intervenci\u00f3n de los se\u00f1ores C\u00f3nsules de Espa\u00f1a, Inglaterra y Francia, propuesta por los Representantes de la Naci\u00f3n.<\/p>\n<\/p>\n<p>    Augur\u00f3 que queden en descubierta las malas intenciones de las personas que se dedican a propalar versiones falsas.<\/p>\n<\/p>\n<p>     El general Pedro Santana se despidi\u00f3 en su carta  al Presidente Buenaventura B\u00e1ez de la siguiente manera:<\/p>\n<\/p>\n<p>    \u00abRepito Vuestra Excelencia, que mi compromiso hecho en la reconciliaci\u00f3n sabr\u00e9 guardarlo y respetarlo como un acto s\u00f3lido e inviolable que su principal objeto establece la felicidad de la patria\u00bb. Y le dese\u00f3 felicidad al jefe del Estado.<\/p>\n<\/p>\n<p>   La misiva de Pedro Santana estaba fechada  en El Seibo,  el 23 de octubre de 1856.<\/p>\n<h6> 2020-10-22 20:44:45 <\/h6>\n<p><!--\n<link rel=\"stylesheet\" href=\"css\/bootstrap.min.css\">\n\n\n<ul class=\"pagination\">\n\t    \n\t\n\n<li >\n\t<a href='?page_no=120'>Previous<\/a>\n\t<\/li>\n\n\n       \n    \n\n<li><a href='?page_no=1'>1<\/a><\/li>\n\n\n\n<li><a href='?page_no=2'>2<\/a><\/li>\n\n\n\n<li><a>...<\/a><\/li>\n\n\n\n<li><a href='?page_no=119'>119<\/a><\/li>\n\n\n\n<li><a href='?page_no=120'>120<\/a><\/li>\n\n\n\n<li class='active'><a>121<\/a><\/li>\n\n\n\n<li><a href='?page_no=122'>122<\/a><\/li>\n\n\n\n<li><a href='?page_no=123'>123<\/a><\/li>\n\n\n\n<li><a>...<\/a><\/li>\n\n\n\n<li><a href='?page_no=22911'>22911<\/a><\/li>\n\n\n\n<li><a href='?page_no=22912'>22912<\/a><\/li>\n\n    \n\t\n\n<li >\n\t<a href='?page_no=122'>Next<\/a>\n\t<\/li>\n\n\n    \n\n<li><a href='?page_no=22912'>Last &rsaquo;&rsaquo;<\/a><\/li>\n\n<\/ul>\n\n\n--><br \/>\n<\/body><\/p>\n","protected":false},"excerpt":{"rendered":"<p>Ex presidente Pedro Sanatana Rechaza El Seibo est\u00e9 contra el presidente Buenaventura B\u00e1ez Pedro Santana EL SEIBO, el 23 de octubre de 1856, el general Pedro Santana, quien ostentaba el t\u00edtulo de General en Jefe de los Ej\u00e9rcitos de la Rep\u00fablica Libertador de la Patria, le comunic\u00f3 al Presidente Buenaventura B\u00e1ez que es falsa una [&hellip;]<\/p>\n","protected":false},"author":3,"featured_media":0,"comment_status":"open","ping_status":"open","sticky":false,"template":"","format":"standard","meta":{"footnotes":""},"categories":[21],"tags":[],"class_list":["post-48474","post","type-post","status-publish","format-standard","hentry","category-cultura"],"_links":{"self":[{"href":"https:\/\/diariodominicano.com\/index.php?rest_route=\/wp\/v2\/posts\/48474","targetHints":{"allow":["GET"]}}],"collection":[{"href":"https:\/\/diariodominicano.com\/index.php?rest_route=\/wp\/v2\/posts"}],"about":[{"href":"https:\/\/diariodominicano.com\/index.php?rest_route=\/wp\/v2\/types\/post"}],"author":[{"embeddable":true,"href":"https:\/\/diariodominicano.com\/index.php?rest_route=\/wp\/v2\/users\/3"}],"replies":[{"embeddable":true,"href":"https:\/\/diariodominicano.com\/index.php?rest_route=%2Fwp%2Fv2%2Fcomments&post=48474"}],"version-history":[{"count":0,"href":"https:\/\/diariodominicano.com\/index.php?rest_route=\/wp\/v2\/posts\/48474\/revisions"}],"wp:attachment":[{"href":"https:\/\/diariodominicano.com\/index.php?rest_route=%2Fwp%2Fv2%2Fmedia&parent=48474"}],"wp:term":[{"taxonomy":"category","embeddable":true,"href":"https:\/\/diariodominicano.com\/index.php?rest_route=%2Fwp%2Fv2%2Fcategories&post=48474"},{"taxonomy":"post_tag","embeddable":true,"href":"https:\/\/diariodominicano.com\/index.php?rest_route=%2Fwp%2Fv2%2Ftags&post=48474"}],"curies":[{"name":"wp","href":"https:\/\/api.w.org\/{rel}","templated":true}]}}