{"id":48463,"date":"2020-10-22T20:46:57","date_gmt":"2020-10-22T20:46:57","guid":{"rendered":"http:\/\/diariodominicano.ddns.net\/?p=48463"},"modified":"2020-10-22T20:46:57","modified_gmt":"2020-10-22T20:46:57","slug":"el-ex-presidente-luperon-recibe-a-maximo-gomez","status":"publish","type":"post","link":"https:\/\/diariodominicano.com\/?p=48463","title":{"rendered":"El ex presidente  Luper\u00f3n recibe a M\u00e1ximo G\u00f3mez"},"content":{"rendered":"<p><body><\/p>\n<p><img decoding=\"async\" src=\"img3\/Presidente-Luperon-recibe-a-Maximo-Gomez.jpg\" \/>  <\/p>\n<p><strong>Diariodominicano.com<\/strong><\/p>\n<p><strong>Monumento a M\u00e1ximo G\u00f3mez en la Habana, Cuba.<\/strong><\/p>\n<\/p>\n<p><strong>El ex presidente  Luper\u00f3n recibe a M\u00e1ximo G\u00f3mez<\/strong><\/p>\n<p><strong> M\u00e1ximo G\u00f3mez, quien hab\u00eda  nacido en Ban\u00ed, lleg\u00f3 a Puerto Plata, procedente de Cuba, donde particip\u00f3 en la Guerra de los 10 a\u00f1os o la \u00abGuerra Larga\u00bb, por la Independencia de Cuba.<\/strong><\/p>\n<p><strong>Por HTN<\/strong><\/p>\n<p><strong>Diariodominicano.com<\/strong><\/p>\n<\/p>\n<p><strong>PUERTO PLATA,   el 23 de  octubre de 1885,<\/strong> el ex Presidente de la Rep\u00fablica y l\u00edder del Partido Azul, general Gregorio Luper\u00f3n  recibi\u00f3 en Puerto Plata, a  M\u00e1ximo G\u00f3mez.<\/p>\n<\/p>\n<p>     M\u00e1ximo G\u00f3mez, quien hab\u00eda  nacido en Ban\u00ed, lleg\u00f3 a Puerto Plata, procedente de Cuba, donde particip\u00f3 en la Guerra de los 10 a\u00f1os o la \u00abGuerra Larga\u00bb, por la Independencia de Cuba.<\/p>\n<\/p>\n<p>     El 10 octubre de 1868, en Yara, Cuba, el general Carlos Manuel de C\u00e9spedes  inici\u00f3 la Guerra de Independencia cubana y M\u00e1ximo G\u00f3mez se integr\u00f3 al grupo de dominicanos que luchaba por la emancipaci\u00f3n de Cuba.<\/p>\n<\/p>\n<p>      En la reuni\u00f3n  que sostuvieron el 23 de octubre de 1885, Gregorio Luper\u00f3n y M\u00e1ximo G\u00f3mez trataron sobre la lucha por la Independencia de Cuba y el l\u00edder del Partido Azul y pr\u00f3cer de la Restauraci\u00f3n de la Rep\u00fablica Dominicana, reiter\u00f3 su apoyo a la causa cubana.<\/p>\n<\/p>\n<p>    M\u00e1ximo G\u00f3mez en la Rep\u00fablica Dominicana fue un oficial del Ej\u00e9rcito  Anexionista. Cuando Espa\u00f1a perdi\u00f3 la Guerra  de la Restauraci\u00f3n fue de los militares dominicanos al servicio de Espa\u00f1a que se embarcaron con destino a Cuba, a partir del 10 de julio de 1865.<\/p>\n<\/p>\n<p>     En Cuba cambi\u00f3 de posici\u00f3n.  Rompi\u00f3 con los espa\u00f1oles y se sum\u00f3 a la lucha por la Independencia.<\/p>\n<\/p>\n<p>      Al perder los pr\u00f3ceres cubanos la Guerra de los 10 a\u00f1os M\u00e1ximo G\u00f3mez regres\u00f3 a la Rep\u00fablica Dominicana.<\/p>\n<\/p>\n<h6> 2020-10-22 20:46:57 <\/h6>\n<p><!--\n<link rel=\"stylesheet\" href=\"css\/bootstrap.min.css\">\n\n\n<ul class=\"pagination\">\n\t    \n\t\n\n<li >\n\t<a href='?page_no=119'>Previous<\/a>\n\t<\/li>\n\n\n       \n    \n\n<li><a href='?page_no=1'>1<\/a><\/li>\n\n\n\n<li><a href='?page_no=2'>2<\/a><\/li>\n\n\n\n<li><a>...<\/a><\/li>\n\n\n\n<li><a href='?page_no=118'>118<\/a><\/li>\n\n\n\n<li><a href='?page_no=119'>119<\/a><\/li>\n\n\n\n<li class='active'><a>120<\/a><\/li>\n\n\n\n<li><a href='?page_no=121'>121<\/a><\/li>\n\n\n\n<li><a href='?page_no=122'>122<\/a><\/li>\n\n\n\n<li><a>...<\/a><\/li>\n\n\n\n<li><a href='?page_no=22911'>22911<\/a><\/li>\n\n\n\n<li><a href='?page_no=22912'>22912<\/a><\/li>\n\n    \n\t\n\n<li >\n\t<a href='?page_no=121'>Next<\/a>\n\t<\/li>\n\n\n    \n\n<li><a href='?page_no=22912'>Last &rsaquo;&rsaquo;<\/a><\/li>\n\n<\/ul>\n\n\n--><br \/>\n<\/body><\/p>\n","protected":false},"excerpt":{"rendered":"<p>Diariodominicano.com Monumento a M\u00e1ximo G\u00f3mez en la Habana, Cuba. El ex presidente Luper\u00f3n recibe a M\u00e1ximo G\u00f3mez M\u00e1ximo G\u00f3mez, quien hab\u00eda nacido en Ban\u00ed, lleg\u00f3 a Puerto Plata, procedente de Cuba, donde particip\u00f3 en la Guerra de los 10 a\u00f1os o la \u00abGuerra Larga\u00bb, por la Independencia de Cuba. Por HTN Diariodominicano.com PUERTO PLATA, el [&hellip;]<\/p>\n","protected":false},"author":3,"featured_media":0,"comment_status":"open","ping_status":"open","sticky":false,"template":"","format":"standard","meta":{"footnotes":""},"categories":[21],"tags":[],"class_list":["post-48463","post","type-post","status-publish","format-standard","hentry","category-cultura"],"_links":{"self":[{"href":"https:\/\/diariodominicano.com\/index.php?rest_route=\/wp\/v2\/posts\/48463","targetHints":{"allow":["GET"]}}],"collection":[{"href":"https:\/\/diariodominicano.com\/index.php?rest_route=\/wp\/v2\/posts"}],"about":[{"href":"https:\/\/diariodominicano.com\/index.php?rest_route=\/wp\/v2\/types\/post"}],"author":[{"embeddable":true,"href":"https:\/\/diariodominicano.com\/index.php?rest_route=\/wp\/v2\/users\/3"}],"replies":[{"embeddable":true,"href":"https:\/\/diariodominicano.com\/index.php?rest_route=%2Fwp%2Fv2%2Fcomments&post=48463"}],"version-history":[{"count":0,"href":"https:\/\/diariodominicano.com\/index.php?rest_route=\/wp\/v2\/posts\/48463\/revisions"}],"wp:attachment":[{"href":"https:\/\/diariodominicano.com\/index.php?rest_route=%2Fwp%2Fv2%2Fmedia&parent=48463"}],"wp:term":[{"taxonomy":"category","embeddable":true,"href":"https:\/\/diariodominicano.com\/index.php?rest_route=%2Fwp%2Fv2%2Fcategories&post=48463"},{"taxonomy":"post_tag","embeddable":true,"href":"https:\/\/diariodominicano.com\/index.php?rest_route=%2Fwp%2Fv2%2Ftags&post=48463"}],"curies":[{"name":"wp","href":"https:\/\/api.w.org\/{rel}","templated":true}]}}