{"id":48462,"date":"2020-11-27T11:24:06","date_gmt":"2020-11-27T11:24:06","guid":{"rendered":"http:\/\/diariodominicano.ddns.net\/?p=48462"},"modified":"2021-11-26T03:32:25","modified_gmt":"2021-11-26T07:32:25","slug":"el-dia-que-nacio-pedro-alejandrino-pina","status":"publish","type":"post","link":"https:\/\/diariodominicano.com\/?p=48462","title":{"rendered":"El d\u00eca que naci\u00f2 Pedro Alejandrino Pina"},"content":{"rendered":"<p><img decoding=\"async\" src=\"img3\/Pedro-Alejandro-Pina-I.jpg\" \/><\/p>\n<p><strong>Diariodominicano.com<\/strong><\/p>\n<p><strong>El d\u00eca que naci\u00f2 Pedro Alejandrino Pina<\/strong><\/p>\n<p><strong>SANTO DOMINGO, el 26 de noviembre de 1820<\/strong>, naci\u00f3 en la ciudad de Santo Domingo, Pedro Alejandrino Pina, quien se destac\u00f3 como pol\u00edtico y militar. Fue de los nueve fundadores de la Sociedad Secreta La Trinitaria, el 16 de julio de 1838, el partido pol\u00edtico concebido por Juan Pablo Duarte para crear la Rep\u00fablica Dominicana.<\/p>\n<p>Tambi\u00e9n fue de los fundadores de la sociedad cultural La Filantr\u00f3pica, otra entidad al servicio de la causa independentista. Y fue de los principales colaboradores de Juan Pablo Duarte.<\/p>\n<p>En 1843 tuvo que salir al exilio junto a Duarte para evitar ser asesinado por el Gobierno haitiano que hab\u00eda descubierto el proyecto para fundar Rep\u00fablica Dominicana.<\/p>\n<p>Regres\u00f3 al pa\u00eds luego que fue proclamada la Rep\u00fablica Dominicana el 27 de febrero de 1844.<\/p>\n<p>Juan Pablo Pina era un promotor del pensamiento liberal. Como Juan Pablo Duarte ten\u00eda el criterio de que en la Rep\u00fablica Dominicana tiene que imperar un r\u00e9gimen democr\u00e1tico normado por la justicia.<\/p>\n<p>Fue miembro de la Junta Central Gubernativa y parte del grupo que sufri\u00f3 la persecuci\u00f3n de la maquinaria de represi\u00f3n del general Pedro Santana, quien dio un golpe de Estado y sac\u00f3 del organismo a todos los seguidores de Duarte.<\/p>\n<p>Pina fue parte del grupo de trinitarios que la Junta Central Gubernativa, controlada por Pedro Santana, declar\u00f3 el d\u00eda 22 de agosto de 1844 traidores e infieles a la patria.<\/p>\n<p>En el momento que se produjo la decisi\u00f3n, Duarte, se encontraba escondido en Puerto Plata, luego de que fue calificado de anarquista por el general Santana.<\/p>\n<p>La Junta Central Gubernativa cuando declar\u00f3 a Duarte y a Juan Pablo Pina, entre otros trinitarios, traidores a la patria, era presidida por el General Pedro Santana. La completaban los miembros Tom\u00e1s Bobadilla, Manuel Jim\u00e9nes, F\u00e9lix Mercenario, Toribio Ma\u00f1\u00f3n, J. Tom\u00e1s Medrano, Norberto Linares, Toribio L. Villanueva y F\u00e9lix M. Marcano, secretario.<\/p>\n<p>Para actuar contra los trinitarios la Junta tom\u00f3 en consideraci\u00f3n dos solicitudes: una que conten\u00eda 68 firmas de ciudadanos calificados de \u00abnotables padres de familia\u00bb, y otra suscrita por 628 oficiales superiores y dem\u00e1s miembros del Ej\u00e9rcito.<\/p>\n<p><strong>Militares santanistas expresan posici\u00f2n:<\/strong><\/p>\n<p>\u00abEs absoluta necesidad que para la seguridad y tranquilidad del pa\u00eds, se castigara \u00e1 todos los autores y c\u00f3mplices de la sedici\u00f3n, \u00e1 cuya cabeza hab\u00eda figurado el general Juan Pablo Duarte; y cuyo objeto fue trastornar y derrocar el Gobierno supremo establecido en virtud del manifiesto del 16 de enero, que form\u00f3 las bases de la revoluci\u00f3n\u00bb. (sic)<\/p>\n<p>Asimismo, consideraron que en las actuales circunstancias era necesario \u00abobrar \u00e1 verdad sabida, buena f\u00e9 guardada, y con la suprema ley, y sin embargo de que las leyes en vigor y las de todas las naciones, hab\u00edan previsto la pena de muerte en iguales casos, usando la factura paternal que la caracterizaba y por otros motivos de equidad y consideraci\u00f3n, declaraba que los generales de brigada Juan Pablo Duarte, Ram\u00f3n Mella y Francisco S\u00e1nchez, los comandantes Pedro Alejandrino Pina, Gregorio del Valle y Juan Evangelista Jim\u00e9nez, el capit\u00e1n Jos\u00e9 Illas y el ciudadano Juan Isidro P\u00e9rez, hab\u00edan sido traidores \u00e9 infieles \u00e1 su patria, y como tales eran indignos de los empleos y cargos que ejerc\u00edan, de los que quedaban depuestos y destituidos, ordenando que todos ellos fueran inmediatamente desterrados y extra\u00f1ados \u00e1 perpetuidad del pa\u00eds, sin que pudieran a volver a poner el pi\u00e9 en \u00e9l, bajo la pena de muerte, que ser\u00eda ejecutada en la persona del que lo hiciera, despu\u00e9s que fuera aprehendido y se justificara la identidad de su persona, \u00e1 cuyo efecto se le daba poder y<\/p>\n<p>facultad \u00e1 cualquier autoridad civil y militar que verificara la captura\u00bb. (sic)<\/p>\n<p>Advert\u00eda que todo se ejecutar\u00eda \u00absin perjuicio de las indemnizaciones civiles que debieran al erario p\u00fablico \u00f3 \u00e1 algunos ciudadanos particulares, por la mala inversi\u00f3n que hubieran tenido en sus empleos, por el abuso de poder que hubieran hecho, \u00f3 por los da\u00f1os y perjuicios que hubieran causado\u00bb.<\/p>\n<p>El mismo d\u00eda 22 de agosto, luego de ser conocida la sentencia de la Junta Central Gubernativa fueron expulsados del pa\u00eds con destino a Inglaterra, los generales Francisco del Rosario S\u00e1nchez, y Mat\u00edas Ram\u00f3n Mella; as\u00ed como Pedro Alejandrino Pina y Juan Jos\u00e9 Illas.<\/p>\n<p>El grupo fue embarcado en el bergant\u00edn brit\u00e1nico \u00abCapricornio\u00bb.<\/p>\n<p>Con la decisi\u00f3n se intensific\u00f3 una pol\u00edtica de intolerancia que culmin\u00f3 con la salida al exilio de Juan Pablo Duarte, sus seguidores y su familia.<\/p>\n<p>El 25 de agosto de 1844, el General Pedro Santana acus\u00f3 a Juan Pablo Duarte y a sus amigos de ser \u00abesp\u00edritus turbulentos\u00bb que violaban el orden y los principios de la Rep\u00fablica, con el prop\u00f3sito de sumergirla en la \u00abdivisi\u00f3n y la anarqu\u00eda, forjando mentiras para fascinar a los incautos cr\u00e9dulos\u00bb.<\/p>\n<p>Juan Pablo Pina muri\u00f3 en San Juan de la Maguana en 1870.<\/p>\n<h6>2020-11-27 11:24:06<\/h6>\n<p><!--\n \t \t<link rel=\"stylesheet\" href=\"css\/bootstrap.min.css\">\n\n\n<ul class=\"pagination\">\n \t\n\n<li >\n\t<a href='?page_no=11'>Previous<\/a><\/li>\n\n\n \t\n\n<li><a href='?page_no=1'>1<\/a><\/li>\n\n\n \t\n\n<li><a href='?page_no=2'>2<\/a><\/li>\n\n\n \t\n\n<li><a>...<\/a><\/li>\n\n\n \t\n\n<li><a href='?page_no=10'>10<\/a><\/li>\n\n\n \t\n\n<li><a href='?page_no=11'>11<\/a><\/li>\n\n\n \t\n\n<li class='active'><a>12<\/a><\/li>\n\n\n \t\n\n<li><a href='?page_no=13'>13<\/a><\/li>\n\n\n \t\n\n<li><a href='?page_no=14'>14<\/a><\/li>\n\n\n \t\n\n<li><a>...<\/a><\/li>\n\n\n \t\n\n<li><a href='?page_no=22911'>22911<\/a><\/li>\n\n\n \t\n\n<li><a href='?page_no=22912'>22912<\/a><\/li>\n\n\n \t\n\n<li >\n\t<a href='?page_no=13'>Next<\/a><\/li>\n\n\n \t\n\n<li><a href='?page_no=22912'>Last &rsaquo;&rsaquo;<\/a><\/li>\n\n\n<\/ul>\n\n\n--><\/p>\n","protected":false},"excerpt":{"rendered":"<p>Diariodominicano.com El d\u00eca que naci\u00f2 Pedro Alejandrino Pina SANTO DOMINGO, el 26 de noviembre de 1820, naci\u00f3 en la ciudad de Santo Domingo, Pedro Alejandrino Pina, quien se destac\u00f3 como pol\u00edtico y militar. Fue de los nueve fundadores de la Sociedad Secreta La Trinitaria, el 16 de julio de 1838, el partido pol\u00edtico concebido por [&hellip;]<\/p>\n","protected":false},"author":3,"featured_media":0,"comment_status":"open","ping_status":"open","sticky":false,"template":"","format":"standard","meta":{"footnotes":""},"categories":[21],"tags":[],"class_list":["post-48462","post","type-post","status-publish","format-standard","hentry","category-cultura"],"_links":{"self":[{"href":"https:\/\/diariodominicano.com\/index.php?rest_route=\/wp\/v2\/posts\/48462","targetHints":{"allow":["GET"]}}],"collection":[{"href":"https:\/\/diariodominicano.com\/index.php?rest_route=\/wp\/v2\/posts"}],"about":[{"href":"https:\/\/diariodominicano.com\/index.php?rest_route=\/wp\/v2\/types\/post"}],"author":[{"embeddable":true,"href":"https:\/\/diariodominicano.com\/index.php?rest_route=\/wp\/v2\/users\/3"}],"replies":[{"embeddable":true,"href":"https:\/\/diariodominicano.com\/index.php?rest_route=%2Fwp%2Fv2%2Fcomments&post=48462"}],"version-history":[{"count":2,"href":"https:\/\/diariodominicano.com\/index.php?rest_route=\/wp\/v2\/posts\/48462\/revisions"}],"predecessor-version":[{"id":311235,"href":"https:\/\/diariodominicano.com\/index.php?rest_route=\/wp\/v2\/posts\/48462\/revisions\/311235"}],"wp:attachment":[{"href":"https:\/\/diariodominicano.com\/index.php?rest_route=%2Fwp%2Fv2%2Fmedia&parent=48462"}],"wp:term":[{"taxonomy":"category","embeddable":true,"href":"https:\/\/diariodominicano.com\/index.php?rest_route=%2Fwp%2Fv2%2Fcategories&post=48462"},{"taxonomy":"post_tag","embeddable":true,"href":"https:\/\/diariodominicano.com\/index.php?rest_route=%2Fwp%2Fv2%2Ftags&post=48462"}],"curies":[{"name":"wp","href":"https:\/\/api.w.org\/{rel}","templated":true}]}}