{"id":484609,"date":"2023-10-29T19:35:22","date_gmt":"2023-10-29T23:35:22","guid":{"rendered":"http:\/\/diariodominicano.com\/?p=484609"},"modified":"2023-10-29T19:37:26","modified_gmt":"2023-10-29T23:37:26","slug":"premios-brugal-cree-en-su-gente-cumplen-32-anos","status":"publish","type":"post","link":"https:\/\/diariodominicano.com\/?p=484609","title":{"rendered":"Premios Brugal Cree en su Gente cumplen 32 a\u00f1os"},"content":{"rendered":"\n<p>Luis Concepci\u00f3n, presidente de Fundaci\u00f3n Brugal.<\/p>\n\n\n\n<p><strong>Fundaci\u00f3n Brugal reafirma compromiso con la transformaci\u00f3n social de la RD<\/strong><\/p>\n\n\n\n<figure class=\"wp-block-image size-large\"><img loading=\"lazy\" decoding=\"async\" width=\"1024\" height=\"682\" src=\"https:\/\/diariodominicano.com\/wp-content\/uploads\/2023\/10\/Siete-instituciones-sin-fines-de-lucro-fueron-reconocidas-en-distintas-areas-y-el-Gran-Premio-Brugal-Cree-en-su-Gente-recayo-en-Fondo-Agua-Yaque-del-Norte.-En-1024x682.jpg\" alt=\"\" class=\"wp-image-484611\" srcset=\"https:\/\/diariodominicano.com\/wp-content\/uploads\/2023\/10\/Siete-instituciones-sin-fines-de-lucro-fueron-reconocidas-en-distintas-areas-y-el-Gran-Premio-Brugal-Cree-en-su-Gente-recayo-en-Fondo-Agua-Yaque-del-Norte.-En-1024x682.jpg 1024w, https:\/\/diariodominicano.com\/wp-content\/uploads\/2023\/10\/Siete-instituciones-sin-fines-de-lucro-fueron-reconocidas-en-distintas-areas-y-el-Gran-Premio-Brugal-Cree-en-su-Gente-recayo-en-Fondo-Agua-Yaque-del-Norte.-En-300x200.jpg 300w, https:\/\/diariodominicano.com\/wp-content\/uploads\/2023\/10\/Siete-instituciones-sin-fines-de-lucro-fueron-reconocidas-en-distintas-areas-y-el-Gran-Premio-Brugal-Cree-en-su-Gente-recayo-en-Fondo-Agua-Yaque-del-Norte.-En-768x512.jpg 768w, https:\/\/diariodominicano.com\/wp-content\/uploads\/2023\/10\/Siete-instituciones-sin-fines-de-lucro-fueron-reconocidas-en-distintas-areas-y-el-Gran-Premio-Brugal-Cree-en-su-Gente-recayo-en-Fondo-Agua-Yaque-del-Norte.-En-1536x1024.jpg 1536w, https:\/\/diariodominicano.com\/wp-content\/uploads\/2023\/10\/Siete-instituciones-sin-fines-de-lucro-fueron-reconocidas-en-distintas-areas-y-el-Gran-Premio-Brugal-Cree-en-su-Gente-recayo-en-Fondo-Agua-Yaque-del-Norte.-En-816x544.jpg 816w, https:\/\/diariodominicano.com\/wp-content\/uploads\/2023\/10\/Siete-instituciones-sin-fines-de-lucro-fueron-reconocidas-en-distintas-areas-y-el-Gran-Premio-Brugal-Cree-en-su-Gente-recayo-en-Fondo-Agua-Yaque-del-Norte.-En.jpg 2000w\" sizes=\"auto, (max-width: 1024px) 100vw, 1024px\" \/><figcaption>Siete instituciones sin fines de lucro fueron reconocidas en distintas \u00e1reas y el Gran Premio Brugal Cree en su Gente recay\u00f3 en Fondo Agua Yaque del Norte. En<\/figcaption><\/figure>\n\n\n\n<p><strong><em>Siete instituciones sin fines de lucro fueron reconocidas en distintas \u00e1reas y el Gran Premio Brugal Cree en su Gente recay\u00f3 en&nbsp; Fondo Agua Yaque del Norte. En el evento, el presidente de Casa Brugal, Augusto Ram\u00edrez Bon\u00f3, dijo: \u00abNuestro compromiso con la Rep\u00fablica Dominicana es inquebrantable. Estos premios, que se celebran por 32 a\u00f1os consecutivos, son un reflejo de nuestra vocaci\u00f3n por contribuir al desarrollo del pa\u00eds.\u201d<\/em><\/strong><\/p>\n\n\n\n<p><strong>SANTO DOMINGO, Rep\u00fablica Dominicana<\/strong>. Como un aliento de optimismo y una fuente inagotable de esperanza, los Premios Brugal Cree en su Gente alcanzan los 32 a\u00f1os, reconociendo a las instituciones sin fines de lucro&nbsp; que generan un impacto positivo en diversas esferas de la sociedad, que contribuyen con el desarrollo y la calidad de vida de los dominicanos.<\/p>\n\n\n\n<p>En la celebraci\u00f3n de la trig\u00e9simo segunda edici\u00f3n de estos galardones, la Fundaci\u00f3n Brugal distingui\u00f3 a siete organizaciones en categor\u00edas que abarcan arte y cultura, asistencia social, educaci\u00f3n, defensa y protecci\u00f3n del medio ambiente, salud e innovaci\u00f3n social.<\/p>\n\n\n\n<figure class=\"wp-block-image size-large is-resized\"><img loading=\"lazy\" decoding=\"async\" src=\"https:\/\/diariodominicano.com\/wp-content\/uploads\/2023\/10\/Augusto-Ramirez-presidente-de-Casa-Brugal-682x1024.jpg\" alt=\"\" class=\"wp-image-484613\" width=\"616\" height=\"924\" srcset=\"https:\/\/diariodominicano.com\/wp-content\/uploads\/2023\/10\/Augusto-Ramirez-presidente-de-Casa-Brugal-682x1024.jpg 682w, https:\/\/diariodominicano.com\/wp-content\/uploads\/2023\/10\/Augusto-Ramirez-presidente-de-Casa-Brugal-200x300.jpg 200w, https:\/\/diariodominicano.com\/wp-content\/uploads\/2023\/10\/Augusto-Ramirez-presidente-de-Casa-Brugal-768x1152.jpg 768w, https:\/\/diariodominicano.com\/wp-content\/uploads\/2023\/10\/Augusto-Ramirez-presidente-de-Casa-Brugal-1024x1536.jpg 1024w, https:\/\/diariodominicano.com\/wp-content\/uploads\/2023\/10\/Augusto-Ramirez-presidente-de-Casa-Brugal-816x1224.jpg 816w, https:\/\/diariodominicano.com\/wp-content\/uploads\/2023\/10\/Augusto-Ramirez-presidente-de-Casa-Brugal.jpg 1333w\" sizes=\"auto, (max-width: 616px) 100vw, 616px\" \/><figcaption>Augusto Ram\u00edrez, presidente de Casa Brugal<\/figcaption><\/figure>\n\n\n\n<p>Augusto Ram\u00edrez Bon\u00f3, presidente de Casa Brugal, resalt\u00f3 en su discurso central: \u00abNuestro compromiso con la Rep\u00fablica Dominicana es inquebrantable. Estos premios, que se celebran por 32 a\u00f1os consecutivos, son un reflejo de nuestra vocaci\u00f3n por contribuir al desarrollo del pa\u00eds y mejorar la calidad de vida de los dominicanos\u00bb.<\/p>\n\n\n\n<p>Augusto Ram\u00edrez Bon\u00f3 subray\u00f3 que la sostenibilidad es una parte esencial de la ambici\u00f3n de Brugal. \u00abEstamos comprometidos con la protecci\u00f3n del medio ambiente, lo que nos lleva a aspirar a reducir a cero nuestras emisiones de CO2 y a reponer el 100% del agua utilizada en nuestros procesos\u00bb, expres\u00f3.<\/p>\n\n\n\n<p>Luis Concepci\u00f3n, presidente de la Fundaci\u00f3n Brugal, enfatiz\u00f3 el valor incalculable de las organizaciones ganadoras. \u00abUstedes son verdaderos agentes de cambio social. Cada acci\u00f3n que realizan contribuye a construir un mundo m\u00e1s justo, m\u00e1s inclusivo y m\u00e1s feliz\u00bb, afirm\u00f3.<\/p>\n\n\n\n<p>\u201cLa dedicaci\u00f3n y seriedad con la que hacen su trabajo, de manera voluntaria y apasionada, ha permitido visibilizar y promover las mejores pr\u00e1cticas en el campo de la ayuda social y la responsabilidad social empresarial\u201d, destac\u00f3 Concepci\u00f3n al dirigirse a los premiados.<\/p>\n\n\n\n<p><strong>Galardonados<\/strong><\/p>\n\n\n\n<p>Este a\u00f1o, el Fondo Agua Yaque del Norte, Inc. fue galardonado con el Gran Premio George Arzeno Brugal a la Innovaci\u00f3n Social con el&nbsp; Gran Premio Brugal Cree en su Gente por su enfoque en seguridad h\u00eddrica y mitigaci\u00f3n del cambio clim\u00e1tico.<\/p>\n\n\n\n<p>Asimismo, la&nbsp; Fundaci\u00f3n Festi-Band fue reconocida en la categor\u00eda de Arte y Cultura por su aporte a la formaci\u00f3n musical como veh\u00edculo de transformaci\u00f3n social. En la misma esfera, la Asociaci\u00f3n Ballet Cont\u00e9mpora Talleres de Arte Inc. ha destacado por su excelencia en formar profesionales de la danza con un enfoque \u00e9tico y cultural.<\/p>\n\n\n\n<p>El Centro de Educaci\u00f3n para la Salud Integral fue galardonado en Asistencia Social por su trabajo en el desarrollo integral de comunidades rurales, especialmente en salud.<\/p>\n\n\n\n<p>En Defensa y Protecci\u00f3n del Medio Ambiente, la Nature Power Foundation fue premiada por mejorar las condiciones de vida en comunidades vulnerables mediante el acceso a servicios b\u00e1sicos a trav\u00e9s de fuentes alternativas sostenibles.<\/p>\n\n\n\n<p>En el \u00e1mbito de la Educaci\u00f3n, la Fundaci\u00f3n Dominicana San Valero (FUNDOSVA) destac\u00f3 por su misi\u00f3n educativa integral. En el sector de la Salud, la Fundaci\u00f3n Dr. Juan Ml. Taveras R., Inc. recibi\u00f3 el galard\u00f3n por su labor en mejorar la salud y calidad de vida de pacientes de escasos recursos.<\/p>\n\n\n\n<p>Ram\u00edrez Bon\u00f3 concluy\u00f3 que, a pesar del panorama global desalentador, \u00abcada vez que se celebra esta ceremonia de premiaci\u00f3n, me lleno de optimismo y esperanza\u00bb. La Fundaci\u00f3n Brugal, comprometida con el desarrollo sostenible, la calidad y la innovaci\u00f3n, contin\u00faa estableciendo un legado hist\u00f3rico que contribuye al desarrollo econ\u00f3mico y social de la Rep\u00fablica Dominicana.<\/p>\n\n\n\n<p>L\u00eda \u00c1lvarez L\u00f3pez<a rel=\"noreferrer noopener\" target=\"_blank\" href=\"mailto:lia@mediaticos.com.do\">lia@mediaticos.com.do<\/a><\/p>\n","protected":false},"excerpt":{"rendered":"<p>Luis Concepci\u00f3n, presidente de Fundaci\u00f3n Brugal. Fundaci\u00f3n Brugal reafirma compromiso con la transformaci\u00f3n social de la RD Siete instituciones sin fines de lucro fueron reconocidas en distintas \u00e1reas y el Gran Premio Brugal Cree en su Gente recay\u00f3 en&nbsp; Fondo Agua Yaque del Norte. En el evento, el presidente de Casa Brugal, Augusto Ram\u00edrez Bon\u00f3, [&hellip;]<\/p>\n","protected":false},"author":28,"featured_media":484610,"comment_status":"closed","ping_status":"","sticky":true,"template":"","format":"standard","meta":{"footnotes":""},"categories":[36,20,26,27,32],"tags":[],"class_list":["post-484609","post","type-post","status-publish","format-standard","has-post-thumbnail","hentry","category-hombresmujeresycosas","category-dominicana-hoy","category-efemerides","category-portada","category-turismo"],"_links":{"self":[{"href":"https:\/\/diariodominicano.com\/index.php?rest_route=\/wp\/v2\/posts\/484609","targetHints":{"allow":["GET"]}}],"collection":[{"href":"https:\/\/diariodominicano.com\/index.php?rest_route=\/wp\/v2\/posts"}],"about":[{"href":"https:\/\/diariodominicano.com\/index.php?rest_route=\/wp\/v2\/types\/post"}],"author":[{"embeddable":true,"href":"https:\/\/diariodominicano.com\/index.php?rest_route=\/wp\/v2\/users\/28"}],"replies":[{"embeddable":true,"href":"https:\/\/diariodominicano.com\/index.php?rest_route=%2Fwp%2Fv2%2Fcomments&post=484609"}],"version-history":[{"count":3,"href":"https:\/\/diariodominicano.com\/index.php?rest_route=\/wp\/v2\/posts\/484609\/revisions"}],"predecessor-version":[{"id":484615,"href":"https:\/\/diariodominicano.com\/index.php?rest_route=\/wp\/v2\/posts\/484609\/revisions\/484615"}],"wp:featuredmedia":[{"embeddable":true,"href":"https:\/\/diariodominicano.com\/index.php?rest_route=\/wp\/v2\/media\/484610"}],"wp:attachment":[{"href":"https:\/\/diariodominicano.com\/index.php?rest_route=%2Fwp%2Fv2%2Fmedia&parent=484609"}],"wp:term":[{"taxonomy":"category","embeddable":true,"href":"https:\/\/diariodominicano.com\/index.php?rest_route=%2Fwp%2Fv2%2Fcategories&post=484609"},{"taxonomy":"post_tag","embeddable":true,"href":"https:\/\/diariodominicano.com\/index.php?rest_route=%2Fwp%2Fv2%2Ftags&post=484609"}],"curies":[{"name":"wp","href":"https:\/\/api.w.org\/{rel}","templated":true}]}}