{"id":48440,"date":"2020-10-23T15:07:19","date_gmt":"2020-10-23T15:07:19","guid":{"rendered":"http:\/\/diariodominicano.ddns.net\/?p=48440"},"modified":"2020-10-23T15:07:19","modified_gmt":"2020-10-23T15:07:19","slug":"television-y-radio-en-funcion-de-la-educacion-en-dominicana","status":"publish","type":"post","link":"https:\/\/diariodominicano.com\/?p=48440","title":{"rendered":"Televisi\u00f3n y radio en funci\u00f3n de la educaci\u00f3n en Dominicana"},"content":{"rendered":"<p><body><\/p>\n<p>diariodominicano.com<\/p>\n<\/p>\n<p><span class=\"text1noticias\">Santo Domingo, 23 oct (Prensa Latina) El Ministerio de Educaci\u00f3n dominicano inform\u00f3 hoy que 150 estaciones de radio y 100 canales de televisi\u00f3n forman parte de los medios contratados para difundir los contenidos educativos durante el pr\u00f3ximo a\u00f1o escolar.<\/span><\/p>\n<p><span class=\"text1noticias\"> <\/span><\/p>\n<p><span class=\"text1noticias\">La viceministra de Servicios T\u00e9cnicos y Pedag\u00f3gicos de la cartera, Ligia P\u00e9rez, dijo que en los canales de televisi\u00f3n abierta ser\u00e1n tres horas de transmisi\u00f3n en la ma\u00f1ana y tres en la tarde, y en los de cable retransmitir\u00e1n de forma cont\u00ednua durante 24 horas.<\/span><\/p>\n<p><span class=\"text1noticias\"> <\/span><\/p>\n<p><span class=\"text1noticias\">Asimismo, dijo que en esta nueva modalidad a distancia, establecida para evitar la propagaci\u00f3n de la Covid-19 en el pa\u00eds, aunque los estudiantes recibir\u00e1n la docencia por radio y televisi\u00f3n, quienes tengan dispositivos tecnol\u00f3gicos e internet podr\u00e1n utilizar tambi\u00e9n ese mecanismo.<\/span><\/p>\n<p><span class=\"text1noticias\"> <\/span><\/p>\n<p><span class=\"text1noticias\">&#8216;Es el mismo contenido, los mismos docentes por grados, por nivel y canal. Una vez concluida la docencia de cada d\u00eda, el acompa\u00f1amiento es lo m\u00e1s importante&#8217;, agreg\u00f3.<\/span><\/p>\n<p><span class=\"text1noticias\"> <\/span><\/p>\n<p><span class=\"text1noticias\">Por \u00faltimo, explic\u00f3 los estudiantes se comunicar\u00e1n con sus profesores a trav\u00e9s de grupos de Whatsapp denominados Comunidades Educativas, que durar\u00e1n todo el curso y quedar\u00e1n conformados el 2 de noviembre, primer d\u00eda de clases.<\/span><\/p>\n<p><span class=\"text1noticias\"> <\/span><\/p>\n<p><span class=\"text1noticias\">g<\/span>a\/ema<\/p>\n<h6> 2020-10-23 15:07:19 <\/h6>\n<p><!--\n<link rel=\"stylesheet\" href=\"css\/bootstrap.min.css\">\n\n\n<ul class=\"pagination\">\n\t    \n\t\n\n<li >\n\t<a href='?page_no=117'>Previous<\/a>\n\t<\/li>\n\n\n       \n    \n\n<li><a href='?page_no=1'>1<\/a><\/li>\n\n\n\n<li><a href='?page_no=2'>2<\/a><\/li>\n\n\n\n<li><a>...<\/a><\/li>\n\n\n\n<li><a href='?page_no=116'>116<\/a><\/li>\n\n\n\n<li><a href='?page_no=117'>117<\/a><\/li>\n\n\n\n<li class='active'><a>118<\/a><\/li>\n\n\n\n<li><a href='?page_no=119'>119<\/a><\/li>\n\n\n\n<li><a href='?page_no=120'>120<\/a><\/li>\n\n\n\n<li><a>...<\/a><\/li>\n\n\n\n<li><a href='?page_no=22911'>22911<\/a><\/li>\n\n\n\n<li><a href='?page_no=22912'>22912<\/a><\/li>\n\n    \n\t\n\n<li >\n\t<a href='?page_no=119'>Next<\/a>\n\t<\/li>\n\n\n    \n\n<li><a href='?page_no=22912'>Last &rsaquo;&rsaquo;<\/a><\/li>\n\n<\/ul>\n\n\n--><br \/>\n<\/body><\/p>\n","protected":false},"excerpt":{"rendered":"<p>diariodominicano.com Santo Domingo, 23 oct (Prensa Latina) El Ministerio de Educaci\u00f3n dominicano inform\u00f3 hoy que 150 estaciones de radio y 100 canales de televisi\u00f3n forman parte de los medios contratados para difundir los contenidos educativos durante el pr\u00f3ximo a\u00f1o escolar. La viceministra de Servicios T\u00e9cnicos y Pedag\u00f3gicos de la cartera, Ligia P\u00e9rez, dijo que en [&hellip;]<\/p>\n","protected":false},"author":3,"featured_media":0,"comment_status":"open","ping_status":"open","sticky":false,"template":"","format":"standard","meta":{"footnotes":""},"categories":[21],"tags":[],"class_list":["post-48440","post","type-post","status-publish","format-standard","hentry","category-cultura"],"_links":{"self":[{"href":"https:\/\/diariodominicano.com\/index.php?rest_route=\/wp\/v2\/posts\/48440","targetHints":{"allow":["GET"]}}],"collection":[{"href":"https:\/\/diariodominicano.com\/index.php?rest_route=\/wp\/v2\/posts"}],"about":[{"href":"https:\/\/diariodominicano.com\/index.php?rest_route=\/wp\/v2\/types\/post"}],"author":[{"embeddable":true,"href":"https:\/\/diariodominicano.com\/index.php?rest_route=\/wp\/v2\/users\/3"}],"replies":[{"embeddable":true,"href":"https:\/\/diariodominicano.com\/index.php?rest_route=%2Fwp%2Fv2%2Fcomments&post=48440"}],"version-history":[{"count":0,"href":"https:\/\/diariodominicano.com\/index.php?rest_route=\/wp\/v2\/posts\/48440\/revisions"}],"wp:attachment":[{"href":"https:\/\/diariodominicano.com\/index.php?rest_route=%2Fwp%2Fv2%2Fmedia&parent=48440"}],"wp:term":[{"taxonomy":"category","embeddable":true,"href":"https:\/\/diariodominicano.com\/index.php?rest_route=%2Fwp%2Fv2%2Fcategories&post=48440"},{"taxonomy":"post_tag","embeddable":true,"href":"https:\/\/diariodominicano.com\/index.php?rest_route=%2Fwp%2Fv2%2Ftags&post=48440"}],"curies":[{"name":"wp","href":"https:\/\/api.w.org\/{rel}","templated":true}]}}