{"id":484290,"date":"2023-10-28T23:22:10","date_gmt":"2023-10-29T03:22:10","guid":{"rendered":"http:\/\/diariodominicano.com\/?p=484290"},"modified":"2023-10-28T23:25:16","modified_gmt":"2023-10-29T03:25:16","slug":"presidente-del-phr-defiende-pacto-de-nacion-frente-a-la-rebeldia-haitiana","status":"publish","type":"post","link":"https:\/\/diariodominicano.com\/?p=484290","title":{"rendered":"Presidente del PHR defiende pacto de naci\u00f3n \u00abfrente a la rebeld\u00eda haitiana\u00bb"},"content":{"rendered":"\n<p>Antonio Mateo<\/p>\n\n\n\n<p><br>SANTO DOMINGO, RD.- El presidente del Partido Humanista Renovador \u2013PHR-, Antonio Mateo, sali\u00f3 en defensa del Pacto de Naci\u00f3n firmado por el gobierno con organizaciones pol\u00edticas, intelectuales y acad\u00e9micos, para hacer frente al nuevo conflicto dominico-haitiano, originado por la construcci\u00f3n en Juana M\u00e9ndez de un canal para el desv\u00edo de las aguas del r\u00edo Masacre.<\/p>\n\n\n\n<figure class=\"wp-block-image size-large\"><img loading=\"lazy\" decoding=\"async\" width=\"1024\" height=\"683\" src=\"https:\/\/diariodominicano.com\/wp-content\/uploads\/2023\/10\/Antonio-Mateo-en-acto-28102023-1024x683.jpg\" alt=\"\" class=\"wp-image-484293\" srcset=\"https:\/\/diariodominicano.com\/wp-content\/uploads\/2023\/10\/Antonio-Mateo-en-acto-28102023-1024x683.jpg 1024w, https:\/\/diariodominicano.com\/wp-content\/uploads\/2023\/10\/Antonio-Mateo-en-acto-28102023-300x200.jpg 300w, https:\/\/diariodominicano.com\/wp-content\/uploads\/2023\/10\/Antonio-Mateo-en-acto-28102023-768x512.jpg 768w, https:\/\/diariodominicano.com\/wp-content\/uploads\/2023\/10\/Antonio-Mateo-en-acto-28102023-1536x1024.jpg 1536w, https:\/\/diariodominicano.com\/wp-content\/uploads\/2023\/10\/Antonio-Mateo-en-acto-28102023-816x544.jpg 816w, https:\/\/diariodominicano.com\/wp-content\/uploads\/2023\/10\/Antonio-Mateo-en-acto-28102023.jpg 1599w\" sizes=\"auto, (max-width: 1024px) 100vw, 1024px\" \/><figcaption>Antonio Mateo se dirige a los presentes<\/figcaption><\/figure>\n\n\n\n<p><br><\/p>\n\n\n\n<p>El dirigente pol\u00edtico se\u00f1al\u00f3 que el gobierno haitiano y los promotores de la obra han asumido una actitud desafiante frente al gobierno dominicano y sus decisiones de reabrir parcialmente la frontera y propiciar un di\u00e1logo entre ambas partes, con la \u00fanica condici\u00f3n de que se detenga la construcci\u00f3n del canal y someterse a lo que establecen los acuerdos firmados por las dos naciones para la explotaci\u00f3n de los recursos h\u00eddricos compartidos.<\/p>\n\n\n\n<p><br>\u201cEn medio de la actual situaci\u00f3n las relaciones entre Hait\u00ed y Rep\u00fablica Dominicana deben manejarse desde una perspectiva global en la que participen todos los sectores. Y desde luego que toda iniciativa que contribuya a la unificaci\u00f3n del pueblo dominicano para asumir una posici\u00f3n com\u00fan frente al conflicto debe ser bienvenida\u201d, expres\u00f3 Antonio Mateo.<\/p>\n\n\n\n<p><br>El presidente del PHR consider\u00f3 que Hait\u00ed ha dado se\u00f1ales peligrosas de rebeld\u00eda al mantener el cierre unilateral de su frontera a la reapertura de las relaciones comerciales entre los dos pa\u00edses, lo que resulta m\u00e1s que suficiente para justificar la firma del Pacto de Naci\u00f3n para hacer frente al conflicto.<\/p>\n\n\n\n<p><br>\u201cSi bien Hait\u00ed no cuenta con un ej\u00e9rcito militar, ni un sistema pol\u00edtico organizado que representen una gran amenaza para Rep\u00fablica Dominicana, la proliferaci\u00f3n de bandas armadas en su territorio no deja de ser un componente peligroso para los dominicanos, debido a la vulnerabilidad de la frontera, por lo que todos debemos de estar unidos para salvaguardar nuestra soberan\u00eda\u201d, manifest\u00f3 el dirigente pol\u00edtico.<br>Mateo agreg\u00f3 que Hait\u00ed incluso se envalenton\u00f3 contra la Organizaci\u00f3n de Estados Americanos, al rechazar en principio la entrada a ese pa\u00eds de una misi\u00f3n t\u00e9cnica de la OEA, con el alegato de que primero visitaron a Rep\u00fablica Dominicana y sobrevolaron sin permiso el espacio a\u00e9reo haitiano para levantar informaciones sobre la construcci\u00f3n del canal en Juana M\u00e9ndez y mediar en la soluci\u00f3n del conflicto.<\/p>\n\n\n\n<p><br>El Pacto de Naci\u00f3n para abordar el conflicto con Hait\u00ed se basa en los pilares de Pol\u00edticas de Relaciones Exteriores, Migratoria, Fronteriza y Econ\u00f3mica.<\/p>\n\n\n\n<p><br>Es el producto del llamado que hizo el presidente Luis Rodolfo Abinader al liderazgo pol\u00edtico nacional, para dar una respuesta patri\u00f3tica al nuevo conflicto dominico-haitiano.<\/p>\n\n\n\n<p>Comunicaciones  Partido Humanista Renovador<a rel=\"noreferrer noopener\" target=\"_blank\" href=\"mailto:partidohumanistarenovador2023@gmail.com\">partidohumanistarenovador2023<\/a><\/p>\n\n\n\n<p><\/p>\n","protected":false},"excerpt":{"rendered":"<p>Antonio Mateo SANTO DOMINGO, RD.- El presidente del Partido Humanista Renovador \u2013PHR-, Antonio Mateo, sali\u00f3 en defensa del Pacto de Naci\u00f3n firmado por el gobierno con organizaciones pol\u00edticas, intelectuales y acad\u00e9micos, para hacer frente al nuevo conflicto dominico-haitiano, originado por la construcci\u00f3n en Juana M\u00e9ndez de un canal para el desv\u00edo de las aguas del [&hellip;]<\/p>\n","protected":false},"author":28,"featured_media":484291,"comment_status":"closed","ping_status":"","sticky":true,"template":"","format":"standard","meta":{"footnotes":""},"categories":[20,22,27],"tags":[],"class_list":["post-484290","post","type-post","status-publish","format-standard","has-post-thumbnail","hentry","category-dominicana-hoy","category-politica","category-portada"],"_links":{"self":[{"href":"https:\/\/diariodominicano.com\/index.php?rest_route=\/wp\/v2\/posts\/484290","targetHints":{"allow":["GET"]}}],"collection":[{"href":"https:\/\/diariodominicano.com\/index.php?rest_route=\/wp\/v2\/posts"}],"about":[{"href":"https:\/\/diariodominicano.com\/index.php?rest_route=\/wp\/v2\/types\/post"}],"author":[{"embeddable":true,"href":"https:\/\/diariodominicano.com\/index.php?rest_route=\/wp\/v2\/users\/28"}],"replies":[{"embeddable":true,"href":"https:\/\/diariodominicano.com\/index.php?rest_route=%2Fwp%2Fv2%2Fcomments&post=484290"}],"version-history":[{"count":5,"href":"https:\/\/diariodominicano.com\/index.php?rest_route=\/wp\/v2\/posts\/484290\/revisions"}],"predecessor-version":[{"id":484297,"href":"https:\/\/diariodominicano.com\/index.php?rest_route=\/wp\/v2\/posts\/484290\/revisions\/484297"}],"wp:featuredmedia":[{"embeddable":true,"href":"https:\/\/diariodominicano.com\/index.php?rest_route=\/wp\/v2\/media\/484291"}],"wp:attachment":[{"href":"https:\/\/diariodominicano.com\/index.php?rest_route=%2Fwp%2Fv2%2Fmedia&parent=484290"}],"wp:term":[{"taxonomy":"category","embeddable":true,"href":"https:\/\/diariodominicano.com\/index.php?rest_route=%2Fwp%2Fv2%2Fcategories&post=484290"},{"taxonomy":"post_tag","embeddable":true,"href":"https:\/\/diariodominicano.com\/index.php?rest_route=%2Fwp%2Fv2%2Ftags&post=484290"}],"curies":[{"name":"wp","href":"https:\/\/api.w.org\/{rel}","templated":true}]}}