{"id":484232,"date":"2023-10-28T21:58:15","date_gmt":"2023-10-29T01:58:15","guid":{"rendered":"http:\/\/diariodominicano.com\/?p=484232"},"modified":"2023-10-28T21:58:15","modified_gmt":"2023-10-29T01:58:15","slug":"parlamentarios-de-cuba-rindieron-tributo-a-caidos-en-angola-fotos","status":"publish","type":"post","link":"https:\/\/diariodominicano.com\/?p=484232","title":{"rendered":"Parlamentarios de Cuba rindieron tributo a ca\u00eddos en Angola (+Fotos)"},"content":{"rendered":"\n<p>Luanda, 28 oct (Prensa Latina) La delegaci\u00f3n de Cuba que asisti\u00f3 aqu\u00ed a la 147 Asamblea de la Uni\u00f3n Interparlamentaria rindi\u00f3 homenaje hoy a los cubanos ca\u00eddos en la lucha por la preservaci\u00f3n de la independencia de Angola.&nbsp;&nbsp;&nbsp;&nbsp;<\/p>\n\n\n\n<ul class=\"wp-block-list\"><li>octubre 28, 2023<\/li><li>CDT05:33 (GMT) -0400<\/li><\/ul>\n\n\n\n<p>Los diputados a la Asamblea Nacional del Poder Popular, encabezados por su vicepresidenta, Ana Mar\u00eda Mari, acudieron a depositar una ofrenda floral ante el t\u00famulo donde estuvieron los restos mortales del general Ra\u00fal D\u00edaz Arg\u00fcelles, quien fuera el primer jefe de la misi\u00f3n militar cubana en este pa\u00eds.<\/p>\n\n\n\n<figure class=\"wp-block-image\"><img decoding=\"async\" src=\"https:\/\/www.prensa-latina.cu\/wp-content\/uploads\/2023\/10\/2-2.jpeg\" alt=\" parlamentarios-de-cuba-rindieron-tributo-a-caidos-en-angola\" class=\"wp-image-582970\"\/><\/figure>\n\n\n\n<p>Al cementerio del Alto de las Cruces los parlamentarios fueron acompa\u00f1ados por varios de los integrantes de la cooperaci\u00f3n de la isla y de la misi\u00f3n diplom\u00e1tica en Luanda, entre ellos el embajador, Oscar Le\u00f3n, y el vicepresidente para Angola de la corporaci\u00f3n Antex, Pedro Jaime Bonilla.<\/p>\n\n\n\n<p>En el acto rememoraron al combatiente cubano, quien muri\u00f3 el 11 de diciembre de 1975, cuando el transportador blindado en el que se trasladaba hizo contacto con una mina antitanque.<\/p>\n\n\n\n<p>Con este tributo recordaron a los dos mil 85 combatientes de la naci\u00f3n caribe\u00f1a que ofrendaron sus vidas junto al pueblo angole\u00f1o, adem\u00e1s de otros 204 que murieron mientras realizaban tareas civiles.<\/p>\n\n\n\n<p>La vicepresidenta de Antex para el trabajo pol\u00edtico, Ana Margarita Ib\u00e1\u00f1ez, destac\u00f3 la trayectoria de Arg\u00fcelles, quien se incorpor\u00f3 al Directorio Revolucionario \u201c13 de Marzo\u201d en la lucha contra la dictadura de Fulgencio Batista (1952-1959) y alcanz\u00f3 el grado de comandante con solo 22 a\u00f1os.<\/p>\n\n\n\n<p>Record\u00f3 las palabras del l\u00edder hist\u00f3rico de la Revoluci\u00f3n cubana, Fidel Castro, en el discurso pronunciado en 1989 en honor a los ca\u00eddos en las tierras africanas, cuando expres\u00f3 que \u201chay ejemplos revolucionarios que los mejores hombres y mujeres de las futuras generaciones, dentro y fuera de nuestra patria, no podr\u00e1n olvidar\u201d.<\/p>\n\n\n\n<figure class=\"wp-block-image\"><img decoding=\"async\" src=\"https:\/\/www.prensa-latina.cu\/wp-content\/uploads\/2023\/10\/3-4.jpeg\" alt=\" parlamentarios-de-cuba-rindieron-tributo-a-caidos-en-angola\" class=\"wp-image-582971\"\/><\/figure>\n\n\n\n<p>Ib\u00e1\u00f1ez apunt\u00f3 que Ra\u00fal D\u00edaz Arg\u00fcelles es un s\u00edmbolo de cubano digno, de los que son capaces de dar su vida por el bienestar e independencia de los pueblos hermanos del mundo.<\/p>\n\n\n\n<p>Asegur\u00f3 que los cubanos que ahora defienden la paz en Angola, desde la medicina, la educaci\u00f3n y otras esferas de la colaboraci\u00f3n, sabr\u00e1n ser herederos de su ejemplo.<\/p>\n\n\n\n<p>ro\/kmg<\/p>\n","protected":false},"excerpt":{"rendered":"<p>Luanda, 28 oct (Prensa Latina) La delegaci\u00f3n de Cuba que asisti\u00f3 aqu\u00ed a la 147 Asamblea de la Uni\u00f3n Interparlamentaria rindi\u00f3 homenaje hoy a los cubanos ca\u00eddos en la lucha por la preservaci\u00f3n de la independencia de Angola.&nbsp;&nbsp;&nbsp;&nbsp; octubre 28, 2023 CDT05:33 (GMT) -0400 Los diputados a la Asamblea Nacional del Poder Popular, encabezados por [&hellip;]<\/p>\n","protected":false},"author":28,"featured_media":484233,"comment_status":"closed","ping_status":"","sticky":false,"template":"","format":"standard","meta":{"footnotes":""},"categories":[26,23],"tags":[],"class_list":["post-484232","post","type-post","status-publish","format-standard","has-post-thumbnail","hentry","category-efemerides","category-internacional"],"_links":{"self":[{"href":"https:\/\/diariodominicano.com\/index.php?rest_route=\/wp\/v2\/posts\/484232","targetHints":{"allow":["GET"]}}],"collection":[{"href":"https:\/\/diariodominicano.com\/index.php?rest_route=\/wp\/v2\/posts"}],"about":[{"href":"https:\/\/diariodominicano.com\/index.php?rest_route=\/wp\/v2\/types\/post"}],"author":[{"embeddable":true,"href":"https:\/\/diariodominicano.com\/index.php?rest_route=\/wp\/v2\/users\/28"}],"replies":[{"embeddable":true,"href":"https:\/\/diariodominicano.com\/index.php?rest_route=%2Fwp%2Fv2%2Fcomments&post=484232"}],"version-history":[{"count":1,"href":"https:\/\/diariodominicano.com\/index.php?rest_route=\/wp\/v2\/posts\/484232\/revisions"}],"predecessor-version":[{"id":484234,"href":"https:\/\/diariodominicano.com\/index.php?rest_route=\/wp\/v2\/posts\/484232\/revisions\/484234"}],"wp:featuredmedia":[{"embeddable":true,"href":"https:\/\/diariodominicano.com\/index.php?rest_route=\/wp\/v2\/media\/484233"}],"wp:attachment":[{"href":"https:\/\/diariodominicano.com\/index.php?rest_route=%2Fwp%2Fv2%2Fmedia&parent=484232"}],"wp:term":[{"taxonomy":"category","embeddable":true,"href":"https:\/\/diariodominicano.com\/index.php?rest_route=%2Fwp%2Fv2%2Fcategories&post=484232"},{"taxonomy":"post_tag","embeddable":true,"href":"https:\/\/diariodominicano.com\/index.php?rest_route=%2Fwp%2Fv2%2Ftags&post=484232"}],"curies":[{"name":"wp","href":"https:\/\/api.w.org\/{rel}","templated":true}]}}