{"id":484229,"date":"2023-10-28T21:55:59","date_gmt":"2023-10-29T01:55:59","guid":{"rendered":"http:\/\/diariodominicano.com\/?p=484229"},"modified":"2023-10-28T21:55:59","modified_gmt":"2023-10-29T01:55:59","slug":"sergio-massa-llama-a-gobierno-de-unidad-nacional-en-argentina","status":"publish","type":"post","link":"https:\/\/diariodominicano.com\/?p=484229","title":{"rendered":"Sergio Massa llama a Gobierno de Unidad Nacional en Argentina"},"content":{"rendered":"\n<p>Berna, Suiza (Prensa latina) Los sectores populares del pa\u00eds sudamericano respiran y se preparan para dar la segunda batalla electoral en el balotaje del pr\u00f3ximo 19 de noviembre. La exitosa primera vuelta del domingo 22 de octubre clarific\u00f3 un panorama pol\u00edtico que se hab\u00eda enrarecido con las elecciones primarias del 13 de agosto pasado.&nbsp;&nbsp;&nbsp;&nbsp;<\/p>\n\n\n\n<ul class=\"wp-block-list\"><li>octubre 28, 2023<\/li><li>CDT10:11 (GMT) -0400<\/li><\/ul>\n\n\n\n<p>Sergio Ferrari*, colaborador de Prensa Latina<\/p>\n\n\n\n<p>El 22 de octubre, la Uni\u00f3n por la Patria, encabezada por Sergio Massa, actual ministro de Econom\u00eda, con casi el 37 por ciento de los votos, le sac\u00f3 siete puntos de diferencia al candidato Javier Milei de La Libertad Avanza. Revirti\u00f3 as\u00ed, sustancialmente, el resultado desfavorable de la uni\u00f3n progresista en las primarias de agosto pasado. Ambos candidatos se confrontar\u00e1n en la segunda vuelta electoral el 19 de noviembre, momento en el que se decidir\u00e1 qui\u00e9n ser\u00e1 el pr\u00f3ximo presidente del pa\u00eds para el periodo 2023-2027.<\/p>\n\n\n\n<p>Dos proyectos totalmente opuestos y confrontados<\/p>\n\n\n\n<p>Ese d\u00eda, en las urnas, lo que estar\u00e1 en juego son dos proyectos muy diferentes de naci\u00f3n. La Uni\u00f3n por la Patria, integrada esencialmente por el peronismo y por grupos del socialismo y los movimientos sociales, apuesta a reforzar el Estado y promover las pol\u00edticas p\u00fablicas sociales; renegociar, pero terminar, con la dependencia del Fondo Monetario Internacional; retomar las banderas de la justicia social; mantener el trabajo de Memoria, Verdad y Justicia que promovi\u00f3 el kirchnerismo a partir del 2003 y promover la unidad integradora latinoamericana (esencialmente en alianza con el Brasil de Lula da Silva) reforzando la visi\u00f3n estrat\u00e9gica de integraci\u00f3n y desarrollo subcontinental y latinoamericano.<\/p>\n\n\n\n<p>Javier Milei, quien recibi\u00f3 para su campa\u00f1a el apoyo de los extrema derecha del Vox espa\u00f1ol y de Bolsonaro de Brasil, anuncia como programa de gobierno el desmantelamiento del Estado; la liberalizaci\u00f3n total de la econom\u00eda; la privatizaci\u00f3n de las empresas p\u00fablicas; la dolarizaci\u00f3n del pa\u00eds, as\u00ed como el reforzamiento de las alianzas internacionales, solamente, con los Estados Unidos e Israel. Su discurso negacionista presupone que no hubo brutalidad ni genocidio de parte de la dictadura militar (1976-1983) y solo se trat\u00f3 de \u201cexcesos de algunos militares individuales\u201d. Levanta banderas xenof\u00f3bicas, homof\u00f3bicas, proimperialistas y subestima todo esfuerzo de integraci\u00f3n regional latinoamericana.<\/p>\n\n\n\n<p>Datos electorales esenciales<\/p>\n\n\n\n<p>El 22 de octubre, en la primera vuelta, Sergio Massa obtuvo 36.68 por ciento de los votos, en tanto Javier Milei, 29.98 por ciento. Muy por detr\u00e1s, la candidata Patricia Bullrich de la neoliberal Juntos por el Cambio con 23.83 por ciento. Juan Schiaretti, candidato de otro sector peronista del interior del pa\u00eds, sac\u00f3 el 6.78 por ciento, en tanto Myriam Bregman, de la izquierda originariamente trotskista, el 2.70 por ciento. Solo los dos m\u00e1s votados participar\u00e1n en el balotaje del 19 de noviembre pr\u00f3ximo. Concurri\u00f3 a las urnas un 78 por ciento de los empadronados, lo que representa una participaci\u00f3n baja en la historia electoral argentina.<\/p>\n\n\n\n<p>Adicionalmente, como producto de la renovaci\u00f3n parcial de las C\u00e1maras de Diputados y Senadores, el peronismo seguir\u00e1 siendo la primera minor\u00eda en ambas c\u00e1maras y le faltar\u00e1 solo dos votos para contar con la mayor\u00eda absoluta en el Senado.<\/p>\n\n\n\n<p>Hecho destacado de estas elecciones fue la victoria contundente de Axel Kicillof en la Provincia de Buenos Aires, donde seguir\u00e1 siendo gobernador, puesto que ocupa desde 2019. Kicillof, con el 45 por ciento de los votos en su distrito, fue el factor esencial de la remontada y los resultados exitosos de la Uni\u00f3n por la Patria. En Buenos Aires vive el 38 por ciento de la poblaci\u00f3n total de Argentina; es la provincia m\u00e1s importante en cuanto a producci\u00f3n se refiere, y concentra el 37 por ciento de los electores del pa\u00eds. La haza\u00f1a del dirigente peronista de apenas 52 a\u00f1os\u2013 que aument\u00f3 casi 10 puntos al resultado de las primarias de agosto pasado- constituye un pilar esencial del \u00e9xito nacional de Sergio Massa.<\/p>\n\n\n\n<p>Primeras conclusiones<\/p>\n\n\n\n<p>Tres elementos claves se desprenden de las elecciones de este 22 de octubre, en una lectura sint\u00e9tica. En primer lugar, y aunque no est\u00e1 asegurada la victoria, la Uni\u00f3n por la Patria va a disputar con ventaja el balotaje de noviembre. Para triunfar se ver\u00e1 obligada a hacer todav\u00eda m\u00e1s concesiones a sectores de centro-derecha para ampliar la unidad nacional, conseguir el 50 por ciento de los votos y evitar as\u00ed que gane el ultra Javier Milei.<\/p>\n\n\n\n<p>Esta nueva propuesta unitaria que lanz\u00f3 Massa la noche misma del 22 de octubre, anticipa que, en caso de ganar la presidencia, el pr\u00f3ximo gobierno llegar\u00e1 con un programa negociado con sectores importantes de la burgues\u00eda. No muy distante del gran esfuerzo que el Partido de los Trabajadores se vio obligado a promover hace justo un a\u00f1o para que Lula y su alianza Brasil de Esperanza lograran ajustadamente la victoria sobre Jair Bolsonaro.<\/p>\n\n\n\n<p>La l\u00ednea divisoria de esta nueva alianza ampliada parece ser, tal como lo anticip\u00f3 Massa en repetidas ocasiones, el comportamiento del Gobierno argentino ante el FMI. Massa quiere pagar la deuda, asegurando que el FMI se retire de Argentina, siguiendo as\u00ed la l\u00ednea que aplic\u00f3 N\u00e9stor Kirchner a inicios de los 2000 cuando fue presidente del pa\u00eds. Mecanismo que funcion\u00f3 hasta que Mauricio Macri le abri\u00f3 de nuevo al FMI la gran puerta al contraer la monstruosa deuda de 45 mil millones de d\u00f3lares apenas unos d\u00edas antes de perder las elecciones del 2019.<\/p>\n\n\n\n<p>En segundo lugar, sale profundamente reforzado (en Buenos Aires, pero irradiando una se\u00f1al en todo el pa\u00eds) el sector m\u00e1s progresista del peronismo con Axel Kicillof a la cabeza. Kicillof encarna la renovaci\u00f3n del espacio nacional y popular, y puede asegurar a\u00fan la continuidad superadora de la figura de Cristina Fern\u00e1ndez de Kirchner.<\/p>\n\n\n\n<p>Es, tal vez, la se\u00f1al esencial de esta coyuntura pol\u00edtico-electoral. Se afianza un sector \u201cjoven\u201d en la conducci\u00f3n del proyecto m\u00e1s coherente y combativo del espacio nacional y popular expresado en la Uni\u00f3n por la Patria.<\/p>\n\n\n\n<p>Tercer elemento y no menos significativo en t\u00e9rminos pol\u00edticos, es la desaparici\u00f3n de la escena pol\u00edtica, en todo caso a nivel coyuntural, del \u201cmacrismo\u00bb, ya que Juntos por el Cambio, con apenas 23 por ciento del electorado podr\u00eda desmembrarse y sufrir serias divisiones internas que ya se percib\u00edan y que solo un buen resultado electoral hubiera podido evitar. El macrismo, proyecto neoliberal con dram\u00e1ticas consecuencias para los sectores populares, gobern\u00f3 Argentina entre 2015 y 2019 y aspiraba a reconquistar la conducci\u00f3n del Estado.<\/p>\n\n\n\n<p>Aunque todo est\u00e1 abierto de cara a la segunda vuelta electoral del 19 de noviembre, los sectores populares argentinos, incluidos los numerosos movimientos sociales, recuperaron la palabra en las urnas este 22 de octubre. Remontando una situaci\u00f3n casi dram\u00e1tica que indicaba, incluso, la posibilidad de que un negacionista como Javier Milei llegase a ser presidente de Argentina en la primera vuelta.<\/p>\n\n\n\n<p>rmh\/sf<\/p>\n\n\n\n<p>*Periodista argentino residente en Suiza<\/p>\n\n\n\n<p>(Tomado de Firmas Selectas)<\/p>\n","protected":false},"excerpt":{"rendered":"<p>Berna, Suiza (Prensa latina) Los sectores populares del pa\u00eds sudamericano respiran y se preparan para dar la segunda batalla electoral en el balotaje del pr\u00f3ximo 19 de noviembre. La exitosa primera vuelta del domingo 22 de octubre clarific\u00f3 un panorama pol\u00edtico que se hab\u00eda enrarecido con las elecciones primarias del 13 de agosto pasado.&nbsp;&nbsp;&nbsp;&nbsp; octubre [&hellip;]<\/p>\n","protected":false},"author":28,"featured_media":484230,"comment_status":"closed","ping_status":"","sticky":false,"template":"","format":"standard","meta":{"footnotes":""},"categories":[22],"tags":[],"class_list":["post-484229","post","type-post","status-publish","format-standard","has-post-thumbnail","hentry","category-politica"],"_links":{"self":[{"href":"https:\/\/diariodominicano.com\/index.php?rest_route=\/wp\/v2\/posts\/484229","targetHints":{"allow":["GET"]}}],"collection":[{"href":"https:\/\/diariodominicano.com\/index.php?rest_route=\/wp\/v2\/posts"}],"about":[{"href":"https:\/\/diariodominicano.com\/index.php?rest_route=\/wp\/v2\/types\/post"}],"author":[{"embeddable":true,"href":"https:\/\/diariodominicano.com\/index.php?rest_route=\/wp\/v2\/users\/28"}],"replies":[{"embeddable":true,"href":"https:\/\/diariodominicano.com\/index.php?rest_route=%2Fwp%2Fv2%2Fcomments&post=484229"}],"version-history":[{"count":1,"href":"https:\/\/diariodominicano.com\/index.php?rest_route=\/wp\/v2\/posts\/484229\/revisions"}],"predecessor-version":[{"id":484231,"href":"https:\/\/diariodominicano.com\/index.php?rest_route=\/wp\/v2\/posts\/484229\/revisions\/484231"}],"wp:featuredmedia":[{"embeddable":true,"href":"https:\/\/diariodominicano.com\/index.php?rest_route=\/wp\/v2\/media\/484230"}],"wp:attachment":[{"href":"https:\/\/diariodominicano.com\/index.php?rest_route=%2Fwp%2Fv2%2Fmedia&parent=484229"}],"wp:term":[{"taxonomy":"category","embeddable":true,"href":"https:\/\/diariodominicano.com\/index.php?rest_route=%2Fwp%2Fv2%2Fcategories&post=484229"},{"taxonomy":"post_tag","embeddable":true,"href":"https:\/\/diariodominicano.com\/index.php?rest_route=%2Fwp%2Fv2%2Ftags&post=484229"}],"curies":[{"name":"wp","href":"https:\/\/api.w.org\/{rel}","templated":true}]}}