{"id":484221,"date":"2023-10-28T21:45:42","date_gmt":"2023-10-29T01:45:42","guid":{"rendered":"http:\/\/diariodominicano.com\/?p=484221"},"modified":"2023-10-28T21:45:42","modified_gmt":"2023-10-29T01:45:42","slug":"elecciones-regionales-en-colombia-se-medira-el-pulso-de-la-gestion-de-gustavo-petro","status":"publish","type":"post","link":"https:\/\/diariodominicano.com\/?p=484221","title":{"rendered":"Elecciones regionales en Colombia: \u00bfse medir\u00e1 el pulso de la gesti\u00f3n de Gustavo Petro?"},"content":{"rendered":"\n<p>octubre 28, 2023<\/p>\n\n\n\n<ul class=\"wp-block-list\"><li><a href=\"https:\/\/www.vozdeamerica.com\/author\/karen-sanchez\/qbqyy\">Karen S\u00e1nchez<\/a><\/li><\/ul>\n\n\n\n<figure class=\"wp-block-image\"><img decoding=\"async\" src=\"https:\/\/gdb.voanews.com\/4c5b5513-a582-4771-a693-173accb33960_w650_r1_s.jpg\" alt=\"ARCHIVO - Una vista de Corferias, el principal colegio electoral en Bogot\u00e1, Colombia, durante una segunda vuelta de las elecciones presidenciales, el domingo 19 de junio de 2022.\"\/><figcaption>ARCHIVO &#8211; Una vista de Corferias, el principal colegio electoral en Bogot\u00e1, Colombia, durante una segunda vuelta de las elecciones presidenciales, el domingo 19 de junio de 2022.<\/figcaption><\/figure>\n\n\n\n<ul class=\"wp-block-list\"><li><a href=\"https:\/\/facebook.com\/sharer.php?u=https%3a%2f%2fwww.vozdeamerica.com%2fa%2fcolombianos-elegiran-mandatarios-locales-elecciones-regionales%2f7331018.html\" target=\"_blank\" rel=\"noreferrer noopener\"><\/a><\/li><li><a href=\"https:\/\/twitter.com\/share?url=https%3a%2f%2fwww.vozdeamerica.com%2fa%2fcolombianos-elegiran-mandatarios-locales-elecciones-regionales%2f7331018.html&amp;text=Elecciones+regionales+en+Colombia%3a+%c2%bfse+medir%c3%a1+el+pulso+de+la+gesti%c3%b3n+de+Gustavo+Petro%3f\" target=\"_blank\" rel=\"noreferrer noopener\"><\/a><\/li><li><\/li><li><a href=\"mailto:?body=https%3a%2f%2fwww.vozdeamerica.com%2fa%2fcolombianos-elegiran-mandatarios-locales-elecciones-regionales%2f7331018.html&amp;subject=Elecciones%20regionales%20en%20Colombia:%20%C2%BFse%20medir%C3%A1%20el%20pulso%20de%20la%20gesti%C3%B3n%20de%20Gustavo%20Petro?\"><\/a><\/li><\/ul>\n\n\n\n<p><a href=\"https:\/\/www.vozdeamerica.com\/a\/colombianos-elegiran-mandatarios-locales-elecciones-regionales\/7331018.html#comments\">&nbsp;Vea comentarios<\/a><\/p>\n\n\n\n<p>Los colombianos se preparan para elegir a alcaldes, diputados y otros l\u00edderes pol\u00edticos locales este domingo. Si bien las elecciones son regionales, algunos analistas se\u00f1alan que podr\u00edan medir el pulso pol\u00edtico del gobierno de Gustavo Petro, sobre todo en Bogot\u00e1.BOGOT\u00c1 \u2014&nbsp;<\/p>\n\n\n\n<p>Este domingo 29 octubre los colombianos acudir\u00e1n a las urnas para elegir a sus autoridades locales y regionales.<\/p>\n\n\n\n<p>Cerca de 40 millones de personas est\u00e1n registrados para votar en los comicios donde se elegir\u00e1n gobernadores, alcaldes, diputados regionales, concejales distritales y ediles, que ocupar\u00e1n cerca de 20.000 cargos.<\/p>\n\n\n\n<p>Algunos analistas dicen que estas elecciones podr\u00edan medir el pulso pol\u00edtico del actual gobierno del presidente Gustavo Petro.<\/p>\n\n\n\n<p>Luis Fernando Trejos, analista internacional, asegur\u00f3 a la<strong><em>&nbsp;Voz de Am\u00e9rica&nbsp;<\/em><\/strong>que se va a \u201cmedir la la aceptaci\u00f3n de la gesti\u00f3n del Gobierno nacional en los territorios\u201d, tras 14 meses de mandato de Petro.<a href=\"https:\/\/www.vozdeamerica.com\/a\/elecciones-regionales-en-colombia-en-que-consisten-\/7329182.html\"><\/a><a href=\"https:\/\/www.vozdeamerica.com\/a\/elecciones-regionales-en-colombia-en-que-consisten-\/7329182.html\">TAMBI\u00c9N LEAElecciones regionales en Colombia: \u00bfEn qu\u00e9 consisten?<\/a><\/p>\n\n\n\n<p>Sin embargo, otros como Yann Basset, polit\u00f3logo y director del Grupo de Estudios de la Democracia de la Universidad del Rosario, afirm\u00f3 que los resultados del domingo no se pueden leer como una aprobaci\u00f3n o rechazo al gobierno nacional porque \u201cno es lo que est\u00e1 en juego\u201d, y la izquierda, de la que hace parte Petro, no tiene bases locales representativas excepto en Bogot\u00e1.<\/p>\n\n\n\n<p>Patricia Mu\u00f1oz Yi, docente de la Facultad de Ciencia Pol\u00edtica y Relaciones Internacionales de la Pontificia Universidad Javeriana, se\u00f1al\u00f3 no obstante que hay ciudades como Bogot\u00e1, Medell\u00edn y Santa Marta donde el gobierno tiene algunos aliados estrat\u00e9gicos importantes y es \u201cclave saber c\u00f3mo queda configurado el poder local para efecto de estas relaciones\u201d.<\/p>\n\n\n\n<p>La Alcald\u00eda de Bogot\u00e1, como&nbsp;<strong><em><a href=\"https:\/\/www.vozdeamerica.com\/a\/candidatos-alcaldia-bogota-colombia\/7330436.html\" target=\"_blank\" rel=\"noreferrer noopener\">segundo cargo de elecci\u00f3n popular m\u00e1s importante en el pa\u00eds,<\/a><\/em><\/strong>&nbsp;es crucial no solo para el Pacto Hist\u00f3rico, sino para todos los partidos, dijo Mu\u00f1oz.<\/p>\n\n\n\n<p>En la capital hay \u201cno solo una disputa del candidato del Pacto y las otras opciones, sino que tambi\u00e9n podr\u00eda reflejar de mejor manera cu\u00e1l es el respaldo que en Bogot\u00e1 le han venido dando a la gesti\u00f3n de gobierno de Gustavo Petro\u201d, a\u00f1adi\u00f3.<\/p>\n\n\n\n<p>Petro fue alcalde de Bogot\u00e1 entre 2012 y 2015. Los principales aspirantes a esa alcald\u00eda son el candidato del Nuevo Liberalismo&nbsp;<strong>Carlos Fernando Gal\u00e1n<\/strong>, favorito de las encuestas, quien es hijo del excandidato presidencial Luis Carlos Gal\u00e1n, asesinado en 1989 en un atentado, y Gustavo Bol\u00edvar, aspirante del Pacto Hist\u00f3rico, cercano al mandatario colombiano.<\/p>\n\n\n\n<p>En Medell\u00edn, el favorito, seg\u00fan la encuesta de Invamer publicada este 25 de octubre, es el derechista Federico &#8216;Fico&#8217; Guti\u00e9rrez, quien aspir\u00f3 a la Presidencia en 2022, f\u00e9rreo opositor a Petro. En Cali, los n\u00fameros muestran una re\u00f1ida contienda entre dos pol\u00edticos que representan los partidos tradicionales y ajenos al presidente.<\/p>\n\n\n\n<p>En Barranquilla, Alejandro Char, exalcalde de Barranquilla, que fue precandidato presidencial y miembro de uno de los clanes m\u00e1s poderosos del pa\u00eds, sigue siendo el favorito en la intenci\u00f3n de voto.<a href=\"https:\/\/www.vozdeamerica.com\/a\/candidatos-alcaldia-bogota-colombia\/7330436.html\"><\/a><a href=\"https:\/\/www.vozdeamerica.com\/a\/candidatos-alcaldia-bogota-colombia\/7330436.html\">TAMBI\u00c9N LEAElecciones Colombia: \u00bfQui\u00e9nes son los candidatos a la alcald\u00eda de Bogot\u00e1?<\/a><\/p>\n\n\n\n<p>Hasta este momento, agreg\u00f3 Trejos, \u201clo que se espera es que ganen las casas pol\u00edticas tradicionales\u201d, es decir, \u201cel discurso de cambio o la narrativa de cambio que se ha instalado en el gobierno nacional parece que va a chocar entonces con unas \u00e9lites que han estado enquistadas en el poder local y que se van a afianzar ah\u00ed\u201d.<\/p>\n\n\n\n<p>Esto, en parte, podr\u00eda evidenciar que la propuesta pol\u00edtica del presidente Petro no tiene arraigo en los territorios porque \u201cno cuenta con esa correa de transmisi\u00f3n que son los mandatarios locales\u201d, a\u00f1adi\u00f3 Trejos.<\/p>\n\n\n\n<h3 class=\"wp-block-heading\">Violencia y fraude<\/h3>\n\n\n\n<p>Las contiendas del domingo est\u00e1n enmarcadas en un contexto de violencia e inseguridad, mientras el gobierno de izquierda, por primera vez en la presidencia de Colombia, adelanta negociaciones de di\u00e1logos y paz con grupos armados y bajo&nbsp;<em><strong><a href=\"https:\/\/www.vozdeamerica.com\/a\/cese-fuego-gobierno-colombia-eln-\/7298726.html\" target=\"_blank\" rel=\"noreferrer noopener\">la vigencia de ceses del fuego bilaterales&nbsp;<\/a><\/strong><\/em>con la guerrilla del Ej\u00e9rcito de Liberaci\u00f3n Nacional (ELN) y&nbsp;<em><strong><a href=\"https:\/\/www.vozdeamerica.com\/a\/las-disidencias-de-las-farc-y-el-gobierno-colombiano-pactan-cese-del-fuego-por-tres-meses\/7313519.html\" target=\"_blank\" rel=\"noreferrer noopener\">con un sector de las disidencias&nbsp;<\/a><\/strong><\/em>de las Fuerzas Armadas Revolucionarias de Colombia (FARC) conocido como Estado Mayor Central (EMC).<\/p>\n\n\n\n<p>El viernes, por ejemplo,&nbsp;<em><strong><a href=\"https:\/\/www.vozdeamerica.com\/a\/colombia-mueren-dos-soldados-ataque-armado-seguridad-para-elecciones\/7330131.html?nocache=1\" target=\"_blank\" rel=\"noreferrer noopener\">dos soldados colombianos murieron&nbsp;<\/a><\/strong><\/em>y otro result\u00f3 herido tras ser atacados cuando prestaban seguridad en el norte del pa\u00eds para garantizar el desarrollo de los comicios. El mismo d\u00eda fue asesinado Jaime Luis D\u00edaz, un exguerrillero de la extinta guerrilla de las FARC que volvi\u00f3 a la vida civil tras firmar en 2016 el acuerdo de paz y que aspiraba al concejo de un municipio al norte del pa\u00eds.<\/p>\n\n\n\n<p>La Defensor\u00eda del Pueblo ha advertido que 274 municipios tienen riesgo extremo o alto de vulneraci\u00f3n de derechos a la poblaci\u00f3n, especialmente por&nbsp;<strong><em><a href=\"https:\/\/www.vozdeamerica.com\/a\/violencia-de-grupos-armados-amenaza-elecciones-locales-en-colombia\/7247870.html\" target=\"_blank\" rel=\"noreferrer noopener\">la influencia de grupos armados ilegales y del crimen organizado.<\/a><\/em><\/strong><\/p>\n\n\n\n<p>Tambi\u00e9n hay advertencias de disturbios y protestas relacionadas con desacuerdo tras los resultados finales.<\/p>\n\n\n\n<p>La Fundaci\u00f3n Paz &amp; Reconciliaci\u00f3n (Pares), en su quinto informe de violencia pol\u00edtico-electoral del actual calendario electoral, se\u00f1al\u00f3 que desde el 29 de octubre de 2022, fecha de inicio del calendario electoral, al 25 de octubre de 2023, a cuatro d\u00edas de la jornada electoral, se registraron 325 v\u00edctimas de violencia electoral en 262 hechos asociados.<\/p>\n\n\n\n<p>As\u00ed mismo, los gremios period\u00edsticos&nbsp;<strong><em><a href=\"https:\/\/www.vozdeamerica.com\/a\/incremento-amenazas-agresiones-periodistas-elecciones-regionales-colombia\/7326617.html\" target=\"_blank\" rel=\"noreferrer noopener\">han denunciado el incremento de amenazas y violaciones<\/a><\/em><\/strong>&nbsp;a la prensa en el contexto electoral.<\/p>\n\n\n\n<figure class=\"wp-block-image\"><img decoding=\"async\" src=\"https:\/\/gdb.voanews.com\/01000000-0aff-0242-93a0-08dbd71357ca_tv_w650_r1.jpg\" alt=\"Colombia se prepara para elecciones regionales y locales\" title=\"Colombia se prepara para elecciones regionales y locales\"\/><\/figure>\n\n\n\n<p><video poster=\"https:\/\/gdb.voanews.com\/01000000-0aff-0242-93a0-08dbd71357ca_tv_w650_r1.jpg\" src=\"blob:https:\/\/www.vozdeamerica.com\/ae48bcfc-9bf9-4e9d-8706-355080ca9a1e\"><\/video>&nbsp;INSERTAR&nbsp;SHARE<\/p>\n\n\n\n<h5 class=\"wp-block-heading\"><a href=\"https:\/\/www.vozdeamerica.com\/a\/colombianos-elegiran-mandatarios-locales-elecciones-regionales\/7329953.html\" target=\"_blank\" rel=\"noreferrer noopener\">Colombia se prepara para elecciones regionales y locales<\/a><\/h5>\n\n\n\n<p>&nbsp;INSERTAR&nbsp;SHAREEl c\u00f3digo se ha copiado en su portapapeles.&nbsp;<\/p>\n\n\n\n<hr class=\"wp-block-separator\"\/>\n\n\n\n<p>Ancho&nbsp;&nbsp;px&nbsp;Altura&nbsp;&nbsp;px<\/p>\n\n\n\n<ul class=\"wp-block-list\"><li><a href=\"https:\/\/facebook.com\/sharer.php?u=https%3a%2f%2fwww.vozdeamerica.com%2fa%2f7329953.html\" target=\"_blank\" rel=\"noreferrer noopener\">Comparta en Facebook<\/a><\/li><li><a href=\"https:\/\/twitter.com\/share?url=https%3a%2f%2fwww.vozdeamerica.com%2fa%2f7329953.html&amp;text=Colombia+se+prepara+para+elecciones+regionales+y+locales\" target=\"_blank\" rel=\"noreferrer noopener\">Comparta en Twitter<\/a><\/li><\/ul>\n\n\n\n<hr class=\"wp-block-separator\"\/>\n\n\n\n<p>The URL has been copied to your clipboard&nbsp;<\/p>\n\n\n\n<ul class=\"wp-block-list\"><li>Auto<\/li><li>240p<\/li><li>360p<\/li><li>480p<\/li><li>720p<\/li><li>1080p<\/li><\/ul>\n\n\n\n<p>No media source currently available0:001:310:00<\/p>\n\n\n\n<ul class=\"wp-block-list\"><li><\/li><li><\/li><li><\/li><li><\/li><li><\/li><li><\/li><\/ul>\n\n\n\n<p><a href=\"https:\/\/www.vozdeamerica.com\/embed\/player\/Article\/7329953.html?type=video&amp;FullScreenMode=True\" target=\"_blank\" rel=\"noreferrer noopener\"><\/a>&nbsp;Descargar&nbsp;<\/p>\n\n\n\n<p>Para Basset, la situaci\u00f3n de seguridad en estas elecciones \u00abno es la mejor\u201d, comparadas con las de hace cuatro a\u00f1os, un poco despu\u00e9s de la firma de los acuerdos de Paz, cuando \u201chab\u00eda una mejora sensible\u201d. Hoy se vive \u201cuna situaci\u00f3n muy dif\u00edcil\u201d, dijo a la&nbsp;<em>VOA<\/em>.<\/p>\n\n\n\n<p>Las autoridades informaron que m\u00e1s de 250.000 soldados y polic\u00edas se desplegar\u00e1n en todo el territorio nacional para brindar seguridad el domingo, de forma coordinada y conjunta con la Polic\u00eda, la Fuerza Aeroespacial Colombiana y la Armada.<\/p>\n\n\n\n<p>Seg\u00fan la Registradur\u00eda, 38.965.515 personas est\u00e1n habilitadas para votar. De estos, 4.301 son extranjeros, quienes solo podr\u00e1n participar para los comicios de \u00edndole municipal, no departamental. Las autoridades instalar\u00e1n 12.817 puestos de votaci\u00f3n: 5.605 urbanos y 7.212 rurales.<\/p>\n","protected":false},"excerpt":{"rendered":"<p>octubre 28, 2023 Karen S\u00e1nchez &nbsp;Vea comentarios Los colombianos se preparan para elegir a alcaldes, diputados y otros l\u00edderes pol\u00edticos locales este domingo. Si bien las elecciones son regionales, algunos analistas se\u00f1alan que podr\u00edan medir el pulso pol\u00edtico del gobierno de Gustavo Petro, sobre todo en Bogot\u00e1.BOGOT\u00c1 \u2014&nbsp; Este domingo 29 octubre los colombianos acudir\u00e1n [&hellip;]<\/p>\n","protected":false},"author":28,"featured_media":0,"comment_status":"closed","ping_status":"","sticky":true,"template":"","format":"standard","meta":{"footnotes":""},"categories":[36,23,22,27],"tags":[],"class_list":["post-484221","post","type-post","status-publish","format-standard","hentry","category-hombresmujeresycosas","category-internacional","category-politica","category-portada"],"_links":{"self":[{"href":"https:\/\/diariodominicano.com\/index.php?rest_route=\/wp\/v2\/posts\/484221","targetHints":{"allow":["GET"]}}],"collection":[{"href":"https:\/\/diariodominicano.com\/index.php?rest_route=\/wp\/v2\/posts"}],"about":[{"href":"https:\/\/diariodominicano.com\/index.php?rest_route=\/wp\/v2\/types\/post"}],"author":[{"embeddable":true,"href":"https:\/\/diariodominicano.com\/index.php?rest_route=\/wp\/v2\/users\/28"}],"replies":[{"embeddable":true,"href":"https:\/\/diariodominicano.com\/index.php?rest_route=%2Fwp%2Fv2%2Fcomments&post=484221"}],"version-history":[{"count":1,"href":"https:\/\/diariodominicano.com\/index.php?rest_route=\/wp\/v2\/posts\/484221\/revisions"}],"predecessor-version":[{"id":484222,"href":"https:\/\/diariodominicano.com\/index.php?rest_route=\/wp\/v2\/posts\/484221\/revisions\/484222"}],"wp:attachment":[{"href":"https:\/\/diariodominicano.com\/index.php?rest_route=%2Fwp%2Fv2%2Fmedia&parent=484221"}],"wp:term":[{"taxonomy":"category","embeddable":true,"href":"https:\/\/diariodominicano.com\/index.php?rest_route=%2Fwp%2Fv2%2Fcategories&post=484221"},{"taxonomy":"post_tag","embeddable":true,"href":"https:\/\/diariodominicano.com\/index.php?rest_route=%2Fwp%2Fv2%2Ftags&post=484221"}],"curies":[{"name":"wp","href":"https:\/\/api.w.org\/{rel}","templated":true}]}}