{"id":484176,"date":"2023-10-28T01:31:05","date_gmt":"2023-10-28T05:31:05","guid":{"rendered":"http:\/\/diariodominicano.com\/?p=484176"},"modified":"2023-10-28T01:31:32","modified_gmt":"2023-10-28T05:31:32","slug":"diplomaticos-recuerdan-a-heroe-de-cuba-en-aniversario-de-desaparicion","status":"publish","type":"post","link":"https:\/\/diariodominicano.com\/?p=484176","title":{"rendered":"Diplom\u00e1ticos recuerdan a h\u00e9roe de Cuba en aniversario de desaparici\u00f3n"},"content":{"rendered":"\n<p>Beijing, 28 oct (Prensa Latina) Diplom\u00e1ticos cubanos en China homenajearon hoy al h\u00e9roe Camilo Cienfuegos, a 64 a\u00f1os de su desaparici\u00f3n f\u00edsica.&nbsp;&nbsp;&nbsp;&nbsp;<\/p>\n\n\n\n<ul class=\"wp-block-list\"><li>octubre 28, 2023<\/li><li>CDT00:40 (GMT) -0400<\/li><\/ul>\n\n\n\n<p>Con un video sobre su vida, un poema recitado por ni\u00f1os y flores se record\u00f3 a uno de los protagonistas del triunfo revolucionario del 1 de enero de 1959 en la isla.<\/p>\n\n\n\n<p>El Comandante del Ej\u00e9rcito Rebelde Camilo Cienfuegos era conocido en el pa\u00eds caribe\u00f1o como el H\u00e9roe de Yaguajay, por su decisiva conducci\u00f3n del combate contra las fuerzas de la tiran\u00eda en aquel pueblo del centro de la naci\u00f3n.<\/p>\n\n\n\n<p>Su simpat\u00eda personal, car\u00e1cter jovial, lealtad y valent\u00eda, as\u00ed como su capacidad para conectar con las masas, le hicieron merecedor del cari\u00f1o popular y la confianza del l\u00edder Fidel Castro y del guerrillero argentino-cubano Ernesto Che Guevara.<\/p>\n\n\n\n<p>La v\u00edspera miles de personas le rindieron tributo en La Habana, entre ellos el presidente cubano, Miguel D\u00edaz-canel.<\/p>\n\n\n\n<p>Desde la Plaza de la Revoluci\u00f3n parti\u00f3 una peregrinaci\u00f3n hacia el litoral capitalino, donde los participantes arrojaron flores al mar a modo de homenaje.<\/p>\n\n\n\n<p>Cienfuegos desapareci\u00f3 f\u00edsicamente el 28 de octubre de 1959 a la edad de 27 a\u00f1os, cuando cay\u00f3 al agua el avi\u00f3n en el que regresaba a La Habana.<\/p>\n\n\n\n<p>Despu\u00e9s de d\u00edas de intensa b\u00fasqueda, Fidel Castro expres\u00f3: \u201cHombres como Camilo Cienfuegos surgieron del pueblo y vivieron para el pueblo. Nuestra \u00fanica compensaci\u00f3n ante la p\u00e9rdida de un compa\u00f1ero tan allegado a nosotros es saber que el pueblo de Cuba produce hombres como \u00e9l. Camilo vive y vivir\u00e1 en el pueblo\u201d.<\/p>\n\n\n\n<p>Sus restos nunca fueron hallados, de ah\u00ed la tradici\u00f3n del pueblo cubano de llevarle flores hasta el mar.<\/p>\n\n\n\n<p>ro\/idm<\/p>\n","protected":false},"excerpt":{"rendered":"<p>Beijing, 28 oct (Prensa Latina) Diplom\u00e1ticos cubanos en China homenajearon hoy al h\u00e9roe Camilo Cienfuegos, a 64 a\u00f1os de su desaparici\u00f3n f\u00edsica.&nbsp;&nbsp;&nbsp;&nbsp; octubre 28, 2023 CDT00:40 (GMT) -0400 Con un video sobre su vida, un poema recitado por ni\u00f1os y flores se record\u00f3 a uno de los protagonistas del triunfo revolucionario del 1 de enero [&hellip;]<\/p>\n","protected":false},"author":28,"featured_media":484177,"comment_status":"closed","ping_status":"","sticky":false,"template":"","format":"standard","meta":{"footnotes":""},"categories":[26],"tags":[],"class_list":["post-484176","post","type-post","status-publish","format-standard","has-post-thumbnail","hentry","category-efemerides"],"_links":{"self":[{"href":"https:\/\/diariodominicano.com\/index.php?rest_route=\/wp\/v2\/posts\/484176","targetHints":{"allow":["GET"]}}],"collection":[{"href":"https:\/\/diariodominicano.com\/index.php?rest_route=\/wp\/v2\/posts"}],"about":[{"href":"https:\/\/diariodominicano.com\/index.php?rest_route=\/wp\/v2\/types\/post"}],"author":[{"embeddable":true,"href":"https:\/\/diariodominicano.com\/index.php?rest_route=\/wp\/v2\/users\/28"}],"replies":[{"embeddable":true,"href":"https:\/\/diariodominicano.com\/index.php?rest_route=%2Fwp%2Fv2%2Fcomments&post=484176"}],"version-history":[{"count":1,"href":"https:\/\/diariodominicano.com\/index.php?rest_route=\/wp\/v2\/posts\/484176\/revisions"}],"predecessor-version":[{"id":484178,"href":"https:\/\/diariodominicano.com\/index.php?rest_route=\/wp\/v2\/posts\/484176\/revisions\/484178"}],"wp:featuredmedia":[{"embeddable":true,"href":"https:\/\/diariodominicano.com\/index.php?rest_route=\/wp\/v2\/media\/484177"}],"wp:attachment":[{"href":"https:\/\/diariodominicano.com\/index.php?rest_route=%2Fwp%2Fv2%2Fmedia&parent=484176"}],"wp:term":[{"taxonomy":"category","embeddable":true,"href":"https:\/\/diariodominicano.com\/index.php?rest_route=%2Fwp%2Fv2%2Fcategories&post=484176"},{"taxonomy":"post_tag","embeddable":true,"href":"https:\/\/diariodominicano.com\/index.php?rest_route=%2Fwp%2Fv2%2Ftags&post=484176"}],"curies":[{"name":"wp","href":"https:\/\/api.w.org\/{rel}","templated":true}]}}