{"id":484102,"date":"2023-10-27T22:59:00","date_gmt":"2023-10-28T02:59:00","guid":{"rendered":"http:\/\/diariodominicano.com\/?p=484102"},"modified":"2023-10-27T23:13:50","modified_gmt":"2023-10-28T03:13:50","slug":"semana-culinaria-inolvidable-con-el-primer-casa-de-campo-food-and-wine-festival-presentado-por-amex-y-banreservas","status":"publish","type":"post","link":"https:\/\/diariodominicano.com\/?p=484102","title":{"rendered":"Semana culinaria inolvidable con el Primer Casa de Campo Food and Wine Festival presentado por Amex y Banreservas"},"content":{"rendered":"\n<p> Jason Kycek, Andr\u00e9s Pichardo y Charles Keusters <\/p>\n\n\n\n<figure class=\"wp-block-image size-large\"><img loading=\"lazy\" decoding=\"async\" width=\"1024\" height=\"683\" src=\"https:\/\/diariodominicano.com\/wp-content\/uploads\/2023\/10\/2-Foto-Secundaria-Loida-Kycek-Juliana-Molina-Karina-Banda-y-Jason-Kycek-1024x683.jpg\" alt=\"\" class=\"wp-image-484106\" srcset=\"https:\/\/diariodominicano.com\/wp-content\/uploads\/2023\/10\/2-Foto-Secundaria-Loida-Kycek-Juliana-Molina-Karina-Banda-y-Jason-Kycek-1024x683.jpg 1024w, https:\/\/diariodominicano.com\/wp-content\/uploads\/2023\/10\/2-Foto-Secundaria-Loida-Kycek-Juliana-Molina-Karina-Banda-y-Jason-Kycek-300x200.jpg 300w, https:\/\/diariodominicano.com\/wp-content\/uploads\/2023\/10\/2-Foto-Secundaria-Loida-Kycek-Juliana-Molina-Karina-Banda-y-Jason-Kycek-768x512.jpg 768w, https:\/\/diariodominicano.com\/wp-content\/uploads\/2023\/10\/2-Foto-Secundaria-Loida-Kycek-Juliana-Molina-Karina-Banda-y-Jason-Kycek-1536x1024.jpg 1536w, https:\/\/diariodominicano.com\/wp-content\/uploads\/2023\/10\/2-Foto-Secundaria-Loida-Kycek-Juliana-Molina-Karina-Banda-y-Jason-Kycek-2048x1365.jpg 2048w, https:\/\/diariodominicano.com\/wp-content\/uploads\/2023\/10\/2-Foto-Secundaria-Loida-Kycek-Juliana-Molina-Karina-Banda-y-Jason-Kycek-816x544.jpg 816w\" sizes=\"auto, (max-width: 1024px) 100vw, 1024px\" \/><figcaption> Loida Kycek, Juliana Molina, Karina Banda y Jason Kycek <\/figcaption><\/figure>\n\n\n\n<p> <\/p>\n\n\n\n<p><strong>La Romana<\/strong>, RD.\u00a0&#8211; Casa de Campo Resort &amp; Villas celebr\u00f3 su\u00a0<strong>Primer Casa de Campo Food and Wine Festival presentado por Amex y Banreservas<\/strong>, una emocionante colaboraci\u00f3n con Invited, una importante empresa propietaria de clubes en Estados Unidos.<\/p>\n\n\n\n<figure class=\"wp-block-image size-large\"><img loading=\"lazy\" decoding=\"async\" width=\"895\" height=\"1024\" src=\"https:\/\/diariodominicano.com\/wp-content\/uploads\/2023\/10\/3-Eduardo-Garcia-y-Rodrigo-Menendez-895x1024.jpg\" alt=\"\" class=\"wp-image-484108\" srcset=\"https:\/\/diariodominicano.com\/wp-content\/uploads\/2023\/10\/3-Eduardo-Garcia-y-Rodrigo-Menendez-895x1024.jpg 895w, https:\/\/diariodominicano.com\/wp-content\/uploads\/2023\/10\/3-Eduardo-Garcia-y-Rodrigo-Menendez-262x300.jpg 262w, https:\/\/diariodominicano.com\/wp-content\/uploads\/2023\/10\/3-Eduardo-Garcia-y-Rodrigo-Menendez-768x879.jpg 768w, https:\/\/diariodominicano.com\/wp-content\/uploads\/2023\/10\/3-Eduardo-Garcia-y-Rodrigo-Menendez-1342x1536.jpg 1342w, https:\/\/diariodominicano.com\/wp-content\/uploads\/2023\/10\/3-Eduardo-Garcia-y-Rodrigo-Menendez-1789x2048.jpg 1789w, https:\/\/diariodominicano.com\/wp-content\/uploads\/2023\/10\/3-Eduardo-Garcia-y-Rodrigo-Menendez-816x934.jpg 816w\" sizes=\"auto, (max-width: 895px) 100vw, 895px\" \/><figcaption> Eduardo Garc\u00eda y Rodrigo Menendez <\/figcaption><\/figure>\n\n\n\n<p>Los hu\u00e9spedes e invitados disfrutar\u00e1n de todo lo que este destino tiene para ofrecer en el \u00e1mbito culinario y tur\u00edstico. La respuesta fue apabullante, y la acogida del p\u00fablico fue excepcional.<\/p>\n\n\n\n<p>\u00abEsta es la primera vez que se realiza este tipo festival, donde los asistentes fueron sumergidos en la cocina local e internacional de una manera fresca y emocionante y fue todo un \u00e9xito. Nos sentimos complacidos por la acogida que el p\u00fablico le dio a este evento. En cada una de las presentaciones se sinti\u00f3 la buena vibra de las personas\u00bb, coment\u00f3 Jason Kycek, vicepresidente senior de Ventas y Marketing en Casa de Campo Resort &amp; Villas.<\/p>\n\n\n\n<figure class=\"wp-block-image size-large\"><img loading=\"lazy\" decoding=\"async\" width=\"682\" height=\"1024\" src=\"https:\/\/diariodominicano.com\/wp-content\/uploads\/2023\/10\/4-Claudia-Becker-y-Alberto-Pierucci-682x1024.jpg\" alt=\"\" class=\"wp-image-484110\" srcset=\"https:\/\/diariodominicano.com\/wp-content\/uploads\/2023\/10\/4-Claudia-Becker-y-Alberto-Pierucci-682x1024.jpg 682w, https:\/\/diariodominicano.com\/wp-content\/uploads\/2023\/10\/4-Claudia-Becker-y-Alberto-Pierucci-200x300.jpg 200w, https:\/\/diariodominicano.com\/wp-content\/uploads\/2023\/10\/4-Claudia-Becker-y-Alberto-Pierucci-768x1154.jpg 768w, https:\/\/diariodominicano.com\/wp-content\/uploads\/2023\/10\/4-Claudia-Becker-y-Alberto-Pierucci-1023x1536.jpg 1023w, https:\/\/diariodominicano.com\/wp-content\/uploads\/2023\/10\/4-Claudia-Becker-y-Alberto-Pierucci-1364x2048.jpg 1364w, https:\/\/diariodominicano.com\/wp-content\/uploads\/2023\/10\/4-Claudia-Becker-y-Alberto-Pierucci-816x1226.jpg 816w, https:\/\/diariodominicano.com\/wp-content\/uploads\/2023\/10\/4-Claudia-Becker-y-Alberto-Pierucci-scaled.jpg 1704w\" sizes=\"auto, (max-width: 682px) 100vw, 682px\" \/><figcaption> Eduardo Garc\u00eda y Rodrigo Menendez <\/figcaption><\/figure>\n\n\n\n<p>El evento reuni\u00f3 a una destacada lista de asistentes relacionados al mundo gastron\u00f3mico nacional e internacional, entre ellos el famoso chef Akira Back, que comparti\u00f3 el escenario con talentosos chefs de la escena culinaria dominicana como Erik Malmsten, Joaqu\u00edn Renovales y Victor Langille. Adem\u00e1s, de la destacada participaci\u00f3n de algunos de los chefs y mix\u00f3logos m\u00e1s talentosos de Invited, junto con el equipo culinario de Casa de Campo.<\/p>\n\n\n\n<p>Uno de los aspectos destacados del festival fue la competencia en la que los chefs de Invited compitieron por el codiciado t\u00edtulo de Chef del A\u00f1o de la compa\u00f1\u00eda, un honor distinguido que Casa de Campo ha ayudado a destacar desde 2021. El ganador de esta edici\u00f3n fue Eric Yeager.<\/p>\n\n\n\n<figure class=\"wp-block-image size-large\"><img loading=\"lazy\" decoding=\"async\" width=\"682\" height=\"1024\" src=\"https:\/\/diariodominicano.com\/wp-content\/uploads\/2023\/10\/5-Claudia-Esvelti-y-Aurin-Rodriguez-682x1024.jpg\" alt=\"\" class=\"wp-image-484113\" srcset=\"https:\/\/diariodominicano.com\/wp-content\/uploads\/2023\/10\/5-Claudia-Esvelti-y-Aurin-Rodriguez-682x1024.jpg 682w, https:\/\/diariodominicano.com\/wp-content\/uploads\/2023\/10\/5-Claudia-Esvelti-y-Aurin-Rodriguez-200x300.jpg 200w, https:\/\/diariodominicano.com\/wp-content\/uploads\/2023\/10\/5-Claudia-Esvelti-y-Aurin-Rodriguez-768x1153.jpg 768w, https:\/\/diariodominicano.com\/wp-content\/uploads\/2023\/10\/5-Claudia-Esvelti-y-Aurin-Rodriguez-1023x1536.jpg 1023w, https:\/\/diariodominicano.com\/wp-content\/uploads\/2023\/10\/5-Claudia-Esvelti-y-Aurin-Rodriguez-1365x2048.jpg 1365w, https:\/\/diariodominicano.com\/wp-content\/uploads\/2023\/10\/5-Claudia-Esvelti-y-Aurin-Rodriguez-816x1225.jpg 816w, https:\/\/diariodominicano.com\/wp-content\/uploads\/2023\/10\/5-Claudia-Esvelti-y-Aurin-Rodriguez-scaled.jpg 1706w\" sizes=\"auto, (max-width: 682px) 100vw, 682px\" \/><figcaption>Claudia Esvelti y Aurin Rodr\u00edguez<\/figcaption><\/figure>\n\n\n\n<figure class=\"wp-block-image size-large\"><img loading=\"lazy\" decoding=\"async\" width=\"683\" height=\"1024\" src=\"https:\/\/diariodominicano.com\/wp-content\/uploads\/2023\/10\/6-David-Maler-y-Nashla-Bogaert-683x1024.jpg\" alt=\"\" class=\"wp-image-484115\" srcset=\"https:\/\/diariodominicano.com\/wp-content\/uploads\/2023\/10\/6-David-Maler-y-Nashla-Bogaert-683x1024.jpg 683w, https:\/\/diariodominicano.com\/wp-content\/uploads\/2023\/10\/6-David-Maler-y-Nashla-Bogaert-200x300.jpg 200w, https:\/\/diariodominicano.com\/wp-content\/uploads\/2023\/10\/6-David-Maler-y-Nashla-Bogaert-768x1152.jpg 768w, https:\/\/diariodominicano.com\/wp-content\/uploads\/2023\/10\/6-David-Maler-y-Nashla-Bogaert-1024x1536.jpg 1024w, https:\/\/diariodominicano.com\/wp-content\/uploads\/2023\/10\/6-David-Maler-y-Nashla-Bogaert-1365x2048.jpg 1365w, https:\/\/diariodominicano.com\/wp-content\/uploads\/2023\/10\/6-David-Maler-y-Nashla-Bogaert-816x1224.jpg 816w, https:\/\/diariodominicano.com\/wp-content\/uploads\/2023\/10\/6-David-Maler-y-Nashla-Bogaert-scaled.jpg 1707w\" sizes=\"auto, (max-width: 683px) 100vw, 683px\" \/><figcaption>David Maler y Nashla Bogaert<\/figcaption><\/figure>\n\n\n\n<figure class=\"wp-block-image size-large\"><img loading=\"lazy\" decoding=\"async\" width=\"682\" height=\"1024\" src=\"https:\/\/diariodominicano.com\/wp-content\/uploads\/2023\/10\/7-Deyanira-Pappaterra-y-Patricia-Peguero-682x1024.jpg\" alt=\"\" class=\"wp-image-484116\" srcset=\"https:\/\/diariodominicano.com\/wp-content\/uploads\/2023\/10\/7-Deyanira-Pappaterra-y-Patricia-Peguero-682x1024.jpg 682w, https:\/\/diariodominicano.com\/wp-content\/uploads\/2023\/10\/7-Deyanira-Pappaterra-y-Patricia-Peguero-200x300.jpg 200w, https:\/\/diariodominicano.com\/wp-content\/uploads\/2023\/10\/7-Deyanira-Pappaterra-y-Patricia-Peguero-768x1153.jpg 768w, https:\/\/diariodominicano.com\/wp-content\/uploads\/2023\/10\/7-Deyanira-Pappaterra-y-Patricia-Peguero-1023x1536.jpg 1023w, https:\/\/diariodominicano.com\/wp-content\/uploads\/2023\/10\/7-Deyanira-Pappaterra-y-Patricia-Peguero-1365x2048.jpg 1365w, https:\/\/diariodominicano.com\/wp-content\/uploads\/2023\/10\/7-Deyanira-Pappaterra-y-Patricia-Peguero-816x1225.jpg 816w, https:\/\/diariodominicano.com\/wp-content\/uploads\/2023\/10\/7-Deyanira-Pappaterra-y-Patricia-Peguero-scaled.jpg 1706w\" sizes=\"auto, (max-width: 682px) 100vw, 682px\" \/><figcaption>Deyanira Pappaterra y Patricia Peguero<\/figcaption><\/figure>\n\n\n\n<p>A lo largo de los cinco d\u00edas del evento, los asistentes tuvieron la oportunidad de disfrutar de maridajes de comida y vino proporcionados por algunos de los nombres m\u00e1s destacados en la gastronom\u00eda local e internacional. Adem\u00e1s, pudieron aprovechar todas las comodidades que Casa de Campo tiene para ofrecer, incluyendo las nuevas y lujosas instalaciones del Premier Club y el avanzado centro de spa.<\/p>\n\n\n\n<p>Las sedes de las degustaciones, cenas y competencias de los chefs incluyeron el amplio centro de eventos Marina Riverside de Casa de Campo, el Beach Club de Minitas y el Driving Range.<\/p>\n\n\n\n<figure class=\"wp-block-image size-large\"><img loading=\"lazy\" decoding=\"async\" width=\"683\" height=\"1024\" src=\"https:\/\/diariodominicano.com\/wp-content\/uploads\/2023\/10\/8-Manuel-Gomez-y-Priscilla-Tojo-683x1024.jpg\" alt=\"\" class=\"wp-image-484118\" srcset=\"https:\/\/diariodominicano.com\/wp-content\/uploads\/2023\/10\/8-Manuel-Gomez-y-Priscilla-Tojo-683x1024.jpg 683w, https:\/\/diariodominicano.com\/wp-content\/uploads\/2023\/10\/8-Manuel-Gomez-y-Priscilla-Tojo-200x300.jpg 200w, https:\/\/diariodominicano.com\/wp-content\/uploads\/2023\/10\/8-Manuel-Gomez-y-Priscilla-Tojo-768x1152.jpg 768w, https:\/\/diariodominicano.com\/wp-content\/uploads\/2023\/10\/8-Manuel-Gomez-y-Priscilla-Tojo-1024x1536.jpg 1024w, https:\/\/diariodominicano.com\/wp-content\/uploads\/2023\/10\/8-Manuel-Gomez-y-Priscilla-Tojo-1365x2048.jpg 1365w, https:\/\/diariodominicano.com\/wp-content\/uploads\/2023\/10\/8-Manuel-Gomez-y-Priscilla-Tojo-816x1224.jpg 816w, https:\/\/diariodominicano.com\/wp-content\/uploads\/2023\/10\/8-Manuel-Gomez-y-Priscilla-Tojo-scaled.jpg 1707w\" sizes=\"auto, (max-width: 683px) 100vw, 683px\" \/><figcaption> Manuel G\u00f3mez y Priscilla Tojo <\/figcaption><\/figure>\n\n\n\n<p>Este festival de comida y vino marc\u00f3 un hito en la escena culinaria de Casa de Campo y promete convertirse en un evento anual de renombre en la Rep\u00fablica Dominicana. El pr\u00f3ximo evento est\u00e1 agendado para la semana del 10 al 13 de octubre de 2024. Casa de Campo Resort &amp; Villas agradece a todos los que contribuyeron al \u00e9xito de esta semana culinaria extraordinaria.<\/p>\n\n\n\n<p>Henry Coradin<a target=\"_blank\" href=\"mailto:henrycoradinrelacionespublicas@gmail.com\" rel=\"noreferrer noopener\">henrycoradinrelacionespublicas<\/a><\/p>\n","protected":false},"excerpt":{"rendered":"<p>Jason Kycek, Andr\u00e9s Pichardo y Charles Keusters La Romana, RD.\u00a0&#8211; Casa de Campo Resort &amp; Villas celebr\u00f3 su\u00a0Primer Casa de Campo Food and Wine Festival presentado por Amex y Banreservas, una emocionante colaboraci\u00f3n con Invited, una importante empresa propietaria de clubes en Estados Unidos. Los hu\u00e9spedes e invitados disfrutar\u00e1n de todo lo que este destino [&hellip;]<\/p>\n","protected":false},"author":28,"featured_media":484103,"comment_status":"closed","ping_status":"","sticky":true,"template":"","format":"standard","meta":{"footnotes":""},"categories":[27,32],"tags":[],"class_list":["post-484102","post","type-post","status-publish","format-standard","has-post-thumbnail","hentry","category-portada","category-turismo"],"_links":{"self":[{"href":"https:\/\/diariodominicano.com\/index.php?rest_route=\/wp\/v2\/posts\/484102","targetHints":{"allow":["GET"]}}],"collection":[{"href":"https:\/\/diariodominicano.com\/index.php?rest_route=\/wp\/v2\/posts"}],"about":[{"href":"https:\/\/diariodominicano.com\/index.php?rest_route=\/wp\/v2\/types\/post"}],"author":[{"embeddable":true,"href":"https:\/\/diariodominicano.com\/index.php?rest_route=\/wp\/v2\/users\/28"}],"replies":[{"embeddable":true,"href":"https:\/\/diariodominicano.com\/index.php?rest_route=%2Fwp%2Fv2%2Fcomments&post=484102"}],"version-history":[{"count":10,"href":"https:\/\/diariodominicano.com\/index.php?rest_route=\/wp\/v2\/posts\/484102\/revisions"}],"predecessor-version":[{"id":484120,"href":"https:\/\/diariodominicano.com\/index.php?rest_route=\/wp\/v2\/posts\/484102\/revisions\/484120"}],"wp:featuredmedia":[{"embeddable":true,"href":"https:\/\/diariodominicano.com\/index.php?rest_route=\/wp\/v2\/media\/484103"}],"wp:attachment":[{"href":"https:\/\/diariodominicano.com\/index.php?rest_route=%2Fwp%2Fv2%2Fmedia&parent=484102"}],"wp:term":[{"taxonomy":"category","embeddable":true,"href":"https:\/\/diariodominicano.com\/index.php?rest_route=%2Fwp%2Fv2%2Fcategories&post=484102"},{"taxonomy":"post_tag","embeddable":true,"href":"https:\/\/diariodominicano.com\/index.php?rest_route=%2Fwp%2Fv2%2Ftags&post=484102"}],"curies":[{"name":"wp","href":"https:\/\/api.w.org\/{rel}","templated":true}]}}