{"id":48407,"date":"2020-10-24T10:25:51","date_gmt":"2020-10-24T10:25:51","guid":{"rendered":"http:\/\/diariodominicano.ddns.net\/?p=48407"},"modified":"2021-11-29T23:12:02","modified_gmt":"2021-11-30T03:12:02","slug":"ordenan-libertad-a-nacionalistas","status":"publish","type":"post","link":"https:\/\/diariodominicano.com\/?p=48407","title":{"rendered":"Ordenan libertad a nacionalistas"},"content":{"rendered":"<p><strong>diariodominicano.com\u00a0<\/strong><\/p>\n<p><strong>Ordenan libertad a nacionalistas<\/strong><\/p>\n<p><strong> SANTO DOMINGO, el 24 de octubre de 1916<\/strong>, el Gobierno de Ocupaci\u00f3n de los Estados Unidos dej\u00f3 en libertad a Luis C. del Castillo y el poeta Rafael Sanabia, quienes hab\u00edan sido arrestados por demandar la salida de las tropas invasoras.<\/p>\n<p>Las primeras acciones de las tr opas de ocupaci\u00f3n que iniciaron la intervenci\u00f3n militar contra el pa\u00eds en 1916, estuvieron matizadas por los actos de represi\u00f3n contra los dominicanos que defend\u00edan la soberan\u00eda nacional.<\/p>\n<p>La ocupaci\u00f3n termin\u00f3 en el a\u00f1o 1924, luego que se celebraron elecciones el 15 de marzo y fue escogido presidente Horacio V\u00e1squez.<\/p>\n<h6>2020-10-24 10:25:51<\/h6>\n<p><!--\n \t \t<link rel=\"stylesheet\" href=\"css\/bootstrap.min.css\">\n\n\n<ul class=\"pagination\">\n \t\n\n<li >\n\t<a href='?page_no=114'>Previous<\/a><\/li>\n\n\n \t\n\n<li><a href='?page_no=1'>1<\/a><\/li>\n\n\n \t\n\n<li><a href='?page_no=2'>2<\/a><\/li>\n\n\n \t\n\n<li><a>...<\/a><\/li>\n\n\n \t\n\n<li><a href='?page_no=113'>113<\/a><\/li>\n\n\n \t\n\n<li><a href='?page_no=114'>114<\/a><\/li>\n\n\n \t\n\n<li class='active'><a>115<\/a><\/li>\n\n\n \t\n\n<li><a href='?page_no=116'>116<\/a><\/li>\n\n\n \t\n\n<li><a href='?page_no=117'>117<\/a><\/li>\n\n\n \t\n\n<li><a>...<\/a><\/li>\n\n\n \t\n\n<li><a href='?page_no=22911'>22911<\/a><\/li>\n\n\n \t\n\n<li><a href='?page_no=22912'>22912<\/a><\/li>\n\n\n \t\n\n<li >\n\t<a href='?page_no=116'>Next<\/a><\/li>\n\n\n \t\n\n<li><a href='?page_no=22912'>Last &rsaquo;&rsaquo;<\/a><\/li>\n\n\n<\/ul>\n\n\n--><\/p>\n","protected":false},"excerpt":{"rendered":"<p>diariodominicano.com\u00a0 Ordenan libertad a nacionalistas SANTO DOMINGO, el 24 de octubre de 1916, el Gobierno de Ocupaci\u00f3n de los Estados Unidos dej\u00f3 en libertad a Luis C. del Castillo y el poeta Rafael Sanabia, quienes hab\u00edan sido arrestados por demandar la salida de las tropas invasoras. Las primeras acciones de las tr opas de ocupaci\u00f3n [&hellip;]<\/p>\n","protected":false},"author":3,"featured_media":303650,"comment_status":"open","ping_status":"open","sticky":true,"template":"","format":"standard","meta":{"footnotes":""},"categories":[21,27],"tags":[],"class_list":["post-48407","post","type-post","status-publish","format-standard","has-post-thumbnail","hentry","category-cultura","category-portada"],"_links":{"self":[{"href":"https:\/\/diariodominicano.com\/index.php?rest_route=\/wp\/v2\/posts\/48407","targetHints":{"allow":["GET"]}}],"collection":[{"href":"https:\/\/diariodominicano.com\/index.php?rest_route=\/wp\/v2\/posts"}],"about":[{"href":"https:\/\/diariodominicano.com\/index.php?rest_route=\/wp\/v2\/types\/post"}],"author":[{"embeddable":true,"href":"https:\/\/diariodominicano.com\/index.php?rest_route=\/wp\/v2\/users\/3"}],"replies":[{"embeddable":true,"href":"https:\/\/diariodominicano.com\/index.php?rest_route=%2Fwp%2Fv2%2Fcomments&post=48407"}],"version-history":[{"count":5,"href":"https:\/\/diariodominicano.com\/index.php?rest_route=\/wp\/v2\/posts\/48407\/revisions"}],"predecessor-version":[{"id":312347,"href":"https:\/\/diariodominicano.com\/index.php?rest_route=\/wp\/v2\/posts\/48407\/revisions\/312347"}],"wp:featuredmedia":[{"embeddable":true,"href":"https:\/\/diariodominicano.com\/index.php?rest_route=\/wp\/v2\/media\/303650"}],"wp:attachment":[{"href":"https:\/\/diariodominicano.com\/index.php?rest_route=%2Fwp%2Fv2%2Fmedia&parent=48407"}],"wp:term":[{"taxonomy":"category","embeddable":true,"href":"https:\/\/diariodominicano.com\/index.php?rest_route=%2Fwp%2Fv2%2Fcategories&post=48407"},{"taxonomy":"post_tag","embeddable":true,"href":"https:\/\/diariodominicano.com\/index.php?rest_route=%2Fwp%2Fv2%2Ftags&post=48407"}],"curies":[{"name":"wp","href":"https:\/\/api.w.org\/{rel}","templated":true}]}}