{"id":484042,"date":"2023-10-27T21:13:47","date_gmt":"2023-10-28T01:13:47","guid":{"rendered":"http:\/\/diariodominicano.com\/?p=484042"},"modified":"2023-10-27T21:15:08","modified_gmt":"2023-10-28T01:15:08","slug":"delegados-proclamaran-a-franc-rosario-candidato-presidencial-del-frente-progresista-y-alianza-pais","status":"publish","type":"post","link":"https:\/\/diariodominicano.com\/?p=484042","title":{"rendered":"Delegados proclamar\u00e1n a Franc Rosario candidato presidencial del Frente Progresista y Alianza Pa\u00eds"},"content":{"rendered":"\n<p>Franc Rosario<\/p>\n\n\n\n<p><strong>Santo Domingo, 27 de octubre del 2023.<\/strong> M\u00e1s de 400 delegados y delegadas de gran parte del pa\u00eds se reunir\u00e1n el s\u00e1bado pr\u00f3ximo en una concentraci\u00f3n electoral con el aspirante a la presidencia de la Rep\u00fablica por Alianza Pa\u00eds y el Frente Progresista, el empresario y periodista Franc Rosario .<\/p>\n\n\n\n<p>Los participantes aprobar\u00e1n las nuevas etapas de la campa\u00f1a electoral dise\u00f1ada por el comando de campa\u00f1a del candidato , as\u00ed como los planes para respaldar a las candidatas y candidatos de AlPa\u00eds y el Frente Progresista a nivel nacional para que est\u00e9n en condiciones de disputar los cargos electivos a los partidos tradicionales.<\/p>\n\n\n\n<p>En el encuentro estar\u00e1n presentes dirigentes, militantes y simpatizantes de las principales Provincias del pa\u00eds y ser\u00e1 realizado desde las 10 am en un hotel de la capital.<\/p>\n\n\n\n<p>Al final del encuentro, Rosario pronunciar\u00e1 un discurso a sus seguidores y posteriormente hablar\u00e1 con la prensa.<\/p>\n\n\n\n<p>Franc Rosario es el \u00fanico que formalizado hasta la fecha su inscripci\u00f3n para optar por la candidatura presidencial de AlPa\u00eds y sus aliados del Frente Progresista, que aglutina a diversas organizaciones sociales y pol\u00edticas y personalidades independientes.<\/p>\n\n\n\n<p>La ley electoral y la de partidos pol\u00edticos fijan los plazos para que las organizaciones llamen a sus miembros a procesos de selecci\u00f3n para las diferentes candidaturas a puestos de elecci\u00f3n en los diferentes niveles, siendo el domingo 29 de octubre la fecha l\u00edmite para presentar las listas a la Junta Central Electoral.<\/p>\n\n\n\n<p>Rosario, un reconocido l\u00edder progresista y de la lucha anticorrupci\u00f3n, ha concitado en apoyo de casi todo el sentimiento progresista y la poblaci\u00f3n que se moviliz\u00f3 con \u00e9l y miles de personas en la Marcha Verde.<\/p>\n\n\n\n<p><strong>Sobre Franc Rosario<\/strong><\/p>\n\n\n\n<p>Franc Rosario es una destacada figura pol\u00edtica y l\u00edder progresista. En la actualidad aspira a representar la candidatura presidencial del partido pol\u00edtico Alianza Pa\u00eds y el Frente Progresista en Rep\u00fablica Dominicana, para las elecciones presidenciales del a\u00f1o 2024. Con una trayectoria marcada en el \u00e1mbito corporativo como empresario el\u00e9ctrico por m\u00e1s de 20 a\u00f1os, ha demostrado que posee un fuerte compromiso con la justicia social y el desarrollo sostenible del pa\u00eds.<\/p>\n\n\n\n<p>Rosario, a trav\u00e9s de Sed de Justicia, organizaci\u00f3n c\u00edvica no partidista que fund\u00f3 en el a\u00f1o 2020, ha demostrado ser un defensor incansable de los derechos humanos, la igualdad y la solidaridad en la Rep\u00fablica Dominicana.<\/p>\n\n\n\n<p>Como aspirante a la presidencia, Fran Rosario se ha destacado por su visi\u00f3n inclusiva y su enfoque en promover pol\u00edticas p\u00fablicas que beneficien a todos los ciudadanos. Su plataforma se centra en temas cruciales como la educaci\u00f3n de calidad, la atenci\u00f3n m\u00e9dica accesible, el fomento de la econom\u00eda local y la preservaci\u00f3n del medio ambiente. Adem\u00e1s, se ha comprometido a fortalecer las relaciones internacionales y la cooperaci\u00f3n regional para abordar los desaf\u00edos globales.<\/p>\n\n\n\n<p>Franc Rosario es un l\u00edder inspirador que busca un futuro mejor para la Rep\u00fablica Dominicana, impulsado por valores de equidad y progreso. Su candidatura representa la esperanza de un pa\u00eds m\u00e1s justo y pr\u00f3spero, donde cada dominicano tenga la oportunidad de alcanzar su m\u00e1ximo potencial. Con una visi\u00f3n audaz y un compromiso inquebrantable con el bienestar de su naci\u00f3n, Fran Rosario se presenta como una opci\u00f3n s\u00f3lida y visionaria para liderar la Rep\u00fablica Dominicana hacia un futuro prometedor.<\/p>\n\n\n\n<p>Cross Media<a target=\"_blank\" href=\"mailto:crossmediagrouprd@gmail.com\" rel=\"noreferrer noopener\">crossmediagrouprd@gmail.com<\/a><\/p>\n","protected":false},"excerpt":{"rendered":"<p>Franc Rosario Santo Domingo, 27 de octubre del 2023. M\u00e1s de 400 delegados y delegadas de gran parte del pa\u00eds se reunir\u00e1n el s\u00e1bado pr\u00f3ximo en una concentraci\u00f3n electoral con el aspirante a la presidencia de la Rep\u00fablica por Alianza Pa\u00eds y el Frente Progresista, el empresario y periodista Franc Rosario . Los participantes aprobar\u00e1n [&hellip;]<\/p>\n","protected":false},"author":28,"featured_media":482513,"comment_status":"closed","ping_status":"","sticky":false,"template":"","format":"standard","meta":{"footnotes":""},"categories":[22],"tags":[],"class_list":["post-484042","post","type-post","status-publish","format-standard","has-post-thumbnail","hentry","category-politica"],"_links":{"self":[{"href":"https:\/\/diariodominicano.com\/index.php?rest_route=\/wp\/v2\/posts\/484042","targetHints":{"allow":["GET"]}}],"collection":[{"href":"https:\/\/diariodominicano.com\/index.php?rest_route=\/wp\/v2\/posts"}],"about":[{"href":"https:\/\/diariodominicano.com\/index.php?rest_route=\/wp\/v2\/types\/post"}],"author":[{"embeddable":true,"href":"https:\/\/diariodominicano.com\/index.php?rest_route=\/wp\/v2\/users\/28"}],"replies":[{"embeddable":true,"href":"https:\/\/diariodominicano.com\/index.php?rest_route=%2Fwp%2Fv2%2Fcomments&post=484042"}],"version-history":[{"count":2,"href":"https:\/\/diariodominicano.com\/index.php?rest_route=\/wp\/v2\/posts\/484042\/revisions"}],"predecessor-version":[{"id":484044,"href":"https:\/\/diariodominicano.com\/index.php?rest_route=\/wp\/v2\/posts\/484042\/revisions\/484044"}],"wp:featuredmedia":[{"embeddable":true,"href":"https:\/\/diariodominicano.com\/index.php?rest_route=\/wp\/v2\/media\/482513"}],"wp:attachment":[{"href":"https:\/\/diariodominicano.com\/index.php?rest_route=%2Fwp%2Fv2%2Fmedia&parent=484042"}],"wp:term":[{"taxonomy":"category","embeddable":true,"href":"https:\/\/diariodominicano.com\/index.php?rest_route=%2Fwp%2Fv2%2Fcategories&post=484042"},{"taxonomy":"post_tag","embeddable":true,"href":"https:\/\/diariodominicano.com\/index.php?rest_route=%2Fwp%2Fv2%2Ftags&post=484042"}],"curies":[{"name":"wp","href":"https:\/\/api.w.org\/{rel}","templated":true}]}}