{"id":484027,"date":"2023-10-27T20:56:24","date_gmt":"2023-10-28T00:56:24","guid":{"rendered":"http:\/\/diariodominicano.com\/?p=484027"},"modified":"2023-10-27T20:59:49","modified_gmt":"2023-10-28T00:59:49","slug":"celebran-2do-aniversario-de-la-clinica-de-armonizacion-dento-facial-dr-milton-herrera-con-taller-de-capacitacion","status":"publish","type":"post","link":"https:\/\/diariodominicano.com\/?p=484027","title":{"rendered":"Celebran 2do. Aniversario de la Cl\u00ednica de Armonizaci\u00f3n Dento-Facial Dr. Milton Herrera, con taller de capacitaci\u00f3n\u00a0"},"content":{"rendered":"\n<p><br>El taller fue impartido por la Licenciada Anyerika Vargas\u00a0<\/p>\n\n\n\n<figure class=\"wp-block-image size-large\"><img loading=\"lazy\" decoding=\"async\" width=\"992\" height=\"1024\" src=\"https:\/\/diariodominicano.com\/wp-content\/uploads\/2023\/10\/thumbnail_IMG_1751-992x1024.jpg\" alt=\"\" class=\"wp-image-484032\" srcset=\"https:\/\/diariodominicano.com\/wp-content\/uploads\/2023\/10\/thumbnail_IMG_1751-992x1024.jpg 992w, https:\/\/diariodominicano.com\/wp-content\/uploads\/2023\/10\/thumbnail_IMG_1751-291x300.jpg 291w, https:\/\/diariodominicano.com\/wp-content\/uploads\/2023\/10\/thumbnail_IMG_1751-768x793.jpg 768w, https:\/\/diariodominicano.com\/wp-content\/uploads\/2023\/10\/thumbnail_IMG_1751-1488x1536.jpg 1488w, https:\/\/diariodominicano.com\/wp-content\/uploads\/2023\/10\/thumbnail_IMG_1751-816x842.jpg 816w, https:\/\/diariodominicano.com\/wp-content\/uploads\/2023\/10\/thumbnail_IMG_1751.jpg 1790w\" sizes=\"auto, (max-width: 992px) 100vw, 992px\" \/><\/figure>\n\n\n\n<p><br>Santo Domingo, RD .- La Licenciada Anyerika Vargas de Herrera, directora administrativa de la Cl\u00ednica de Armonizaci\u00f3n Dento-Facial Dr. Milton Herrera, realiz\u00f3 un taller de \u00abCapacitaci\u00f3n de Servicio al Cliente\u00bb para todos los empleados y colaboradores de la cl\u00ednica por motivo de su segundo aniversario.\u00a0<\/p>\n\n\n\n<figure class=\"wp-block-image size-large\"><img loading=\"lazy\" decoding=\"async\" width=\"1024\" height=\"966\" src=\"https:\/\/diariodominicano.com\/wp-content\/uploads\/2023\/10\/thumbnail_IMG_1744-1024x966.jpg\" alt=\"\" class=\"wp-image-484034\" srcset=\"https:\/\/diariodominicano.com\/wp-content\/uploads\/2023\/10\/thumbnail_IMG_1744-1024x966.jpg 1024w, https:\/\/diariodominicano.com\/wp-content\/uploads\/2023\/10\/thumbnail_IMG_1744-300x283.jpg 300w, https:\/\/diariodominicano.com\/wp-content\/uploads\/2023\/10\/thumbnail_IMG_1744-768x724.jpg 768w, https:\/\/diariodominicano.com\/wp-content\/uploads\/2023\/10\/thumbnail_IMG_1744-1536x1449.jpg 1536w, https:\/\/diariodominicano.com\/wp-content\/uploads\/2023\/10\/thumbnail_IMG_1744-816x770.jpg 816w, https:\/\/diariodominicano.com\/wp-content\/uploads\/2023\/10\/thumbnail_IMG_1744.jpg 1920w\" sizes=\"auto, (max-width: 1024px) 100vw, 1024px\" \/><\/figure>\n\n\n\n<p><br>En este taller Vargas, a trav\u00e9s de su expertise y vastos conocimientos, brindo las herramientas necesarias para mejorar las experiencias,<\/p>\n\n\n\n<p>el trato a los pacientes y mantener la fidelidad de cada uno de ellos,<\/p>\n\n\n\n<p>en todos los procedimientos que ofrece la Cl\u00ednica de Armonizaci\u00f3n Dento-Facial Dr. Milton Herrera.<br>Lo m\u00e1s importante para mi es que todos mejoren, planeen y realicen de manera eficiente sus actividades y que con el conocimiento constituyan un equipo de trabajo de alto rendimiento, que cada quien se desarrolle en lo personal y profesional, logrando as\u00ed un mayor sentido de pertenencia y prop\u00f3sito,<\/p>\n\n\n\n<p>destac\u00f3 la Licenciada Vargas.<br>Un seguimiento constante, antes, durante y despu\u00e9s, te permitir\u00e1 lograr la fidelidad de tus clientes,<\/p>\n\n\n\n<p>deben saber que el servicio al cliente es el pilar fundamental de todo negocio, manifest\u00f3 la directora administrativa Anyerika Vargas quien realiz\u00f3 una ponencia magistral, logrando la ovaci\u00f3n de pie,<\/p>\n\n\n\n<p>de todos los presentes.\u00a0<br>Por ser un gran ejemplo de trabajador constante d\u00f3nde transforma la vida de todos sus pacientes,brindando un trabajo de calidad a trav\u00e9s de la Armonizaci\u00f3n Facial,<\/p>\n\n\n\n<p>fue reconocido el Dr. Milton Herrera. En el Aniversario tambi\u00e9n recibieron medallas y placas de reconocimientos sorpresa, los empleados m\u00e1s sobresalientes en sus diferentes \u00e1reas, para motivarlos a qu\u00e9 sigan dando lo mejor de ellos en cada uno de los puestos que desempe\u00f1an.<\/p>\n\n\n\n<p><br>La actividad se llev\u00f3 a cabo en Carnes by Dial, con una decoraci\u00f3n aleg\u00f3rica al aniversario y taller, realizada por Claudia Nu\u00f1ez, ceo de Cajuilito Eventos, los presentes degustaron de un rico buffet, recibieron regalos de parte de los directores de la cl\u00ednica, hubo rifas y muchas sorpresas, la actividad se despidi\u00f3 anunciando la fiesta tem\u00e1tica de navidad que realizar\u00e1 en Diciembre la Cl\u00ednica de Armonizaci\u00f3n Dento-Facial Dr. Milton Herrera.<\/p>\n\n\n\n<p>Notas de prensa Difusi\u00f3n RD<a target=\"_blank\" href=\"mailto:produccion_iam@hotmail.com\" rel=\"noreferrer noopener\">produccion_iam@hotmail.com<\/a><\/p>\n","protected":false},"excerpt":{"rendered":"<p>El taller fue impartido por la Licenciada Anyerika Vargas\u00a0 Santo Domingo, RD .- La Licenciada Anyerika Vargas de Herrera, directora administrativa de la Cl\u00ednica de Armonizaci\u00f3n Dento-Facial Dr. Milton Herrera, realiz\u00f3 un taller de \u00abCapacitaci\u00f3n de Servicio al Cliente\u00bb para todos los empleados y colaboradores de la cl\u00ednica por motivo de su segundo aniversario.\u00a0 En [&hellip;]<\/p>\n","protected":false},"author":28,"featured_media":484031,"comment_status":"closed","ping_status":"","sticky":true,"template":"","format":"standard","meta":{"footnotes":""},"categories":[36,27,32],"tags":[],"class_list":["post-484027","post","type-post","status-publish","format-standard","has-post-thumbnail","hentry","category-hombresmujeresycosas","category-portada","category-turismo"],"_links":{"self":[{"href":"https:\/\/diariodominicano.com\/index.php?rest_route=\/wp\/v2\/posts\/484027","targetHints":{"allow":["GET"]}}],"collection":[{"href":"https:\/\/diariodominicano.com\/index.php?rest_route=\/wp\/v2\/posts"}],"about":[{"href":"https:\/\/diariodominicano.com\/index.php?rest_route=\/wp\/v2\/types\/post"}],"author":[{"embeddable":true,"href":"https:\/\/diariodominicano.com\/index.php?rest_route=\/wp\/v2\/users\/28"}],"replies":[{"embeddable":true,"href":"https:\/\/diariodominicano.com\/index.php?rest_route=%2Fwp%2Fv2%2Fcomments&post=484027"}],"version-history":[{"count":3,"href":"https:\/\/diariodominicano.com\/index.php?rest_route=\/wp\/v2\/posts\/484027\/revisions"}],"predecessor-version":[{"id":484035,"href":"https:\/\/diariodominicano.com\/index.php?rest_route=\/wp\/v2\/posts\/484027\/revisions\/484035"}],"wp:featuredmedia":[{"embeddable":true,"href":"https:\/\/diariodominicano.com\/index.php?rest_route=\/wp\/v2\/media\/484031"}],"wp:attachment":[{"href":"https:\/\/diariodominicano.com\/index.php?rest_route=%2Fwp%2Fv2%2Fmedia&parent=484027"}],"wp:term":[{"taxonomy":"category","embeddable":true,"href":"https:\/\/diariodominicano.com\/index.php?rest_route=%2Fwp%2Fv2%2Fcategories&post=484027"},{"taxonomy":"post_tag","embeddable":true,"href":"https:\/\/diariodominicano.com\/index.php?rest_route=%2Fwp%2Fv2%2Ftags&post=484027"}],"curies":[{"name":"wp","href":"https:\/\/api.w.org\/{rel}","templated":true}]}}