{"id":483988,"date":"2023-10-27T15:33:56","date_gmt":"2023-10-27T19:33:56","guid":{"rendered":"http:\/\/diariodominicano.com\/?p=483988"},"modified":"2023-10-27T15:33:56","modified_gmt":"2023-10-27T19:33:56","slug":"segundo-ano-del-fallecimiento-de-reinaldo-pared-perez","status":"publish","type":"post","link":"https:\/\/diariodominicano.com\/?p=483988","title":{"rendered":"Segundo a\u00f1o del fallecimiento de Reinaldo Pared P\u00e9rez"},"content":{"rendered":"\n<p><strong><em>Homenaje del PLD a Reinaldo Pared P\u00e9rez<\/em><\/strong><em>&nbsp;en el segundo aniversario de su fallecimiento.<\/em><\/p>\n\n\n\n<p><strong>El Partido de la Liberaci\u00f3n Dominicana (PLD<\/strong>) anunci\u00f3 que realizar\u00e1 este s\u00e1bado un homenaje p\u00f3stumo en el segundo aniversario del fallecimiento de su secretario general ad vitam, Reinaldo Pared P\u00e9rez, en la Casa Nacional de la organizaci\u00f3n pol\u00edtica que lleva su nombre.<\/p>\n\n\n\n<p>El acto est\u00e1 pautado para iniciar a las 3:00 de la tarde, previo a una asamblea de Delegados para seleccionar por aclamaci\u00f3n candidatos y candidatas a diputados y diputadas. &nbsp;&nbsp;<\/p>\n\n\n\n<p>Tambi\u00e9n a partir de las seis de la tarde se realizar\u00e1 una eucarist\u00eda en la Iglesia San Juan Bosco en el sector del mismo nombre en la ciudad capital. &nbsp;<\/p>\n\n\n\n<p>Reinaldo Pared P\u00e9rez falleci\u00f3 el 28 de octubre del 2021, confirm\u00e1ndose la noticia esa misma noche. Fue sepultado dos d\u00edas despu\u00e9s en un concurrido sepelio con la asistencia de dirigentes del PLD, de otros partidos pol\u00edticos, congresistas, juristas, acad\u00e9micos y gente del pueblo lamentando el fallecimiento.<\/p>\n\n\n\n<p>Pared P\u00e9rez fue regidor, diputado, presidente de la C\u00e1mara de Diputados y senador del Distrito Nacional, siendo tambi\u00e9n presidente del Senado.<\/p>\n\n\n\n<p>En el a\u00f1o 2001 es electo como secretario general del PLD, siendo reelegido para dicho cargo en el a\u00f1o 2005, permaneciendo hasta el 2020. En el IX Congreso ordinario Jos\u00e9 Joaqu\u00edn Bid\u00f3 Medina, fue declarado \u201csecretario general Ad-Vitam\u2019\u2019.<\/p>\n\n\n\n<p><strong>SECRETARIA DE COMUNICACIONES<\/strong><\/p>\n\n\n\n<p><strong>27 DE OCTUBRE, 2023.-<\/strong><\/p>\n","protected":false},"excerpt":{"rendered":"<p>Homenaje del PLD a Reinaldo Pared P\u00e9rez&nbsp;en el segundo aniversario de su fallecimiento. El Partido de la Liberaci\u00f3n Dominicana (PLD) anunci\u00f3 que realizar\u00e1 este s\u00e1bado un homenaje p\u00f3stumo en el segundo aniversario del fallecimiento de su secretario general ad vitam, Reinaldo Pared P\u00e9rez, en la Casa Nacional de la organizaci\u00f3n pol\u00edtica que lleva su nombre. [&hellip;]<\/p>\n","protected":false},"author":28,"featured_media":483989,"comment_status":"closed","ping_status":"","sticky":true,"template":"","format":"standard","meta":{"footnotes":""},"categories":[20,26,27],"tags":[],"class_list":["post-483988","post","type-post","status-publish","format-standard","has-post-thumbnail","hentry","category-dominicana-hoy","category-efemerides","category-portada"],"_links":{"self":[{"href":"https:\/\/diariodominicano.com\/index.php?rest_route=\/wp\/v2\/posts\/483988","targetHints":{"allow":["GET"]}}],"collection":[{"href":"https:\/\/diariodominicano.com\/index.php?rest_route=\/wp\/v2\/posts"}],"about":[{"href":"https:\/\/diariodominicano.com\/index.php?rest_route=\/wp\/v2\/types\/post"}],"author":[{"embeddable":true,"href":"https:\/\/diariodominicano.com\/index.php?rest_route=\/wp\/v2\/users\/28"}],"replies":[{"embeddable":true,"href":"https:\/\/diariodominicano.com\/index.php?rest_route=%2Fwp%2Fv2%2Fcomments&post=483988"}],"version-history":[{"count":1,"href":"https:\/\/diariodominicano.com\/index.php?rest_route=\/wp\/v2\/posts\/483988\/revisions"}],"predecessor-version":[{"id":483990,"href":"https:\/\/diariodominicano.com\/index.php?rest_route=\/wp\/v2\/posts\/483988\/revisions\/483990"}],"wp:featuredmedia":[{"embeddable":true,"href":"https:\/\/diariodominicano.com\/index.php?rest_route=\/wp\/v2\/media\/483989"}],"wp:attachment":[{"href":"https:\/\/diariodominicano.com\/index.php?rest_route=%2Fwp%2Fv2%2Fmedia&parent=483988"}],"wp:term":[{"taxonomy":"category","embeddable":true,"href":"https:\/\/diariodominicano.com\/index.php?rest_route=%2Fwp%2Fv2%2Fcategories&post=483988"},{"taxonomy":"post_tag","embeddable":true,"href":"https:\/\/diariodominicano.com\/index.php?rest_route=%2Fwp%2Fv2%2Ftags&post=483988"}],"curies":[{"name":"wp","href":"https:\/\/api.w.org\/{rel}","templated":true}]}}