{"id":483932,"date":"2023-10-27T08:39:23","date_gmt":"2023-10-27T12:39:23","guid":{"rendered":"http:\/\/diariodominicano.com\/?p=483932"},"modified":"2023-10-27T08:55:13","modified_gmt":"2023-10-27T12:55:13","slug":"presidente-abinader-firma-pacto-de-nacion-por-crisis-haitiana","status":"publish","type":"post","link":"https:\/\/diariodominicano.com\/?p=483932","title":{"rendered":"El Presidente Luis Abinader firma Pacto de Naci\u00f3n por crisis haitiana. PRD, PLD y FP no participan"},"content":{"rendered":"\n<p>26 DE OCTUBRE 2023 | 15:26<\/p>\n\n\n\n<p><\/p>\n\n\n\n<p>Santo Domingo, RD.-\u00a0<strong>El presidente Luis Abinader<\/strong>\u00a0firm\u00f3 el jueves el\u00a0<strong>Pacto de Naci\u00f3n por la crisis de Hait\u00ed<\/strong>, con el apoyo de una parte del \u00a0<strong>liderazgo pol\u00edtico y acad\u00e9mico<\/strong>\u00a0nacional. La Direcci\u00f3n de Comunicaciones de la Presidencia de la Rep\u00fablica destac\u00f3  que est\u00e1 basado en cuatro pilares fundamentales:\u00a0<strong>Pol\u00edtica de Relaciones Exteriores, Pol\u00edtica Migratoria, Pol\u00edtica Fronteriza y Pol\u00edtica Econ\u00f3mica.<\/strong><\/p>\n\n\n\n<p><strong>En el Pacto trabajaron y lo  firmaron 28 partidos pol\u00edticos y 23 acad\u00e9micos e intelectuales, incluyendo siete rectores de universidades<\/strong> de Rep\u00fablica Dominicana.<\/p>\n\n\n\n<p>No estuvieron en el acto representantes del Partido Revolucionario Dominicano (PRD) Partido de la Liberaci\u00f3n Dominicana (PLD) y Fuerza del Pueblo (FP).<\/p>\n\n\n\n<p>La Direcci\u00f3n de prensa de la Presidencia de Rep\u00fablica Dominicana destac\u00f3 en una historia que el  Pacto fue producto de un&nbsp;<strong>llamado que hizo el presidente Abinader el 27 de febrero de este a\u00f1o&nbsp;<\/strong>al liderazgo pol\u00edtico nacional, que hoy se materializa. La coordinaci\u00f3n general estuvo a cargo del ministro administrativo de la Presidencia,&nbsp;<strong>Jos\u00e9 Ignacio Paliza,<\/strong>&nbsp;y la ejecuci\u00f3n de los trabajos, a cargo del viceministro de Gobierno y Sociedad,&nbsp;<strong>Andr\u00e9s Lugo Risk<\/strong>.<\/p>\n\n\n\n<p><strong>Trabajaron y firmaron el pacto 28 partidos pol\u00edticos, incluyendo algunos de la oposici\u00f3n<\/strong>: Partido Revolucionario Moderno (PRM), Partido Reformista Social Cristiano (PRSC), Dominicanos por el Cambio (DxC), Partido de Unidad Nacional (PUN), Bloque Institucional Social Dem\u00f3crata (BIS), Partido C\u00edvico Renovador (PCR), Partido Humanista Dominicano (PHD), Partido Movimiento Dem\u00f3crata Alternativo (MODA), Partido Revolucionario Social Dem\u00f3crata (PRSD), Frente Amplio por la Dignidad Nacional (Frente Amplio), Alianza por la Democracia (APD), Pa\u00eds Posible (PP), Partido Primero la Gente (PPG) y Partido Quisqueyano Dem\u00f3crata Cristiano (PQDC).<\/p>\n\n\n\n<figure class=\"wp-block-image\"><img decoding=\"async\" src=\"https:\/\/presidencia.gob.do\/sites\/default\/files\/inline-images\/dbc402b1-178e-49c9-8578-5ab5bc41e637.jpeg\" alt=\"\"\/><\/figure>\n\n\n\n<p>Adem\u00e1s, Partido de Acci\u00f3n Liberal (PAL), Partido Uni\u00f3n Dem\u00f3crata Cristiana (UDC), Partido Liberal Reformista (PLR), Fuerza Nacional Progresista (FNP), Partido Revolucionario Independiente (PRI), Partido Dem\u00f3crata Popular (PDP), Partido Nacional Voluntad Ciudadana (PNVC), Partido Alianza Pa\u00eds (ALPA\u00cdS), Justicia Social (JS), Partido Dem\u00f3crata Institucional (PDI), Movimiento Nacional Balaguerista (MNB), Partido Verde Dominicano (VERDE), Partido Popular Progresista (PPP) y Movimiento Izquierda Unida (MIU).&nbsp;<\/p>\n\n\n\n<p><strong>Tambi\u00e9n, una veintena de acad\u00e9micos e intelectuales, incluyendo siete rectores de universidades<\/strong>: Juan Daniel Balc\u00e1cer, Fernando Ferr\u00e1n, Eduardo Garc\u00eda Michel, Roberto Cass\u00e1, Bernardo Vega, Manuel N\u00fa\u00f1ez, Wilfredo Lozano, Manuel Robles, Julio Ortega Tous, Iv\u00e1n Gat\u00f3n, Ra\u00fal de Moya Espa\u00f1ol, Miguel Reyes S\u00e1nchez, Jos\u00e9 Miguel V\u00e1squez, Luis Humberto Vargas, Humberto P\u00e9rez, Manuel Berg\u00e9s, junto con el rector de la UNPHU, Miguel Fiallo; el de la UASD, Editrudis Beltr\u00e1n; el de la PUCMM, Secilio Espinal; de UNIBE, Odile Camilo Vincent; de UNAPEC, Franklin Holgu\u00edn Hach\u00e9; de la UCSD, monse\u00f1or Benito \u00c1ngeles, y de INTEC, Julio S\u00e1nchez Mar\u00ed\u00f1ez, precisa la informaci\u00f3n de la Presidencia de la Rep\u00fablica.<\/p>\n\n\n\n<p><strong>Presidente Abinader felicita a los presentes<\/strong><\/p>\n\n\n\n<p>Durante el acto de firma, el presidente Abinader felicit\u00f3 a cada uno de los partidos pol\u00edticos y los l\u00edderes de la sociedad civil, acad\u00e9micos que dijeron presente en esta firma porque dijo, esta es&nbsp;<strong>una respuesta al pa\u00eds, una respuesta patri\u00f3tica no partidista.<\/strong><\/p>\n\n\n\n<p><em>\u201cY todav\u00eda espero que los partidos pol\u00edticos que no est\u00e9n aqu\u00ed presentes, tener siempre la puerta y la silla preparada para cada uno de ellos, para que participen en esta toma de decisiones que como dije, no debe de tener ning\u00fan cerco partidista sino un sentido nacional y patri\u00f3tico. Y eso es lo que esperamos\u201d,<\/em>&nbsp;expres\u00f3 Abinader.<\/p>\n\n\n\n<p>Manifest\u00f3 que para este pacto se deber\u00e1n hacer&nbsp;<strong>comisiones que permitan dar seguimiento a cada una de las decisiones que se tomen.<\/strong><\/p>\n\n\n\n<p><em>\u201cTiene que haber un equipo y una comisi\u00f3n ejecutiva para decisiones y consultas r\u00e1pidas de esta situaci\u00f3n muy din\u00e1mica que se da con la Rep\u00fablica de Hait\u00ed y en la cual nos gustar\u00eda y es nuestro compromiso tener siempre el consenso nacional para una situaci\u00f3n tan especial y cr\u00edtica como la que estamos viviendo nosotros en relaci\u00f3n con Hait\u00ed\u201d.<\/em><\/p>\n\n\n\n<p><strong>Rep\u00fablica Dominicana deber\u00eda de estar unida y en consenso<\/strong><\/p>\n\n\n\n<p>Consider\u00f3 que, en este como en cualquier otro tema, aunque en algunos puntos existan diferencias y haya cr\u00edticas de la oposici\u00f3n, como es normal en una sociedad democr\u00e1tica, la&nbsp;<strong>Rep\u00fablica Dominicana deber\u00eda de estar unida y en consenso en relaci\u00f3n con este tema nacional.<\/strong><\/p>\n\n\n\n<p>El jefe de Estado advirti\u00f3 que,&nbsp;<strong>si bien la situaci\u00f3n del vecino pa\u00eds ha estado muy especial y cr\u00edtica, los momentos que vienen no van a ser diferentes.<\/strong><\/p>\n\n\n\n<p><em>\u201cLos retos van a ser similares o mayores, por lo tanto, el pa\u00eds debe estar unido y debe tener el consenso para seguir llevando estos temas con un sentido nacional, con un sentido patri\u00f3tico, con un sentido humano, pero siempre teniendo en cuenta las caracter\u00edsticas tan especiales que como pa\u00eds hemos tenido que vivir con la situaci\u00f3n casi \u00fanica de Hait\u00ed; \u00fanica en la regi\u00f3n y muy particular en el mundo esa situaci\u00f3n de nuestro vecino pa\u00eds\u201d,&nbsp;<\/em>enfatiz\u00f3.<\/p>\n\n\n\n<p>El presidente Abinader destac\u00f3 que el liderazgo pol\u00edtico, acad\u00e9micos e intelectuales habla muy bien de la Rep\u00fablica Dominicana, de su sociedad, que&nbsp;<strong>puede y debe ponerse de acuerdo en los temas sagrados para el pa\u00eds como es este.<\/strong><\/p>\n\n\n\n<p><strong>Enfrentar los efectos de la crisis haitiana<\/strong><\/p>\n\n\n\n<p>El viceministro de Gobierno y Sociedad,&nbsp;<strong>Andr\u00e9s Lugo Risk<\/strong>, record\u00f3 que ya se cumplen 8 meses de que el presidente Abinader llamara al liderazgo pol\u00edtico nacional a&nbsp;<strong>trabajar unidos en la presentaci\u00f3n al pa\u00eds del pacto para la formulaci\u00f3n y ejecuci\u00f3n de pol\u00edticas de Estado frente a la situaci\u00f3n de Hait\u00ed<\/strong>, donde se encuentra el liderazgo pol\u00edtico y acad\u00e9mico de la Rep\u00fablica Dominicana para enfrentar los efectos de la crisis haitiana.<\/p>\n\n\n\n<p><em>\u201cEl presidente ha querido y nos ha instruido a expresar que este pacto, este acuerdo tiene la intenci\u00f3n de que se ejecute y se mantenga actualizado seg\u00fan el desarrollo de la crisis del hermano pa\u00eds. Por consiguiente, ha propuesto dos aspectos fundamentales, primero que este pacto se lleve a todos los sectores de la vida nacional, sociales, laborales, empresariales, profesionales, a las dem\u00e1s academias, a todos los espacios de interacci\u00f3n social, a todas las fundaciones\u201d,<\/em>&nbsp;inform\u00f3  Lugo.<\/p>\n\n\n\n<p>Y agreg\u00f3: \u201c<em>En fin, a toda la sociedad dominicana para que hagan sus aportes, para que participen de esta elaboraci\u00f3n, de esta sinergia que ya los sectores pol\u00edticos y acad\u00e9micos han asumido como suya. Tambi\u00e9n la propuesta de que se cree una comisi\u00f3n que le d\u00e9 seguimiento, que pueda dilucidar, seguir investigando y actualizar aspectos del pacto que requieren una constante modificaci\u00f3n seg\u00fan las circunstancias de la crisis haitiana\u201d.<\/em><\/p>\n\n\n\n<p><strong>Pilares del Pacto<\/strong><\/p>\n\n\n\n<p><strong>Pol\u00edtica de Relaciones Exteriores<\/strong>: La Rep\u00fablica Dominicana est\u00e1 dispuesta a estimular y&nbsp;<strong>respaldar a la comunidad internacional en el esfuerzo de rescate y reconstrucci\u00f3n de Hait\u00ed<\/strong>, siempre y cuando las soluciones est\u00e9n encaminadas a: primero, procurar la&nbsp;<strong>pacificaci\u00f3n<\/strong>&nbsp;de Hait\u00ed; segundo,&nbsp;<strong>asistir econ\u00f3micamente<\/strong>&nbsp;a dicho pa\u00eds y su poblaci\u00f3n, por medio de un plan de crecimiento y desarrollo, a mediano y largo plazo; tercero, incentivar su&nbsp;<strong>institucionalizaci\u00f3n<\/strong>; y cuarto, garantizar el respeto de la&nbsp;<strong>integridad territorial y demogr\u00e1fica de las dos naciones<\/strong>que coexisten en la isla de Santo Domingo.<\/p>\n\n\n\n<p><strong>Pol\u00edtica Migratoria<\/strong>: La Rep\u00fablica Dominicana enfrenta en la actualidad&nbsp;<strong>un fen\u00f3meno que dej\u00f3 de ser solo un problema de migraci\u00f3n<\/strong>, para convertirse tambi\u00e9n en un impostergable reto a la seguridad nacional y regional; reto que impacta, por su magnitud y complejidad, a su ordenamiento jur\u00eddico e institucional. Y, por eso, en tanto que responsable primero y \u00faltimo de su orden constitucional y de sus compromisos internacionales, defiende en materia migratoria el principio de la&nbsp;<strong>debida regulaci\u00f3n del ingreso y tr\u00e1nsito a trav\u00e9s de sus fronteras<\/strong>, as\u00ed como la permanencia y el libre desempe\u00f1o del&nbsp;<strong>ejercicio laboral de nacionales extranjeros debidamente autorizados para habitar e interactuar en suelo dominicano<\/strong>, de conformidad con las disposiciones legales que rigen en todo el territorio nacional.<\/p>\n\n\n\n<p>Pol\u00edtica Fronteriza: Un gran compromiso patrio de todo dominicano y, por ende, del Estado, es salvaguardar la integridad de sus fronteras, as\u00ed como la convivencia en la misma, sin ceder ni retroceder en el dominio y gesti\u00f3n responsable de su territorio, como punto de encuentro y de separaci\u00f3n, tanto con nacionales haitianos, como con otros extranjeros.<\/p>\n\n\n\n<p>Pol\u00edtica Econ\u00f3mica: Las autoridades gubernamentales, apoyadas en el sector privado, tanto dominicano como internacional, han de incentivar y expandir el financiamiento competitivo, tanto para las exportaciones hacia Hait\u00ed, as\u00ed como para desarrollar proyectos en ese pa\u00eds, en particular los que empleen mano de obra haitiana e impliquen inversiones en zonas francas, agroforestales y de manejo integrado de recursos naturales renovables.<\/p>\n\n\n\n<p>Tambi\u00e9n estuvieron presentes en el acto los ministros de la Presidencia, Joel Santos; de Trabajo, Luis Miguel De Camps; el senador de Santiago, Eduardo Estrella y el director general de Migraci\u00f3n, Venancio Alc\u00e1ntara.<\/p>\n\n\n\n<p><strong>La historia tiene  informaciones  de la  Presidencia de la Rep\u00fablica Dominicana, Partido Revolucionario Dominicano (PRD) Partido de la Liberaci\u00f3n Dominicana (PLD) y partido Fuerza del Pueblo (FP)<\/strong><\/p>\n","protected":false},"excerpt":{"rendered":"<p>26 DE OCTUBRE 2023 | 15:26 Santo Domingo, RD.-\u00a0El presidente Luis Abinader\u00a0firm\u00f3 el jueves el\u00a0Pacto de Naci\u00f3n por la crisis de Hait\u00ed, con el apoyo de una parte del \u00a0liderazgo pol\u00edtico y acad\u00e9mico\u00a0nacional. La Direcci\u00f3n de Comunicaciones de la Presidencia de la Rep\u00fablica destac\u00f3 que est\u00e1 basado en cuatro pilares fundamentales:\u00a0Pol\u00edtica de Relaciones Exteriores, Pol\u00edtica [&hellip;]<\/p>\n","protected":false},"author":28,"featured_media":483933,"comment_status":"closed","ping_status":"","sticky":true,"template":"","format":"standard","meta":{"footnotes":""},"categories":[36,20,22,27],"tags":[],"class_list":["post-483932","post","type-post","status-publish","format-standard","has-post-thumbnail","hentry","category-hombresmujeresycosas","category-dominicana-hoy","category-politica","category-portada"],"_links":{"self":[{"href":"https:\/\/diariodominicano.com\/index.php?rest_route=\/wp\/v2\/posts\/483932","targetHints":{"allow":["GET"]}}],"collection":[{"href":"https:\/\/diariodominicano.com\/index.php?rest_route=\/wp\/v2\/posts"}],"about":[{"href":"https:\/\/diariodominicano.com\/index.php?rest_route=\/wp\/v2\/types\/post"}],"author":[{"embeddable":true,"href":"https:\/\/diariodominicano.com\/index.php?rest_route=\/wp\/v2\/users\/28"}],"replies":[{"embeddable":true,"href":"https:\/\/diariodominicano.com\/index.php?rest_route=%2Fwp%2Fv2%2Fcomments&post=483932"}],"version-history":[{"count":6,"href":"https:\/\/diariodominicano.com\/index.php?rest_route=\/wp\/v2\/posts\/483932\/revisions"}],"predecessor-version":[{"id":483942,"href":"https:\/\/diariodominicano.com\/index.php?rest_route=\/wp\/v2\/posts\/483932\/revisions\/483942"}],"wp:featuredmedia":[{"embeddable":true,"href":"https:\/\/diariodominicano.com\/index.php?rest_route=\/wp\/v2\/media\/483933"}],"wp:attachment":[{"href":"https:\/\/diariodominicano.com\/index.php?rest_route=%2Fwp%2Fv2%2Fmedia&parent=483932"}],"wp:term":[{"taxonomy":"category","embeddable":true,"href":"https:\/\/diariodominicano.com\/index.php?rest_route=%2Fwp%2Fv2%2Fcategories&post=483932"},{"taxonomy":"post_tag","embeddable":true,"href":"https:\/\/diariodominicano.com\/index.php?rest_route=%2Fwp%2Fv2%2Ftags&post=483932"}],"curies":[{"name":"wp","href":"https:\/\/api.w.org\/{rel}","templated":true}]}}