{"id":483911,"date":"2023-10-27T02:29:51","date_gmt":"2023-10-27T06:29:51","guid":{"rendered":"http:\/\/diariodominicano.com\/?p=483911"},"modified":"2023-10-27T02:31:59","modified_gmt":"2023-10-27T06:31:59","slug":"el-dengue-ya-es-una-desgracia-nacional-debido-a-ineptitud-del-gobierno-dice-leonel-fernandez","status":"publish","type":"post","link":"https:\/\/diariodominicano.com\/?p=483911","title":{"rendered":"El dengue \u201cya es una desgracia nacional\u201d, debido a ineptitud del gobierno, dice Leonel Fern\u00e1ndez"},"content":{"rendered":"\n<p><br>LF insiste se debe priorizar la salud del pueblo<\/p>\n\n\n\n<p><br>Santo Domingo, RD.- \u201cEstamos ante un gobierno indolente, por cuya ineptitud estamos pagando un alto precio: muertes de ni\u00f1os y adultos en hospitales abarrotados de casos\u201d, escribi\u00f3 en su cuenta de X (Twitter), el presidente de la Fuerza del Pueblo, Leonel Fern\u00e1ndez.<\/p>\n\n\n\n<p><br>Ante la crisis sanitaria, el precandidato presidencial de la Fuerza del Pueblo dijo que la organizaci\u00f3n que lidera continuar\u00e1 realizando jornadas de fumigaci\u00f3n en distintos puntos del pa\u00eds y, el cuerpo m\u00e9dico que le integra, \u201cseguir\u00e1 en las labores de apoyo sanitario ante lo que ya es una desgracia nacional\u201d.<\/p>\n\n\n\n<p><br>El l\u00edder de la oposici\u00f3n pol\u00edtica dominicana tambi\u00e9n explic\u00f3 a trav\u00e9s de la red social que a diario recibe, \u201cm\u00faltiples quejas de dirigentes y sindicatos en todo el pa\u00eds, por el azote del dengue en sus comunidades\u201d.<\/p>\n\n\n\n<p><br>Fern\u00e1ndez consider\u00f3 que los fondos que se utilizan para promover la figura del presidente Lu\u00eds Abinader, con fines reeleccionistas, pueden ser usados en la realizaci\u00f3n de campa\u00f1as que promuevan la prevenci\u00f3n y fumigaci\u00f3n, para que menos dominicanos se vean afectados por el dengue.\u00a0 \u00a0<\/p>\n\n\n\n<p><br>\u201cAl Estado no le falta dinero para luchar contra el dengue. Solo falta que el gobierno asigne de inmediato los recursos destinados a campa\u00f1as pol\u00edticas de promoci\u00f3n del candidato oficialista hacia la prevenci\u00f3n y control del dengue\u00bb, se\u00f1al\u00f3 Fern\u00e1ndez.<br>\u201cEs simple, menos gasto en aspiraciones reeleccionistas y m\u00e1s inversi\u00f3n en el pueblo\u201d, subray\u00f3 el l\u00edder pol\u00edtico dominicano.<\/p>\n\n\n\n<p><br>En ese sentido, reiter\u00f3 que es esencial que el bienestar y la salud de la poblaci\u00f3n est\u00e9n por encima de cualquier inter\u00e9s pol\u00edtico o personal.<\/p>\n\n\n\n<figure class=\"wp-block-video\"><video height=\"480\" style=\"aspect-ratio: 848 \/ 480;\" width=\"848\" controls src=\"https:\/\/diariodominicano.com\/wp-content\/uploads\/2023\/10\/VID-20231026-WA0107-1.mp4\"><\/video><figcaption>Leonel Fern\u00e1ndez<\/figcaption><\/figure>\n\n\n\n<p><\/p>\n\n\n\n<p><br>Secretar\u00eda de Comunicaciones Fuerza del Pueblo<\/p>\n","protected":false},"excerpt":{"rendered":"<p>LF insiste se debe priorizar la salud del pueblo Santo Domingo, RD.- \u201cEstamos ante un gobierno indolente, por cuya ineptitud estamos pagando un alto precio: muertes de ni\u00f1os y adultos en hospitales abarrotados de casos\u201d, escribi\u00f3 en su cuenta de X (Twitter), el presidente de la Fuerza del Pueblo, Leonel Fern\u00e1ndez. Ante la crisis sanitaria, [&hellip;]<\/p>\n","protected":false},"author":28,"featured_media":483912,"comment_status":"closed","ping_status":"","sticky":true,"template":"","format":"standard","meta":{"footnotes":""},"categories":[22,27],"tags":[],"class_list":["post-483911","post","type-post","status-publish","format-standard","has-post-thumbnail","hentry","category-politica","category-portada"],"_links":{"self":[{"href":"https:\/\/diariodominicano.com\/index.php?rest_route=\/wp\/v2\/posts\/483911","targetHints":{"allow":["GET"]}}],"collection":[{"href":"https:\/\/diariodominicano.com\/index.php?rest_route=\/wp\/v2\/posts"}],"about":[{"href":"https:\/\/diariodominicano.com\/index.php?rest_route=\/wp\/v2\/types\/post"}],"author":[{"embeddable":true,"href":"https:\/\/diariodominicano.com\/index.php?rest_route=\/wp\/v2\/users\/28"}],"replies":[{"embeddable":true,"href":"https:\/\/diariodominicano.com\/index.php?rest_route=%2Fwp%2Fv2%2Fcomments&post=483911"}],"version-history":[{"count":4,"href":"https:\/\/diariodominicano.com\/index.php?rest_route=\/wp\/v2\/posts\/483911\/revisions"}],"predecessor-version":[{"id":483918,"href":"https:\/\/diariodominicano.com\/index.php?rest_route=\/wp\/v2\/posts\/483911\/revisions\/483918"}],"wp:featuredmedia":[{"embeddable":true,"href":"https:\/\/diariodominicano.com\/index.php?rest_route=\/wp\/v2\/media\/483912"}],"wp:attachment":[{"href":"https:\/\/diariodominicano.com\/index.php?rest_route=%2Fwp%2Fv2%2Fmedia&parent=483911"}],"wp:term":[{"taxonomy":"category","embeddable":true,"href":"https:\/\/diariodominicano.com\/index.php?rest_route=%2Fwp%2Fv2%2Fcategories&post=483911"},{"taxonomy":"post_tag","embeddable":true,"href":"https:\/\/diariodominicano.com\/index.php?rest_route=%2Fwp%2Fv2%2Ftags&post=483911"}],"curies":[{"name":"wp","href":"https:\/\/api.w.org\/{rel}","templated":true}]}}