{"id":48385,"date":"2020-10-24T18:53:38","date_gmt":"2020-10-24T18:53:38","guid":{"rendered":"http:\/\/diariodominicano.ddns.net\/?p=48385"},"modified":"2020-10-24T18:53:38","modified_gmt":"2020-10-24T18:53:38","slug":"jimenes-presidente-de-la-republica","status":"publish","type":"post","link":"https:\/\/diariodominicano.com\/?p=48385","title":{"rendered":"Jimenes  Presidente de la Rep\u00fablica"},"content":{"rendered":"<p><body><\/p>\n<p><img decoding=\"async\" src=\"img3\/Juan-Isidro-Jimenes.jpg\" \/>  <\/p>\n<p>Jimenes  Presidente de la Rep\u00fablica<\/p>\n<\/p>\n<p>Juan Isidro Jimenes  Presidente de la Rep\u00fablica<\/p>\n<\/p>\n<p>  Obtuvo el triunfo con el  apoyo de la fuerza pol\u00edtica que representaba Federico Vel\u00e1squez.<\/p>\n<\/p>\n<p>     SANTO DOMINGO, el  25 de octubre de 1914, Juan Isidro Jimenes, fue electo Presidente de la Rep\u00fablica Dominicana.<\/p>\n<\/p>\n<p>     Obtuvo el triunfo con el  apoyo de la fuerza pol\u00edtica que representaba Federico Vel\u00e1squez.<\/p>\n<\/p>\n<p>     Como reconocimiento,  el Presidente Juan Isidro Jim\u00e9nez le dio a Federico Vel\u00e1squez el 25 por ciento de los cargos del Gobierno.<\/p>\n<\/p>\n<p>    Los comicios en que fue electo el Presidente Juan Isidro Jimenes fueron calificados de libres y democr\u00e1ticos.<\/p>\n<\/p>\n<\/p>\n<\/p>\n<h6> 2020-10-24 18:53:38 <\/h6>\n<p><!--\n<link rel=\"stylesheet\" href=\"css\/bootstrap.min.css\">\n\n\n<ul class=\"pagination\">\n\t    \n\t\n\n<li >\n\t<a href='?page_no=112'>Previous<\/a>\n\t<\/li>\n\n\n       \n    \n\n<li><a href='?page_no=1'>1<\/a><\/li>\n\n\n\n<li><a href='?page_no=2'>2<\/a><\/li>\n\n\n\n<li><a>...<\/a><\/li>\n\n\n\n<li><a href='?page_no=111'>111<\/a><\/li>\n\n\n\n<li><a href='?page_no=112'>112<\/a><\/li>\n\n\n\n<li class='active'><a>113<\/a><\/li>\n\n\n\n<li><a href='?page_no=114'>114<\/a><\/li>\n\n\n\n<li><a href='?page_no=115'>115<\/a><\/li>\n\n\n\n<li><a>...<\/a><\/li>\n\n\n\n<li><a href='?page_no=22911'>22911<\/a><\/li>\n\n\n\n<li><a href='?page_no=22912'>22912<\/a><\/li>\n\n    \n\t\n\n<li >\n\t<a href='?page_no=114'>Next<\/a>\n\t<\/li>\n\n\n    \n\n<li><a href='?page_no=22912'>Last &rsaquo;&rsaquo;<\/a><\/li>\n\n<\/ul>\n\n\n--><br \/>\n<\/body><\/p>\n","protected":false},"excerpt":{"rendered":"<p>Jimenes Presidente de la Rep\u00fablica Juan Isidro Jimenes Presidente de la Rep\u00fablica Obtuvo el triunfo con el apoyo de la fuerza pol\u00edtica que representaba Federico Vel\u00e1squez. SANTO DOMINGO, el 25 de octubre de 1914, Juan Isidro Jimenes, fue electo Presidente de la Rep\u00fablica Dominicana. Obtuvo el triunfo con el apoyo de la fuerza pol\u00edtica que [&hellip;]<\/p>\n","protected":false},"author":3,"featured_media":0,"comment_status":"open","ping_status":"open","sticky":false,"template":"","format":"standard","meta":{"footnotes":""},"categories":[21],"tags":[],"class_list":["post-48385","post","type-post","status-publish","format-standard","hentry","category-cultura"],"_links":{"self":[{"href":"https:\/\/diariodominicano.com\/index.php?rest_route=\/wp\/v2\/posts\/48385","targetHints":{"allow":["GET"]}}],"collection":[{"href":"https:\/\/diariodominicano.com\/index.php?rest_route=\/wp\/v2\/posts"}],"about":[{"href":"https:\/\/diariodominicano.com\/index.php?rest_route=\/wp\/v2\/types\/post"}],"author":[{"embeddable":true,"href":"https:\/\/diariodominicano.com\/index.php?rest_route=\/wp\/v2\/users\/3"}],"replies":[{"embeddable":true,"href":"https:\/\/diariodominicano.com\/index.php?rest_route=%2Fwp%2Fv2%2Fcomments&post=48385"}],"version-history":[{"count":0,"href":"https:\/\/diariodominicano.com\/index.php?rest_route=\/wp\/v2\/posts\/48385\/revisions"}],"wp:attachment":[{"href":"https:\/\/diariodominicano.com\/index.php?rest_route=%2Fwp%2Fv2%2Fmedia&parent=48385"}],"wp:term":[{"taxonomy":"category","embeddable":true,"href":"https:\/\/diariodominicano.com\/index.php?rest_route=%2Fwp%2Fv2%2Fcategories&post=48385"},{"taxonomy":"post_tag","embeddable":true,"href":"https:\/\/diariodominicano.com\/index.php?rest_route=%2Fwp%2Fv2%2Ftags&post=48385"}],"curies":[{"name":"wp","href":"https:\/\/api.w.org\/{rel}","templated":true}]}}