{"id":483784,"date":"2023-10-27T01:45:28","date_gmt":"2023-10-27T05:45:28","guid":{"rendered":"http:\/\/diariodominicano.com\/?p=483784"},"modified":"2023-10-27T01:45:28","modified_gmt":"2023-10-27T05:45:28","slug":"miguel-vargas-el-pacto-que-debe-firmarse-es-por-el-rescate-del-pais","status":"publish","type":"post","link":"https:\/\/diariodominicano.com\/?p=483784","title":{"rendered":"Miguel Vargas: \u201cEl pacto que debe firmarse es por el rescate del pa\u00eds\u201d"},"content":{"rendered":"\n<p><em><u>\u201cDesde el PRD, reiteramos nuestro compromiso con la preservaci\u00f3n de la integridad de nuestra naci\u00f3n y la seguridad de nuestro Estado y de la dominicanidad. Abogamos por la despolitizaci\u00f3n del asunto haitiano, abordado hasta ahora en procura de r\u00e9ditos pol\u00edticos, cuando la realidad es que nuestro pa\u00eds est\u00e1 atrapado por la incompetencia, el incumplimiento y la doble moral\u201d.<\/u><\/em><\/p>\n\n\n\n<p>Santo Domingo. \u2013 Tras conocerse este jueves la firma de un \u201cpacto nacional\u201d entre sectores que no representan la colectividad, el candidato presidencial del Partido Revolucionario Dominicano (PRD), ingeniero Miguel Vargas Maldonado, reaccion\u00f3 en sus cuentas de redes sociales expresando su firme compromiso con la suscripci\u00f3n de un convenio por el rescate del pa\u00eds.<\/p>\n\n\n\n<p>Destac\u00f3 que la naci\u00f3n se encuentra \u201ccon el 49 % de los dominicanos cogiendo prestado para comer, con la p\u00e9rdida del segundo mercado, que ha llevado a la quiebra a productores y comerciantes\u201d.<\/p>\n\n\n\n<p>Tambi\u00e9n resalt\u00f3 que la poblaci\u00f3n tiene que lidiar \u201ccon apagones, inseguridad y escasez de agua en medio de una epidemia de dengue, que cobra vidas y el deterioro progresivo en salud y educaci\u00f3n\u201d.<\/p>\n\n\n\n<p>Adem\u00e1s, el presidente del PRD, destac\u00f3&nbsp;\u201cla importante amenaza que se cierne sobre la Rep\u00fablica Dominicana, al referirse a la migraci\u00f3n ilegal, irregular e indocumentada, que ya&nbsp;desplaza&nbsp;a la mano de obra dominicana en distintas \u00e1reas laborales\u00bb.<\/p>\n\n\n\n<p>\u201cLo anterior se ve agravado porque hemos permitido constituirnos en el paritario haitiano sin que las autoridades hagan nada que contrarreste este problema que se agrava cada d\u00eda\u201d, a\u00f1adi\u00f3.&nbsp;<\/p>\n\n\n\n<p>\u201cEl pacto nacional que propongo es por el cumplimiento y aplicaci\u00f3n de la Ley de Migraci\u00f3n, principal garante contra el flagrante atentado contra la dominicanidad\u201d, enfatiz\u00f3 Vargas.<\/p>\n\n\n\n<p>Resalt\u00f3, asimismo, que \u201clos dos \u00faltimos eventos que delatan la incapacidad del gobierno son la crisis con Hait\u00ed y la situaci\u00f3n del brote de dengue que est\u00e1 matando a nuestros ni\u00f1os\u201d.<\/p>\n\n\n\n<p>\u201cEn el caso de la crisis con Hait\u00ed, la incapacidad estuvo demostrada cuando el gobierno no logr\u00f3 los objetivos y permiti\u00f3 que los haitianos nos robaran el r\u00edo Dajab\u00f3n o Masacre\u201d, sancion\u00f3.<\/p>\n\n\n\n<p>\u201cEn cuanto a las caracter\u00edsticas del brote de dengue, los epidemi\u00f3logos preven\u00edan desde el pasado mes de mayo tal situaci\u00f3n, para lo cual el gobierno no fue capaz de presentar un plan de contingencia preventivo\u201d, prosigui\u00f3. \u201cAhora improvisa medidas, algo tard\u00edas, cuando cada semana los hospitales se llenan, las camas no dan abasto y mueren ni\u00f1os, cuando en esta, la tercera d\u00e9cada del siglo 21, no debe morir nadie por contagiarse de dengue, cuando hoy es posible tratar este virus con un manejo ambulatorio\u201d, destac\u00f3.<\/p>\n\n\n\n<p>\u201cDesde el PRD, reiteramos nuestro compromiso con la preservaci\u00f3n de la integridad de nuestra naci\u00f3n y la seguridad de nuestro Estado y de la dominicanidad. Abogamos por la despolitizaci\u00f3n del asunto haitiano, abordado hasta ahora en procura de r\u00e9ditos pol\u00edticos, cuando la realidad es que nuestro pa\u00eds est\u00e1 atrapado por la incompetencia, el incumplimiento y la doble moral\u201d, dijo finalmente.<\/p>\n\n\n\n<p>Comunicaci\u00f3n Integral Rep Dom<a target=\"_blank\" href=\"mailto:comunicacionintegralrepdom@gmail.com\" rel=\"noreferrer noopener\">comunicacionintegralrepdom@gmail.com<\/a><\/p>\n","protected":false},"excerpt":{"rendered":"<p>\u201cDesde el PRD, reiteramos nuestro compromiso con la preservaci\u00f3n de la integridad de nuestra naci\u00f3n y la seguridad de nuestro Estado y de la dominicanidad. Abogamos por la despolitizaci\u00f3n del asunto haitiano, abordado hasta ahora en procura de r\u00e9ditos pol\u00edticos, cuando la realidad es que nuestro pa\u00eds est\u00e1 atrapado por la incompetencia, el incumplimiento y [&hellip;]<\/p>\n","protected":false},"author":28,"featured_media":483785,"comment_status":"closed","ping_status":"","sticky":true,"template":"","format":"standard","meta":{"footnotes":""},"categories":[22,27],"tags":[],"class_list":["post-483784","post","type-post","status-publish","format-standard","has-post-thumbnail","hentry","category-politica","category-portada"],"_links":{"self":[{"href":"https:\/\/diariodominicano.com\/index.php?rest_route=\/wp\/v2\/posts\/483784","targetHints":{"allow":["GET"]}}],"collection":[{"href":"https:\/\/diariodominicano.com\/index.php?rest_route=\/wp\/v2\/posts"}],"about":[{"href":"https:\/\/diariodominicano.com\/index.php?rest_route=\/wp\/v2\/types\/post"}],"author":[{"embeddable":true,"href":"https:\/\/diariodominicano.com\/index.php?rest_route=\/wp\/v2\/users\/28"}],"replies":[{"embeddable":true,"href":"https:\/\/diariodominicano.com\/index.php?rest_route=%2Fwp%2Fv2%2Fcomments&post=483784"}],"version-history":[{"count":1,"href":"https:\/\/diariodominicano.com\/index.php?rest_route=\/wp\/v2\/posts\/483784\/revisions"}],"predecessor-version":[{"id":483786,"href":"https:\/\/diariodominicano.com\/index.php?rest_route=\/wp\/v2\/posts\/483784\/revisions\/483786"}],"wp:featuredmedia":[{"embeddable":true,"href":"https:\/\/diariodominicano.com\/index.php?rest_route=\/wp\/v2\/media\/483785"}],"wp:attachment":[{"href":"https:\/\/diariodominicano.com\/index.php?rest_route=%2Fwp%2Fv2%2Fmedia&parent=483784"}],"wp:term":[{"taxonomy":"category","embeddable":true,"href":"https:\/\/diariodominicano.com\/index.php?rest_route=%2Fwp%2Fv2%2Fcategories&post=483784"},{"taxonomy":"post_tag","embeddable":true,"href":"https:\/\/diariodominicano.com\/index.php?rest_route=%2Fwp%2Fv2%2Ftags&post=483784"}],"curies":[{"name":"wp","href":"https:\/\/api.w.org\/{rel}","templated":true}]}}