{"id":48374,"date":"2020-10-25T13:28:12","date_gmt":"2020-10-25T13:28:12","guid":{"rendered":"http:\/\/diariodominicano.ddns.net\/?p=48374"},"modified":"2020-10-25T13:28:12","modified_gmt":"2020-10-25T13:28:12","slug":"mescyt-realiza-jornada-de-limpieza-en-playa-de-guibia-junto-a-alcaldesa-carolina-mejia-y-presidente-de-adou","status":"publish","type":"post","link":"https:\/\/diariodominicano.com\/?p=48374","title":{"rendered":"MESCYT realiza jornada de limpieza en playa de G\u00fcibia junto a alcaldesa Carolina Mej\u00eda y presidente de ADOU"},"content":{"rendered":"<p><body><\/p>\n<p><img decoding=\"async\" src=\"img3\/Mescytguibia25-10-20.jpg\" \/>  <\/p>\n<p>diariodominicano.com<\/p>\n<\/p>\n<p><span class=\"text1noticias\">Santo Domingo, R. D., 25 de octubre, 2020.- El ministro de Educaci\u00f3n Superior Ciencia y Tecnolog\u00eda (MESCYT), doctor Franklin Garc\u00eda Ferm\u00edn, encabez\u00f3 este domingo una jornada de limpieza de costas del Distrito Nacional, en la playa de G\u00fcibia, junto a la alcaldesa del Distrito Nacional, Carolina Mej\u00eda, y el presidente de la Asociaci\u00f3n Dominicana de Universidades (ADOU), Jos\u00e9 Alejandro Aybar.<\/span><\/p>\n<p><span class=\"text1noticias\"> <\/span><\/p>\n<p><span class=\"text1noticias\">La jornada cont\u00f3 con la colaboraci\u00f3n de cientos de empleados y funcionarios del MESCYT, los cuales retiraron del \u00e1rea costero-marina deshechos que son arrastrados hasta la zona por las aguas de los r\u00edos Ozama e Isabela que desembocan all\u00ed.<\/span><\/p>\n<p><span class=\"text1noticias\"> <\/span><\/p>\n<p><span class=\"text1noticias\">El operativo comenz\u00f3 a las 8:00 de la ma\u00f1ana, con el retiro de residuos s\u00f3lidos, escombros, fundas pl\u00e1sticas, botellas, papeles y otros objetos que contribuyen con la afectaci\u00f3n del medio ambiente marino <\/span><\/p>\n<p><span class=\"text1noticias\"> <\/span><\/p>\n<p><span class=\"text1noticias\">Garc\u00eda Ferm\u00edn dijo que el objetivo de la jornada es elevar los niveles de concientizaci\u00f3n a la poblaci\u00f3n dominicana, y en conjunto con las universidades para que realicen charlas sobre la importancia de mantener libres de desechos los litorales de las playas del pa\u00eds, por lo que es imprescindible proteger y conservar los ecosistemas costeros y marinos.<\/span><\/p>\n<p><span class=\"text1noticias\"> <\/span><\/p>\n<p><span class=\"text1noticias\">\u00abLa iniciativa de la actividad se llev\u00f3 a cabo con la unidad de la Alcald\u00eda del Distrito Nacional en conjunto con el Ministerio del Medio Ambiente, para llevar un mensaje a la sociedad dominicana, de que debemos preservar el medio ambiente de los desperdicios que desaprensivamente se lanzan a los r\u00edos y a las playas\u00bb explic\u00f3.<\/span><\/p>\n<p><span class=\"text1noticias\"> <\/span><\/p>\n<p><span class=\"text1noticias\">El funcionario del MESCYT, exhort\u00f3 a la poblaci\u00f3n a proteger los recursos naturales porque son de vital importancia para la supervivencia de los seres vivos y el mantenimiento de un ambiente sano y libre de contaminaci\u00f3n.<\/span><\/p>\n<p><span class=\"text1noticias\"> <\/span><\/p>\n<p><span class=\"text1noticias\">De su lado, la alcaldesa del Distrito Nacional, Carolina Mej\u00eda, resalt\u00f3 la medida del ministro del MESCYT, a favor del medio ambiente costero-marino, y manifest\u00f3 que acompa\u00f1ar\u00e1 y apoyar\u00e1 la iniciativa de la jornada de limpieza con la ayuda de los ayuntamientos y el gobierno central. <\/span><\/p>\n<p><span class=\"text1noticias\"> <\/span><\/p>\n<p><span class=\"text1noticias\">Mientras que el presidente de ADOU), Jos\u00e9 Alejandro Aybar, expres\u00f3 su respaldo a la iniciativa de mantener limpias las playas lo cual beneficia al pa\u00eds con la mejor\u00eda del medio ambiente.<\/span><\/p>\n<p><span class=\"text1noticias\"> <\/span><\/p>\n<p><span class=\"text1noticias\">En la jornada participaron la alcaldesa del Distrito Nacional Carolina Mej\u00eda; el presidente de la Asociaci\u00f3n Dominicana de Universidades (ADOU) Jos\u00e9 Alejandro Aybar; los viceministros Carmen Evarista Mat\u00edas, Jos\u00e9 Antonio Cancel, Juan Francisco Viloria; el asesor especial, Julio Altagracia. As\u00ed tambi\u00e9n como el personal del ministerio. <\/span><\/p>\n<p><span class=\"text1noticias\"> <\/span><\/p>\n<p><span class=\"text1noticias\">Fuente: Federico Mendez Nova<\/span><\/p>\n<p><span class=\"text1noticias\">Ministerio de Educaci\u00f3n Superior Ciencia y Tecnolog\u00eda (MESCYT)<\/span><\/p>\n<p><span class=\"text1noticias\">  <\/span><\/p>\n<p><span class=\"text1noticias\">PIE DE FOTO:<\/span><\/p>\n<p><span class=\"text1noticias\">El ministro Franklin Garc\u00eda Ferm\u00edn, la alcaldesa Carolina Mej\u00eda y el presidente de ADOU, Jos\u00e9 Andr\u00e9s Aybar, durante la jornada de limpieza en la p<\/span>laya de G\u00fcibia.<\/p>\n<h6> 2020-10-25 13:28:12 <\/h6>\n<p><!--\n<link rel=\"stylesheet\" href=\"css\/bootstrap.min.css\">\n\n\n<ul class=\"pagination\">\n\t    \n\t\n\n<li >\n\t<a href='?page_no=111'>Previous<\/a>\n\t<\/li>\n\n\n       \n    \n\n<li><a href='?page_no=1'>1<\/a><\/li>\n\n\n\n<li><a href='?page_no=2'>2<\/a><\/li>\n\n\n\n<li><a>...<\/a><\/li>\n\n\n\n<li><a href='?page_no=110'>110<\/a><\/li>\n\n\n\n<li><a href='?page_no=111'>111<\/a><\/li>\n\n\n\n<li class='active'><a>112<\/a><\/li>\n\n\n\n<li><a href='?page_no=113'>113<\/a><\/li>\n\n\n\n<li><a href='?page_no=114'>114<\/a><\/li>\n\n\n\n<li><a>...<\/a><\/li>\n\n\n\n<li><a href='?page_no=22911'>22911<\/a><\/li>\n\n\n\n<li><a href='?page_no=22912'>22912<\/a><\/li>\n\n    \n\t\n\n<li >\n\t<a href='?page_no=113'>Next<\/a>\n\t<\/li>\n\n\n    \n\n<li><a href='?page_no=22912'>Last &rsaquo;&rsaquo;<\/a><\/li>\n\n<\/ul>\n\n\n--><br \/>\n<\/body><\/p>\n","protected":false},"excerpt":{"rendered":"<p>diariodominicano.com Santo Domingo, R. D., 25 de octubre, 2020.- El ministro de Educaci\u00f3n Superior Ciencia y Tecnolog\u00eda (MESCYT), doctor Franklin Garc\u00eda Ferm\u00edn, encabez\u00f3 este domingo una jornada de limpieza de costas del Distrito Nacional, en la playa de G\u00fcibia, junto a la alcaldesa del Distrito Nacional, Carolina Mej\u00eda, y el presidente de la Asociaci\u00f3n Dominicana [&hellip;]<\/p>\n","protected":false},"author":3,"featured_media":0,"comment_status":"open","ping_status":"open","sticky":false,"template":"","format":"standard","meta":{"footnotes":""},"categories":[21],"tags":[],"class_list":["post-48374","post","type-post","status-publish","format-standard","hentry","category-cultura"],"_links":{"self":[{"href":"https:\/\/diariodominicano.com\/index.php?rest_route=\/wp\/v2\/posts\/48374","targetHints":{"allow":["GET"]}}],"collection":[{"href":"https:\/\/diariodominicano.com\/index.php?rest_route=\/wp\/v2\/posts"}],"about":[{"href":"https:\/\/diariodominicano.com\/index.php?rest_route=\/wp\/v2\/types\/post"}],"author":[{"embeddable":true,"href":"https:\/\/diariodominicano.com\/index.php?rest_route=\/wp\/v2\/users\/3"}],"replies":[{"embeddable":true,"href":"https:\/\/diariodominicano.com\/index.php?rest_route=%2Fwp%2Fv2%2Fcomments&post=48374"}],"version-history":[{"count":0,"href":"https:\/\/diariodominicano.com\/index.php?rest_route=\/wp\/v2\/posts\/48374\/revisions"}],"wp:attachment":[{"href":"https:\/\/diariodominicano.com\/index.php?rest_route=%2Fwp%2Fv2%2Fmedia&parent=48374"}],"wp:term":[{"taxonomy":"category","embeddable":true,"href":"https:\/\/diariodominicano.com\/index.php?rest_route=%2Fwp%2Fv2%2Fcategories&post=48374"},{"taxonomy":"post_tag","embeddable":true,"href":"https:\/\/diariodominicano.com\/index.php?rest_route=%2Fwp%2Fv2%2Ftags&post=48374"}],"curies":[{"name":"wp","href":"https:\/\/api.w.org\/{rel}","templated":true}]}}