{"id":483709,"date":"2023-10-27T01:03:30","date_gmt":"2023-10-27T05:03:30","guid":{"rendered":"http:\/\/diariodominicano.com\/?p=483709"},"modified":"2023-10-27T01:09:32","modified_gmt":"2023-10-27T05:09:32","slug":"3era-feria-agropecuario-del-nordeste-con-ventas-de-productos-y-maquinarias-desde-el-26-al-29-de-octubre","status":"publish","type":"post","link":"https:\/\/diariodominicano.com\/?p=483709","title":{"rendered":"3era Feria Agropecuario del nordeste: con ventas de productos y maquinarias desde el 26 al 29 de octubre"},"content":{"rendered":"\n<p>La \u201cTercera Feria Agropecuaria del Nordeste\u201d, a realizarse desde este jueves 26, al 29 de octubre del 2023, desde las a las 10:00 am, hasta las 7:00 de la noche en la Ciudad Agropecuaria de San Francisco de Macor\u00eds, con especial dedicatoria a Jos\u00e9 Manuel Mallen. Adem\u00e1s, fueron reconocidos en el marco de la feria, los se\u00f1ores Cesar Augusto Taveras y Jos\u00e9 Mauricio Mar\u00eda Vel\u00e1zquez.<\/p>\n\n\n\n<figure class=\"wp-block-image size-large\"><img loading=\"lazy\" decoding=\"async\" width=\"1024\" height=\"683\" src=\"https:\/\/diariodominicano.com\/wp-content\/uploads\/2023\/10\/1698357288972-1024x683.jpg\" alt=\"\" class=\"wp-image-483734\" srcset=\"https:\/\/diariodominicano.com\/wp-content\/uploads\/2023\/10\/1698357288972-1024x683.jpg 1024w, https:\/\/diariodominicano.com\/wp-content\/uploads\/2023\/10\/1698357288972-300x200.jpg 300w, https:\/\/diariodominicano.com\/wp-content\/uploads\/2023\/10\/1698357288972-768x512.jpg 768w, https:\/\/diariodominicano.com\/wp-content\/uploads\/2023\/10\/1698357288972-1536x1024.jpg 1536w, https:\/\/diariodominicano.com\/wp-content\/uploads\/2023\/10\/1698357288972-816x544.jpg 816w, https:\/\/diariodominicano.com\/wp-content\/uploads\/2023\/10\/1698357288972.jpg 1600w\" sizes=\"auto, (max-width: 1024px) 100vw, 1024px\" \/><\/figure>\n\n\n\n<figure class=\"wp-block-image size-large\"><img loading=\"lazy\" decoding=\"async\" width=\"1024\" height=\"683\" src=\"https:\/\/diariodominicano.com\/wp-content\/uploads\/2023\/10\/1698357289611-1024x683.jpg\" alt=\"\" class=\"wp-image-483730\" srcset=\"https:\/\/diariodominicano.com\/wp-content\/uploads\/2023\/10\/1698357289611-1024x683.jpg 1024w, https:\/\/diariodominicano.com\/wp-content\/uploads\/2023\/10\/1698357289611-300x200.jpg 300w, https:\/\/diariodominicano.com\/wp-content\/uploads\/2023\/10\/1698357289611-768x512.jpg 768w, https:\/\/diariodominicano.com\/wp-content\/uploads\/2023\/10\/1698357289611-1536x1024.jpg 1536w, https:\/\/diariodominicano.com\/wp-content\/uploads\/2023\/10\/1698357289611-816x544.jpg 816w, https:\/\/diariodominicano.com\/wp-content\/uploads\/2023\/10\/1698357289611.jpg 1600w\" sizes=\"auto, (max-width: 1024px) 100vw, 1024px\" \/><\/figure>\n\n\n\n<p>En esta importante actividad del sector agropecuario, en la que se exhiben productos, maquinarias, animales de alto valor gen\u00e9tico y de diversas razas, los visitantes podr\u00e1n adem\u00e1s compartir y disfrutar en familia de las \u00e1reas de alimentos, comida r\u00e1pida y las presentaciones art\u00edsticas cada tarde noche.<\/p>\n\n\n\n<figure class=\"wp-block-image size-large\"><img loading=\"lazy\" decoding=\"async\" width=\"1024\" height=\"683\" src=\"https:\/\/diariodominicano.com\/wp-content\/uploads\/2023\/10\/1698357289200-1024x683.jpg\" alt=\"\" class=\"wp-image-483736\" srcset=\"https:\/\/diariodominicano.com\/wp-content\/uploads\/2023\/10\/1698357289200-1024x683.jpg 1024w, https:\/\/diariodominicano.com\/wp-content\/uploads\/2023\/10\/1698357289200-300x200.jpg 300w, https:\/\/diariodominicano.com\/wp-content\/uploads\/2023\/10\/1698357289200-768x512.jpg 768w, https:\/\/diariodominicano.com\/wp-content\/uploads\/2023\/10\/1698357289200-1536x1024.jpg 1536w, https:\/\/diariodominicano.com\/wp-content\/uploads\/2023\/10\/1698357289200-816x544.jpg 816w, https:\/\/diariodominicano.com\/wp-content\/uploads\/2023\/10\/1698357289200.jpg 1600w\" sizes=\"auto, (max-width: 1024px) 100vw, 1024px\" \/><\/figure>\n\n\n\n<p>El evento que concentrar\u00e1 en la capital del Nordeste a los sectores Agr\u00edcola y Ganadero de la regi\u00f3n y el pa\u00eds, tiene como objetivo incentivar y promover la producci\u00f3n agropecuaria de la regi\u00f3n, as\u00ed como dar a conocer los avances y logros que se evidencian en este pujante sector de la econom\u00eda de la Rep\u00fablica dominicana.<\/p>\n\n\n\n<figure class=\"wp-block-image size-large\"><img loading=\"lazy\" decoding=\"async\" width=\"1024\" height=\"683\" src=\"https:\/\/diariodominicano.com\/wp-content\/uploads\/2023\/10\/1698357288797-1024x683.jpg\" alt=\"\" class=\"wp-image-483732\" srcset=\"https:\/\/diariodominicano.com\/wp-content\/uploads\/2023\/10\/1698357288797-1024x683.jpg 1024w, https:\/\/diariodominicano.com\/wp-content\/uploads\/2023\/10\/1698357288797-300x200.jpg 300w, https:\/\/diariodominicano.com\/wp-content\/uploads\/2023\/10\/1698357288797-768x512.jpg 768w, https:\/\/diariodominicano.com\/wp-content\/uploads\/2023\/10\/1698357288797-1536x1024.jpg 1536w, https:\/\/diariodominicano.com\/wp-content\/uploads\/2023\/10\/1698357288797-816x544.jpg 816w, https:\/\/diariodominicano.com\/wp-content\/uploads\/2023\/10\/1698357288797.jpg 1600w\" sizes=\"auto, (max-width: 1024px) 100vw, 1024px\" \/><\/figure>\n\n\n\n<p>En el acto inaugural el ingeniero Luis Yang\u00fcela Caan\u00e1n, presidente del Patronato de la Ciudad Agropecuaria del Nordeste ofreci\u00f3 las palabras de bienvenida, se\u00f1alando que para esta entidad es un orgullo acoger en sus instalaciones esta actividad en la m\u00e1s moderna estructura de la regi\u00f3n para tales fines.<\/p>\n\n\n\n<p>En tanto que los detalles, objetivos, organizadores y patrocinadores, as\u00ed como la dedicatoria, fueron ofrecidos por Elvis Santiago Paulino, presidente de la Asociaci\u00f3n de Ganaderos de la Provincia Duarte, quien se\u00f1al\u00f3 que la feria es organizada y patrocinada por el Patronato de la Ciudad Agropecuaria del Nordeste, la Asociaci\u00f3n de Ganaderos del a Provincia Duarte, FEGACIBAO, COOPENOR, FENARROZ, CONALECHE, Ministerio de Agricultura, Ganader\u00eda, entre otras instituciones.<\/p>\n\n\n\n<figure class=\"wp-block-image size-large\"><img loading=\"lazy\" decoding=\"async\" width=\"1024\" height=\"683\" src=\"https:\/\/diariodominicano.com\/wp-content\/uploads\/2023\/10\/1698357289059-1024x683.jpg\" alt=\"\" class=\"wp-image-483737\" srcset=\"https:\/\/diariodominicano.com\/wp-content\/uploads\/2023\/10\/1698357289059-1024x683.jpg 1024w, https:\/\/diariodominicano.com\/wp-content\/uploads\/2023\/10\/1698357289059-300x200.jpg 300w, https:\/\/diariodominicano.com\/wp-content\/uploads\/2023\/10\/1698357289059-768x512.jpg 768w, https:\/\/diariodominicano.com\/wp-content\/uploads\/2023\/10\/1698357289059-1536x1024.jpg 1536w, https:\/\/diariodominicano.com\/wp-content\/uploads\/2023\/10\/1698357289059-816x544.jpg 816w, https:\/\/diariodominicano.com\/wp-content\/uploads\/2023\/10\/1698357289059.jpg 1600w\" sizes=\"auto, (max-width: 1024px) 100vw, 1024px\" \/><\/figure>\n\n\n\n<figure class=\"wp-block-image size-large\"><img loading=\"lazy\" decoding=\"async\" width=\"1024\" height=\"683\" src=\"https:\/\/diariodominicano.com\/wp-content\/uploads\/2023\/10\/1698357289143-1-1024x683.jpg\" alt=\"\" class=\"wp-image-483738\" srcset=\"https:\/\/diariodominicano.com\/wp-content\/uploads\/2023\/10\/1698357289143-1-1024x683.jpg 1024w, https:\/\/diariodominicano.com\/wp-content\/uploads\/2023\/10\/1698357289143-1-300x200.jpg 300w, https:\/\/diariodominicano.com\/wp-content\/uploads\/2023\/10\/1698357289143-1-768x512.jpg 768w, https:\/\/diariodominicano.com\/wp-content\/uploads\/2023\/10\/1698357289143-1-1536x1024.jpg 1536w, https:\/\/diariodominicano.com\/wp-content\/uploads\/2023\/10\/1698357289143-1-816x544.jpg 816w, https:\/\/diariodominicano.com\/wp-content\/uploads\/2023\/10\/1698357289143-1.jpg 1600w\" sizes=\"auto, (max-width: 1024px) 100vw, 1024px\" \/><\/figure>\n\n\n\n<figure class=\"wp-block-image size-large\"><img loading=\"lazy\" decoding=\"async\" width=\"1024\" height=\"683\" src=\"https:\/\/diariodominicano.com\/wp-content\/uploads\/2023\/10\/1698357289115-1024x683.jpg\" alt=\"\" class=\"wp-image-483739\" srcset=\"https:\/\/diariodominicano.com\/wp-content\/uploads\/2023\/10\/1698357289115-1024x683.jpg 1024w, https:\/\/diariodominicano.com\/wp-content\/uploads\/2023\/10\/1698357289115-300x200.jpg 300w, https:\/\/diariodominicano.com\/wp-content\/uploads\/2023\/10\/1698357289115-768x512.jpg 768w, https:\/\/diariodominicano.com\/wp-content\/uploads\/2023\/10\/1698357289115-1536x1024.jpg 1536w, https:\/\/diariodominicano.com\/wp-content\/uploads\/2023\/10\/1698357289115-816x544.jpg 816w, https:\/\/diariodominicano.com\/wp-content\/uploads\/2023\/10\/1698357289115.jpg 1600w\" sizes=\"auto, (max-width: 1024px) 100vw, 1024px\" \/><\/figure>\n\n\n\n<p>La actividad, adem\u00e1s contar\u00e1 con la participaci\u00f3n de los productores de leche, pi\u00f1a, cacao, coco, pollos, arroz y otros productos, con el objetivo de dar a conocer los avances que se tienen en la regi\u00f3n Nordeste tanto en lo pecuario como agr\u00edcola e incentivar la noble tarea agr\u00edcola que es parte del sost\u00e9n alimentario y econ\u00f3mico del pa\u00eds, sirviendo adem\u00e1s como ambiente de recreaci\u00f3n, aprendizaje y reencuentro familiar.<\/p>\n\n\n\n<figure class=\"wp-block-image size-large\"><img loading=\"lazy\" decoding=\"async\" width=\"1024\" height=\"683\" src=\"https:\/\/diariodominicano.com\/wp-content\/uploads\/2023\/10\/1698357289582-1024x683.jpg\" alt=\"\" class=\"wp-image-483740\" srcset=\"https:\/\/diariodominicano.com\/wp-content\/uploads\/2023\/10\/1698357289582-1024x683.jpg 1024w, https:\/\/diariodominicano.com\/wp-content\/uploads\/2023\/10\/1698357289582-300x200.jpg 300w, https:\/\/diariodominicano.com\/wp-content\/uploads\/2023\/10\/1698357289582-768x512.jpg 768w, https:\/\/diariodominicano.com\/wp-content\/uploads\/2023\/10\/1698357289582-1536x1024.jpg 1536w, https:\/\/diariodominicano.com\/wp-content\/uploads\/2023\/10\/1698357289582-816x544.jpg 816w, https:\/\/diariodominicano.com\/wp-content\/uploads\/2023\/10\/1698357289582.jpg 1600w\" sizes=\"auto, (max-width: 1024px) 100vw, 1024px\" \/><\/figure>\n\n\n\n<p>En el acto fueron reconocidos por sus aportes, en el sector ganadero Cesar Augusto Taveras, adem\u00e1s de Jos\u00e9 Mauricio Mar\u00eda, por el sector arrocero.<\/p>\n\n\n\n<p>Entre las actividades a desarrollar estar\u00e1n el jueves la Charla sobre el efecto de minerales en la reproducci\u00f3n bovina. (SOMEX) en el Sal\u00f3n De Conferencias, seguido de la Charla a productores acu\u00edcola sobre manejo y crianza de tilapia (COOPACUI) Sal\u00f3n De Conferencias, para el viernes 27 se desarrollar\u00e1n: el Seminario del Cultivo de Cacao en la Cordillera Septentrional como modelo de Desarrollo Sostenible, en el (Sal\u00f3n de Conferencias), Juzgamiento de macho Razas Lechera Holstein, Jersey, Pardo Suizo Gyr Lechero, del PNG en el (Sal\u00f3n Miguel Javier Cartagena).<\/p>\n\n\n\n<figure class=\"wp-block-image size-large\"><img loading=\"lazy\" decoding=\"async\" width=\"1024\" height=\"683\" src=\"https:\/\/diariodominicano.com\/wp-content\/uploads\/2023\/10\/1698357290283-1024x683.jpg\" alt=\"\" class=\"wp-image-483741\" srcset=\"https:\/\/diariodominicano.com\/wp-content\/uploads\/2023\/10\/1698357290283-1024x683.jpg 1024w, https:\/\/diariodominicano.com\/wp-content\/uploads\/2023\/10\/1698357290283-300x200.jpg 300w, https:\/\/diariodominicano.com\/wp-content\/uploads\/2023\/10\/1698357290283-768x512.jpg 768w, https:\/\/diariodominicano.com\/wp-content\/uploads\/2023\/10\/1698357290283-1536x1024.jpg 1536w, https:\/\/diariodominicano.com\/wp-content\/uploads\/2023\/10\/1698357290283-816x544.jpg 816w, https:\/\/diariodominicano.com\/wp-content\/uploads\/2023\/10\/1698357290283.jpg 1600w\" sizes=\"auto, (max-width: 1024px) 100vw, 1024px\" \/><\/figure>\n\n\n\n<p>Otra de las actividades es el concurso para ni\u00f1os Mall\u00e9n Ganaderitos, en el (Sal\u00f3n Miguel Javier Cartagena), se celebrar\u00e1n adem\u00e1s los encuentros del Patronato Nacional de Ganaderos (PNG) (Sal\u00f3n Ing. Am\u00edlcar Romero), y el encuentro con productores acu\u00edcolas en el Sal\u00f3n de conferencias.<\/p>\n\n\n\n<p>Para el s\u00e1bado se desarrollar\u00e1: Charla Buenas Pr\u00e1ctica de Orde\u00f1o Sal\u00f3n de Conferencias, el rodeo, un asopado, para el domingo est\u00e1 previsto Subasta Ganadera PNG, un locrio y otras actividades que est\u00e1n disponibles en las redes @feriaagropecuariaSFM adem\u00e1s cada noche a partir de las 5 de la tarde se realizar\u00e1n presentaciones art\u00edsticas.<\/p>\n\n\n\n<figure class=\"wp-block-image size-large\"><img loading=\"lazy\" decoding=\"async\" width=\"1024\" height=\"683\" src=\"https:\/\/diariodominicano.com\/wp-content\/uploads\/2023\/10\/1698357289257-1024x683.jpg\" alt=\"\" class=\"wp-image-483742\" srcset=\"https:\/\/diariodominicano.com\/wp-content\/uploads\/2023\/10\/1698357289257-1024x683.jpg 1024w, https:\/\/diariodominicano.com\/wp-content\/uploads\/2023\/10\/1698357289257-300x200.jpg 300w, https:\/\/diariodominicano.com\/wp-content\/uploads\/2023\/10\/1698357289257-768x512.jpg 768w, https:\/\/diariodominicano.com\/wp-content\/uploads\/2023\/10\/1698357289257-1536x1024.jpg 1536w, https:\/\/diariodominicano.com\/wp-content\/uploads\/2023\/10\/1698357289257-816x544.jpg 816w, https:\/\/diariodominicano.com\/wp-content\/uploads\/2023\/10\/1698357289257.jpg 1600w\" sizes=\"auto, (max-width: 1024px) 100vw, 1024px\" \/><\/figure>\n\n\n\n<p>Por tercer a\u00f1o, el evento comercial gratuito y abierto al p\u00fablico, tendr\u00e1 lugar en la Ciudad Agropecuaria de San Francisco de Macor\u00eds, ubicada en el kil\u00f3metro 1 de la carretera San Francisco de Macor\u00eds \u2013 Nagua, se inform\u00f3 que los interesados pueden contactarse al tel\u00e9fono 809-244-6555 para mayores detalles.<\/p>\n\n\n\n<p>El lanzamiento realizado en el sal\u00f3n Miguel Javier Cartagena, estuvo encabezado por el viceministro de Agricultura Eulalio Ram\u00edrez, en representaci\u00f3n de Limber Cruz, Ministro de Agricultura, Elvis Santiago Paulino de la Asociaci\u00f3n de Ganaderos de la Provincia Duarte, el ingeniero Luis Yang\u00fcela Caan\u00e1n, presidente del Patronato de la Ciudad Agropecuaria del Nordeste, Francisco Israel Brito de Coopenor, Marcelo Reyes, presidente de la Federaci\u00f3n Nacional de Productores de Arroz.<\/p>\n\n\n\n<p>Participaron adem\u00e1s, el Ing. Jos\u00e9 Fabelo, de AGRODOSA, Arismendy Rodr\u00edguez de FEGACIBAO, \u00a0FENARROZ, Ana Xiomara Cortes, gobernadora de la Provincia Duarte, el coronel Franklin Santana, en representaci\u00f3n del jefe de la polic\u00eda el general Eduardo Alberto Then, Miguel Mej\u00eda en representaci\u00f3n de Conaleche, entre otras personalidades \u00a0y Cesar Alejandro Taveras, por la Asociaci\u00f3n de Ganaderos.<\/p>\n\n\n\n<p>Miguel Montilla<a target=\"_blank\" href=\"mailto:mpmontilla01@gmail.com\" rel=\"noreferrer noopener\">mpmontilla01@gmail.com<\/a><\/p>\n\n\n\n<p><\/p>\n","protected":false},"excerpt":{"rendered":"<p>La \u201cTercera Feria Agropecuaria del Nordeste\u201d, a realizarse desde este jueves 26, al 29 de octubre del 2023, desde las a las 10:00 am, hasta las 7:00 de la noche en la Ciudad Agropecuaria de San Francisco de Macor\u00eds, con especial dedicatoria a Jos\u00e9 Manuel Mallen. Adem\u00e1s, fueron reconocidos en el marco de la feria, [&hellip;]<\/p>\n","protected":false},"author":28,"featured_media":0,"comment_status":"closed","ping_status":"","sticky":true,"template":"","format":"standard","meta":{"footnotes":""},"categories":[36,18,27,32],"tags":[],"class_list":["post-483709","post","type-post","status-publish","format-standard","hentry","category-hombresmujeresycosas","category-economia","category-portada","category-turismo"],"_links":{"self":[{"href":"https:\/\/diariodominicano.com\/index.php?rest_route=\/wp\/v2\/posts\/483709","targetHints":{"allow":["GET"]}}],"collection":[{"href":"https:\/\/diariodominicano.com\/index.php?rest_route=\/wp\/v2\/posts"}],"about":[{"href":"https:\/\/diariodominicano.com\/index.php?rest_route=\/wp\/v2\/types\/post"}],"author":[{"embeddable":true,"href":"https:\/\/diariodominicano.com\/index.php?rest_route=\/wp\/v2\/users\/28"}],"replies":[{"embeddable":true,"href":"https:\/\/diariodominicano.com\/index.php?rest_route=%2Fwp%2Fv2%2Fcomments&post=483709"}],"version-history":[{"count":4,"href":"https:\/\/diariodominicano.com\/index.php?rest_route=\/wp\/v2\/posts\/483709\/revisions"}],"predecessor-version":[{"id":483743,"href":"https:\/\/diariodominicano.com\/index.php?rest_route=\/wp\/v2\/posts\/483709\/revisions\/483743"}],"wp:attachment":[{"href":"https:\/\/diariodominicano.com\/index.php?rest_route=%2Fwp%2Fv2%2Fmedia&parent=483709"}],"wp:term":[{"taxonomy":"category","embeddable":true,"href":"https:\/\/diariodominicano.com\/index.php?rest_route=%2Fwp%2Fv2%2Fcategories&post=483709"},{"taxonomy":"post_tag","embeddable":true,"href":"https:\/\/diariodominicano.com\/index.php?rest_route=%2Fwp%2Fv2%2Ftags&post=483709"}],"curies":[{"name":"wp","href":"https:\/\/api.w.org\/{rel}","templated":true}]}}