{"id":48363,"date":"2020-10-26T16:08:20","date_gmt":"2020-10-26T16:08:20","guid":{"rendered":"http:\/\/diariodominicano.ddns.net\/?p=48363"},"modified":"2020-10-26T16:08:20","modified_gmt":"2020-10-26T16:08:20","slug":"juan-pablo-duarte-llega-a-hamburgo","status":"publish","type":"post","link":"https:\/\/diariodominicano.com\/?p=48363","title":{"rendered":"Juan Pablo Duarte llega a Hamburgo"},"content":{"rendered":"<p><body><\/p>\n<p><img decoding=\"async\" src=\"img3\/Duarte joven00.jpg\" \/>  <\/p>\n<p><strong>Diariodominicano.com<\/strong><\/p>\n<p><strong>El d\u00eda que Juan Pablo Duarte lleg\u00f3 a Hamburgo<\/strong><\/p>\n<p>   Juan Pablo Duarte, Juan Isidro P\u00e9rez y los hermanos Richiez, se hospedaron en Hamburgo en la casa de marineros de George Freidrich Schulz, situada en la \u00e9poca en la calle Erste Vostzen n\u00famero 12.<\/p>\n<p><strong>Por H\u00e9ctor Tineo Nolasco<\/strong><\/p>\n<p><strong>Diariodominicano.com<\/strong><\/p>\n<p><strong>Hamburgo, Alemania,  el  26 de octubre de 1844<\/strong>, Juan Pablo Duarte y varios de sus colaboradores llegaron deportados a Hamburgo, Alemania.<\/p>\n<\/p>\n<p>    Juan Pablo Duarte, Juan Isidro P\u00e9rez y los hermanos Richiez, se hospedaron en Hamburgo en la casa de marineros de George Freidrich Schulz, situada en la \u00e9poca en la calle Erste Vostzen n\u00famero 12.<\/p>\n<\/p>\n<p>     Al llegar a Hamburgo, Duarte decidi\u00f3 permanecer all\u00ed y Juan Isidro P\u00e9rez y los hermanos F\u00e9lix y Montblanc Richiez viajaron a la isla de Saint Thomas.<\/p>\n<\/p>\n<p>       El grupo fue deportado en cumplimiento de una resoluci\u00f3n que aprob\u00f3 el 22 de agosto de 1844, la Junta Central Gubernativa, controlada por el general Pedro Santana.<\/p>\n<\/p>\n<p>   \u00abDeclara: que los generales de brigada Juan Pablo Duarte, Ram\u00f3n Mella, Francisco S\u00e1nchez; los comandantes Pedro Pina, Gregorio del Valle, Juan Jim\u00e9nez y el capit\u00e1n J. J. Illas, y el se\u00f1or Juan Isidro P\u00e9rez, secretario que fu\u00e9 de la Junta Central Gubernativa, han sido traidores e infieles a la patria, y como tales indignos de los empleos  y cargos que ejerc\u00edan, de los que quedan depuestos y destituidos desde este d\u00eda, ordena que todos ellos sean inmediatamente desterrados  y extra\u00f1ados a perpetuidad del pa\u00eds, sin que puedan volver a poner el pie en \u00e9l, bajo la pena de muerte, que ser\u00e1 ejecutada en la persona del que lo hiciere, despu\u00e9s que sea aprehendido y que se justifique la identidad de su persona, a cuyo efecto se le da poder y facultad a cualquiera  autoridad civil o militar que verifique la captura, todo esto sin perjuicio de las indemnizaciones civiles que deban al  erario p\u00fablico, o a algunos ciudadanos particulares, por la mala versaci\u00f3n que hayan tenido en sus empleos, por el abuso de poder que hayan hecho o por los da\u00f1os  y perjuicios que hayan causado\u00bb. (sic)<\/p>\n<\/p>\n<p><strong>       En el documento la Junta Central Gubernativa precisa:<\/strong><\/p>\n<\/p>\n<p>    \u00abLa presente disposici\u00f3n ser\u00e1 ejecutada por el Jefe Supremo militar,  quien puede tomar todas las medidas de precauci\u00f3n y seguridad que juzgue oportuno. Queda est\u00e1 causa abierta contra otros individuos complicados en el mismo crimen que se encuentran en estado de arrestaci\u00f3n en esta capital, o que puedan ser descubiertos en adelante para recoger las declaraciones necesarias e imponerles, tambi\u00e9n, las penas a que se han hecho acreedores o que el Gobierno juzgue adecuadas para escarmentarlos y asegurar la tranquilidad p\u00fablica\u00bb. (sic)<\/p>\n<\/p>\n<p>        La sentencia contra  Duarte y sus compa\u00f1eros fue firmada por los miembros de la Junta Central Gubernativa: Pedro Santana, Presidente y Jefe Supremo; Manuel Jim\u00e9nez, Tom\u00e1s Bobadilla, F\u00e9lix Mercenario, Toribio Ma\u00f1\u00f3n, J. Tom\u00e1s Medrano, Norberto  Linares, Toribio L. Villanueva, y el secretario F\u00e9lix Mar\u00eda Marcano.<\/p>\n<\/p>\n<p>    Duarte y sus compa\u00f1eros fueron acusados de sedici\u00f3n para derrocar \u00abal Gobierno Supremo\u00bb establecido en virtud del Manifiesto del 16 de enero de 1844.<\/p>\n<\/p>\n<p>    Los miembros de la Junta presentaron como pruebas dos documentos: uno firmado por 68 personas identificadas como padres de familia, y otro suscrito por 628 oficiales superiores y los dem\u00e1s miembros del Ej\u00e9rcito, quienes acusaban a Juan Pablo Duarte de estar a la cabeza del Movimiento por lo que ped\u00edan fuera castigado junto a sus compa\u00f1eros.<\/p>\n<\/p>\n<p>     En cumplimiento de la resoluci\u00f3n fueron deportados de la Rep\u00fablica Dominicana, Duarte,  su hermano Vicente Celestino Duarte, y su hijo Enrique Duarte; Juan Isidro P\u00e9rez, y los hermanos  F\u00e9lix y Montblanc Richiez.<\/p>\n<\/p>\n<p>      El 10 de septiembre de 1844 se dio la informaci\u00f3n de que el grupo fue expulsado del territorio nacional con destino a Hamburgo, Alemania.<\/p>\n<\/p>\n<p>    El mismo  d\u00eda Vicente Celestino Duarte y su hijo Enrique Duarte, fueron deportados a Estados Unidos.  Llegaron a Nueva York el 7 de octubre de 1844.<\/p>\n<\/p>\n<p>   En apuntes del momento de la salida, Juan Pablo Duarte recuerda: \u00abYo iba enfermo, con las calenturas que hab\u00eda tra\u00eddo de Puerto Plata. Me apoyaba para poder andar en los brazos de mi hermano Vicente y su hijo Enrique\u00bb.<\/p>\n<\/p>\n<p>    Con la medida la Junta Central Gubernativa, encabezada por el General Pedro Santana culmin\u00f3 un conjunto de acciones de persecuci\u00f3n pol\u00edtica contra el pr\u00f3cer Juan Pablo Duarte, sus seguidores y los miembros de su familia.<\/p>\n<\/p>\n<p>     El d\u00eda  2  de septiembre de 1844, el patricio  Duarte y varios de sus compa\u00f1eros trinitarios llegaron detenidos de Puerto Plata a la ciudad de Santo Domingo.<\/p>\n<h6> 2020-10-26 16:08:20 <\/h6>\n<p><!--\n<link rel=\"stylesheet\" href=\"css\/bootstrap.min.css\">\n\n\n<ul class=\"pagination\">\n\t    \n\t\n\n<li >\n\t<a href='?page_no=110'>Previous<\/a>\n\t<\/li>\n\n\n       \n    \n\n<li><a href='?page_no=1'>1<\/a><\/li>\n\n\n\n<li><a href='?page_no=2'>2<\/a><\/li>\n\n\n\n<li><a>...<\/a><\/li>\n\n\n\n<li><a href='?page_no=109'>109<\/a><\/li>\n\n\n\n<li><a href='?page_no=110'>110<\/a><\/li>\n\n\n\n<li class='active'><a>111<\/a><\/li>\n\n\n\n<li><a href='?page_no=112'>112<\/a><\/li>\n\n\n\n<li><a href='?page_no=113'>113<\/a><\/li>\n\n\n\n<li><a>...<\/a><\/li>\n\n\n\n<li><a href='?page_no=22911'>22911<\/a><\/li>\n\n\n\n<li><a href='?page_no=22912'>22912<\/a><\/li>\n\n    \n\t\n\n<li >\n\t<a href='?page_no=112'>Next<\/a>\n\t<\/li>\n\n\n    \n\n<li><a href='?page_no=22912'>Last &rsaquo;&rsaquo;<\/a><\/li>\n\n<\/ul>\n\n\n--><br \/>\n<\/body><\/p>\n","protected":false},"excerpt":{"rendered":"<p>Diariodominicano.com El d\u00eda que Juan Pablo Duarte lleg\u00f3 a Hamburgo Juan Pablo Duarte, Juan Isidro P\u00e9rez y los hermanos Richiez, se hospedaron en Hamburgo en la casa de marineros de George Freidrich Schulz, situada en la \u00e9poca en la calle Erste Vostzen n\u00famero 12. Por H\u00e9ctor Tineo Nolasco Diariodominicano.com Hamburgo, Alemania, el 26 de octubre [&hellip;]<\/p>\n","protected":false},"author":3,"featured_media":0,"comment_status":"open","ping_status":"open","sticky":false,"template":"","format":"standard","meta":{"footnotes":""},"categories":[21],"tags":[],"class_list":["post-48363","post","type-post","status-publish","format-standard","hentry","category-cultura"],"_links":{"self":[{"href":"https:\/\/diariodominicano.com\/index.php?rest_route=\/wp\/v2\/posts\/48363","targetHints":{"allow":["GET"]}}],"collection":[{"href":"https:\/\/diariodominicano.com\/index.php?rest_route=\/wp\/v2\/posts"}],"about":[{"href":"https:\/\/diariodominicano.com\/index.php?rest_route=\/wp\/v2\/types\/post"}],"author":[{"embeddable":true,"href":"https:\/\/diariodominicano.com\/index.php?rest_route=\/wp\/v2\/users\/3"}],"replies":[{"embeddable":true,"href":"https:\/\/diariodominicano.com\/index.php?rest_route=%2Fwp%2Fv2%2Fcomments&post=48363"}],"version-history":[{"count":0,"href":"https:\/\/diariodominicano.com\/index.php?rest_route=\/wp\/v2\/posts\/48363\/revisions"}],"wp:attachment":[{"href":"https:\/\/diariodominicano.com\/index.php?rest_route=%2Fwp%2Fv2%2Fmedia&parent=48363"}],"wp:term":[{"taxonomy":"category","embeddable":true,"href":"https:\/\/diariodominicano.com\/index.php?rest_route=%2Fwp%2Fv2%2Fcategories&post=48363"},{"taxonomy":"post_tag","embeddable":true,"href":"https:\/\/diariodominicano.com\/index.php?rest_route=%2Fwp%2Fv2%2Ftags&post=48363"}],"curies":[{"name":"wp","href":"https:\/\/api.w.org\/{rel}","templated":true}]}}