{"id":483568,"date":"2023-10-27T00:39:36","date_gmt":"2023-10-27T04:39:36","guid":{"rendered":"http:\/\/diariodominicano.com\/?p=483568"},"modified":"2023-10-27T00:40:32","modified_gmt":"2023-10-27T04:40:32","slug":"anuncian-ix-encuentro-anual-para-el-desarrollo-turistico-de-samana-samana-educacion-y-competitividad-en-un-destino","status":"publish","type":"post","link":"https:\/\/diariodominicano.com\/?p=483568","title":{"rendered":"Anuncian IX Encuentro Anual para el desarrollo tur\u00edstico de Saman\u00e1: \u201cSaman\u00e1, educaci\u00f3n y competitividad en un destino\u201d"},"content":{"rendered":"\n<p>Jes\u00fas Dur\u00e1n<\/p>\n\n\n\n<p><\/p>\n\n\n\n<p>El objetivo de este encuentro es poner en contexto la importancia de la educaci\u00f3n para el progreso de un destino tur\u00edstico. Contar\u00e1 con la presencia como ponente principal del cantautor Ricardo Montaner quien est\u00e1 realizando grandes inversiones en el sector tur\u00edstico de Saman\u00e1 y a trav\u00e9s de su fundaci\u00f3n tienen en carpeta varios proyectos con el fin de fortalecer el desarrollo sostenible de este destino. As\u00ed mismo tambi\u00e9n estar\u00e1 presente en este evento el ministro de la presidencia Joel Santos Echavarr\u00eda.<\/p>\n\n\n\n<p><strong>Saman\u00e1, RD. \u2013<\/strong>\u00a0Bajo el lema de\u00a0<a>\u201cSaman\u00e1, educaci\u00f3n y competitividad en un destino\u201d,\u00a0<\/a>el Cl\u00faster Tur\u00edstico de Saman\u00e1 (CTS) y la Asociaci\u00f3n de Hoteles y Empresas Tur\u00edsticas de Saman\u00e1 (AHETSA) anunciaron la realizaci\u00f3n de su IX Encuentro Anual para el Desarrollo Tur\u00edstico de Saman\u00e1 programado para el pr\u00f3ximo lunes 20 de noviembre, a las 10:00 a.m. en el Sal\u00f3n Santa Barbar\u00e1, Puerto Bah\u00eda, Saman\u00e1.<\/p>\n\n\n\n<p><strong>El presidente del Cl\u00faster Tur\u00edstico de Saman\u00e1 (CTS), Jes\u00fas Dur\u00e1n<\/strong>, dijo que uno de los objetivos de este noveno encuentro anual es debatir uno de los mayores retos que tiene la provincia de Saman\u00e1, que es la formaci\u00f3n de colaboradores cualificados para acelerar el desarrollo del destino, porque actualmente la mayor parte de las empresas debe contratar personal que no residen en la provincia.<\/p>\n\n\n\n<p>\u201c<a>Desde hace varios a\u00f1os trabajamos de la mano con el INFOTEP, a trav\u00e9s de un convenio de colaboraci\u00f3n, por medio del cual se realizan acciones formativas basadas en las necesidades del&nbsp;<\/a>sector\u201d, afirm\u00f3 Dur\u00e1n.<\/p>\n\n\n\n<figure class=\"wp-block-image size-large\"><img decoding=\"async\" src=\"https:\/\/diariodominicano.com\/wp-content\/uploads\/2023\/10\/Juan-Bancalari-1024x683.jpg\" alt=\"\" class=\"wp-image-483614\"\/><figcaption> <strong>Juan Bancalari<\/strong><\/figcaption><\/figure>\n\n\n\n<p>De su lado, el&nbsp;<strong>presidente de la Asociaci\u00f3n de Hoteles y Empresas Tur\u00edsticas de Saman\u00e1 (AHETSA), Juan Bancalari<\/strong>, resalt\u00f3 que el sector turismo favorece al desarrollo de la provincia y muestra de ello es el incremento en la ocupaci\u00f3n hotelera en Saman\u00e1.<\/p>\n\n\n\n<p>\u201cEstamos m\u00e1s que complacidos de los resultados que experimenta el movimiento tur\u00edstico, lo cual produce un impacto positivo en la econom\u00eda de la regi\u00f3n, as\u00ed como el continuo apoyo del ministerio de Turismo y el Gobierno central\u201d, se\u00f1al\u00f3 Bancalari.<\/p>\n\n\n\n<p>En el encuentro, que contar\u00e1 con la presencia del ministro de la presidencia, Joel Santos Echavarr\u00eda, participar\u00e1n el cantautor Ricardo Montaner, de la Fundaci\u00f3n Montaner &amp; Carolina Plata, Gerente de Proyecto The House Project\/ Fundaci\u00f3n Atrapando Nubes, Enrique Darwin Caraballo, director ejecutivo EDUCA; Ana Mar\u00eda Landucci, Socia directora Ackermann Colombia.<\/p>\n\n\n\n<p>De igual manera, Leonor Elm\u00fadesi de Bancalari, directora general en comunidad educativa Lux Mundi, Alejandro Matas, director de la Fundaci\u00f3n Ecol\u00f3gica ECO-Bah\u00eda de Bah\u00eda Pr\u00edncipe, y Jovanny Rodr\u00edguez, vicerrectora acad\u00e9mica de la Universidad Abierta para Adultos (UAPA).<\/p>\n\n\n\n<p>En este IX Encuentro Anual para el desarrollo tur\u00edstico de Saman\u00e1 se reconocer\u00e1 al alcalde y director de Distrito Municipal del a\u00f1o 2023.<\/p>\n\n\n\n<p>De la misma manera, en&nbsp;colaboraci\u00f3n con los proyectos Biodiversidad y Negocios en Centroam\u00e9rica y Rep\u00fablica Dominicana y Caribe Circular: prevenci\u00f3n de residuos pl\u00e1sticos en los mares de Centroam\u00e9rica y el Caribe, ambos implementados por la Cooperaci\u00f3n Alemana para el Desarrollo, GIZ,&nbsp;se otorgar\u00e1 por primera vez el premio de Sostenibilidad Tur\u00edstica Empresarial, un reconocimiento especial a la excelencia en sostenibilidad tur\u00edstica a las empresas miembros del CTS &amp; AHETSA&nbsp;que se destacan en la implementaci\u00f3n de&nbsp;iniciativas y pr\u00e1cticas que demuestran un compromiso con la&nbsp;sostenibilidad ambiental, social y econ\u00f3mica.&nbsp;<\/p>\n\n\n\n<p>Este a\u00f1o el evento es auspiciado por el Ministerio de Turismo,\u00a0Cooperaci\u00f3n Alemana para el Desarrollo, GIZ,\u00a0Banco Popular Dominicano, Cayo Levantado Resort, Montval Ingenier\u00eda, Banreservas, ,\u00a0Instituto de Formaci\u00f3n T\u00e9cnico Profesional (INFOTEP),\u00a0Bancalari Corredores de Seguros, Bonita Group,\u00a0Indusnig, Arpels Constructora, Hospitality Management Solutions, The Bannister Hotel, Xeliter, AERODOM, Hacienda Saman\u00e1 Bay, Saman\u00e1 Bayport, Universidad Abierta para Adultos (UAPA), Wendy Marte Abogados y Bigentik Group.<\/p>\n\n\n\n<p>Henry Coradin<a target=\"_blank\" href=\"mailto:henrycoradinrelacionespublicas@gmail.com\" rel=\"noreferrer noopener\">henrycoradinrelacionespublicas@<\/a><\/p>\n","protected":false},"excerpt":{"rendered":"<p>Jes\u00fas Dur\u00e1n El objetivo de este encuentro es poner en contexto la importancia de la educaci\u00f3n para el progreso de un destino tur\u00edstico. Contar\u00e1 con la presencia como ponente principal del cantautor Ricardo Montaner quien est\u00e1 realizando grandes inversiones en el sector tur\u00edstico de Saman\u00e1 y a trav\u00e9s de su fundaci\u00f3n tienen en carpeta varios [&hellip;]<\/p>\n","protected":false},"author":28,"featured_media":0,"comment_status":"closed","ping_status":"","sticky":true,"template":"","format":"standard","meta":{"footnotes":""},"categories":[21,36,27,32],"tags":[],"class_list":["post-483568","post","type-post","status-publish","format-standard","hentry","category-cultura","category-hombresmujeresycosas","category-portada","category-turismo"],"_links":{"self":[{"href":"https:\/\/diariodominicano.com\/index.php?rest_route=\/wp\/v2\/posts\/483568","targetHints":{"allow":["GET"]}}],"collection":[{"href":"https:\/\/diariodominicano.com\/index.php?rest_route=\/wp\/v2\/posts"}],"about":[{"href":"https:\/\/diariodominicano.com\/index.php?rest_route=\/wp\/v2\/types\/post"}],"author":[{"embeddable":true,"href":"https:\/\/diariodominicano.com\/index.php?rest_route=\/wp\/v2\/users\/28"}],"replies":[{"embeddable":true,"href":"https:\/\/diariodominicano.com\/index.php?rest_route=%2Fwp%2Fv2%2Fcomments&post=483568"}],"version-history":[{"count":2,"href":"https:\/\/diariodominicano.com\/index.php?rest_route=\/wp\/v2\/posts\/483568\/revisions"}],"predecessor-version":[{"id":483615,"href":"https:\/\/diariodominicano.com\/index.php?rest_route=\/wp\/v2\/posts\/483568\/revisions\/483615"}],"wp:attachment":[{"href":"https:\/\/diariodominicano.com\/index.php?rest_route=%2Fwp%2Fv2%2Fmedia&parent=483568"}],"wp:term":[{"taxonomy":"category","embeddable":true,"href":"https:\/\/diariodominicano.com\/index.php?rest_route=%2Fwp%2Fv2%2Fcategories&post=483568"},{"taxonomy":"post_tag","embeddable":true,"href":"https:\/\/diariodominicano.com\/index.php?rest_route=%2Fwp%2Fv2%2Ftags&post=483568"}],"curies":[{"name":"wp","href":"https:\/\/api.w.org\/{rel}","templated":true}]}}