{"id":48352,"date":"2020-10-27T11:06:00","date_gmt":"2020-10-27T11:06:00","guid":{"rendered":"http:\/\/diariodominicano.ddns.net\/?p=48352"},"modified":"2020-10-27T11:06:00","modified_gmt":"2020-10-27T11:06:00","slug":"minerd-renueva-acuerdo-para-desarrollar-proyectos-de-impacto-al-sistema-educativo","status":"publish","type":"post","link":"https:\/\/diariodominicano.com\/?p=48352","title":{"rendered":"MINERD renueva acuerdo para desarrollar proyectos de impacto al sistema educativo"},"content":{"rendered":"<p><body><\/p>\n<p><img decoding=\"async\" src=\"img3\/EducacionFachada27-10-20.jpg\" \/>  <\/p>\n<p><span class=\"text1noticias\">diariodominicano.com<\/span><\/p>\n<\/p>\n<p><span class=\"text1noticias\">Santo Domingo, R. D., 27 de octubre, 2020.- Fulcar dice: Concertaci\u00f3n seguir\u00e1 siendo un pilar fundamental de nuestra gesti\u00f3n Santo Domingo, D.N. El Ministerio de Educaci\u00f3n (MINERD) e INICIA EDUCACI\u00d3N renovaron el acuerdo de colaboraci\u00f3n para el desarrollo de iniciativas orientadas a la mejora de los logros de aprendizajes de los estudiantes y para el fortalecimiento institucional del MINERD. <\/span><\/p>\n<\/p>\n<p><span class=\"text1noticias\">Con la renovaci\u00f3n de este Acuerdo Marco se consolidan los esfuerzos trabajados a la fecha, y se definen los criterios para desarrollar y promover nuevas oportunidades identificadas dentro del \u00e1mbito de la educaci\u00f3n.<\/span><\/p>\n<\/p>\n<p><span class=\"text1noticias\">De manera concreta, y dada la coyuntura de la pandemia COVID 19, INICIA EDUCACI\u00d3N est\u00e1 aportando al MINERD, en el Nivel Inicial, con la formaci\u00f3n de 512 docente a nivel nacional, con metodolog\u00eda, asistencia experta y el desarrollo del programa Aprendiendo en Casa que, est\u00e1 dirigido a 8,000 estudiantes y 1,000 docentes. <\/span><\/p>\n<\/p>\n<p><span class=\"text1noticias\">En el Nivel de 2do ciclo de secundaria, est\u00e1 aportando en la metodolog\u00eda enfocada en la propuesta educativa y el enfoque por competencias. Cerca de 14,000 profesionales del nivel, tanto docentes, equipos t\u00e9cnicos y equipos de gesti\u00f3n, est\u00e1n siendo formados bajo la estrategia y orientaci\u00f3n de las gu\u00edas elaboradas con la colaboraci\u00f3n con la Uni\u00f3n Europea y el Proyecto ProETP. <\/span><\/p>\n<\/p>\n<p><span class=\"text1noticias\">Desde la firma del primer acuerdo INICIA EDUCACI\u00d3N ha aportado al sistema p\u00fablico dominicano, beneficiando a miles de estudiantes, docentes y directores de centros educativos con programas de formaci\u00f3n y acompa\u00f1amiento, adem\u00e1s ha trabajo de la mano de las \u00e1reas administrativas para robustecer la institucionalidad del MINERD.<\/span><\/p>\n<\/p>\n<p><span class=\"text1noticias\">El acuerdo fue firmado por el Ministro de Educaci\u00f3n Roberto Fulcar y el Director Ejecutivo de INICIA EDUCACI\u00d3N, Antonio Caparr\u00f3s.<\/span><\/p>\n<\/p>\n<p><span class=\"text1noticias\">Fulcar, dijo que \u00abLa concertaci\u00f3n y la alianza p\u00fablico privadas continuar\u00e1n siendo un pilar y una pr\u00e1ctica de nuestra gesti\u00f3n frente al MINERD, porque la experiencia ense\u00f1a que cuando muchos arriman hombros por una causa, en este caso la de la educaci\u00f3n, los frutos pueden ser abundantes y oportunos\u00bb.<\/span><\/p>\n<\/p>\n<p><span class=\"text1noticias\">Reconoci\u00f3 los aportes de Inicia al sistema educativo dominicano y la defini\u00f3 como un aliado \u00fatil para el nuevo modelo educativo que comienza en nuestro pa\u00eds <\/span><\/p>\n<\/p>\n<p><span class=\"text1noticias\">Mientras Director Ejecutivo de INICIA EDUCACI\u00d3N, Antonio Caparr\u00f3s indic\u00f3 que \u00abINICIA EDUCACI\u00d3N sigue presente, apoyando de manera coherente a los objetivos que tenemos como pa\u00eds y ayudando activamente en las soluciones de los retos que la pandemia COVID-19 ha impuesto. Creemos que todos los sectores debemos confluir ante esta misi\u00f3n de trabajar por la educaci\u00f3n. Este es el momento de estar todos unidos y coordinados, y aportar con creatividad a solucionar los problemas que amenazan nuestro sistema educativo\u00bb, indic\u00f3.<\/span><\/p>\n<p><span class=\"text1noticias\"> <\/span><\/p>\n<p><span class=\"text1noticias\">Sobre INICIA EDUCACI\u00d3N: <\/span><\/p>\n<p><span class=\"text1noticias\">INICIA EDUCACION es un Fondo de Inversi\u00f3n de Impacto (sin fines de lucro) cuya misi\u00f3n es contribuir al desarrollo de la Rep\u00fablica Dominicana a trav\u00e9s de la mejora del sistema educativo y el desarrollo de l\u00edderes \u00e9ticos, capaces y visionarios. <\/span><\/p>\n<\/p>\n<p><span class=\"text1noticias\">Fuente: Ministerio de Educaci\u00f3n<\/span><\/p>\n<p><span class=\"text1noticias\">Direcci\u00f3n de Comunicaci\u00f3<\/span>n<\/p>\n<h6> 2020-10-27 11:06:00 <\/h6>\n<p><!--\n<link rel=\"stylesheet\" href=\"css\/bootstrap.min.css\">\n\n\n<ul class=\"pagination\">\n\t    \n\t\n\n<li >\n\t<a href='?page_no=109'>Previous<\/a>\n\t<\/li>\n\n\n       \n    \n\n<li><a href='?page_no=1'>1<\/a><\/li>\n\n\n\n<li><a href='?page_no=2'>2<\/a><\/li>\n\n\n\n<li><a>...<\/a><\/li>\n\n\n\n<li><a href='?page_no=108'>108<\/a><\/li>\n\n\n\n<li><a href='?page_no=109'>109<\/a><\/li>\n\n\n\n<li class='active'><a>110<\/a><\/li>\n\n\n\n<li><a href='?page_no=111'>111<\/a><\/li>\n\n\n\n<li><a href='?page_no=112'>112<\/a><\/li>\n\n\n\n<li><a>...<\/a><\/li>\n\n\n\n<li><a href='?page_no=22911'>22911<\/a><\/li>\n\n\n\n<li><a href='?page_no=22912'>22912<\/a><\/li>\n\n    \n\t\n\n<li >\n\t<a href='?page_no=111'>Next<\/a>\n\t<\/li>\n\n\n    \n\n<li><a href='?page_no=22912'>Last &rsaquo;&rsaquo;<\/a><\/li>\n\n<\/ul>\n\n\n--><br \/>\n<\/body><\/p>\n","protected":false},"excerpt":{"rendered":"<p>diariodominicano.com Santo Domingo, R. D., 27 de octubre, 2020.- Fulcar dice: Concertaci\u00f3n seguir\u00e1 siendo un pilar fundamental de nuestra gesti\u00f3n Santo Domingo, D.N. El Ministerio de Educaci\u00f3n (MINERD) e INICIA EDUCACI\u00d3N renovaron el acuerdo de colaboraci\u00f3n para el desarrollo de iniciativas orientadas a la mejora de los logros de aprendizajes de los estudiantes y para [&hellip;]<\/p>\n","protected":false},"author":3,"featured_media":0,"comment_status":"open","ping_status":"open","sticky":false,"template":"","format":"standard","meta":{"footnotes":""},"categories":[21],"tags":[],"class_list":["post-48352","post","type-post","status-publish","format-standard","hentry","category-cultura"],"_links":{"self":[{"href":"https:\/\/diariodominicano.com\/index.php?rest_route=\/wp\/v2\/posts\/48352","targetHints":{"allow":["GET"]}}],"collection":[{"href":"https:\/\/diariodominicano.com\/index.php?rest_route=\/wp\/v2\/posts"}],"about":[{"href":"https:\/\/diariodominicano.com\/index.php?rest_route=\/wp\/v2\/types\/post"}],"author":[{"embeddable":true,"href":"https:\/\/diariodominicano.com\/index.php?rest_route=\/wp\/v2\/users\/3"}],"replies":[{"embeddable":true,"href":"https:\/\/diariodominicano.com\/index.php?rest_route=%2Fwp%2Fv2%2Fcomments&post=48352"}],"version-history":[{"count":0,"href":"https:\/\/diariodominicano.com\/index.php?rest_route=\/wp\/v2\/posts\/48352\/revisions"}],"wp:attachment":[{"href":"https:\/\/diariodominicano.com\/index.php?rest_route=%2Fwp%2Fv2%2Fmedia&parent=48352"}],"wp:term":[{"taxonomy":"category","embeddable":true,"href":"https:\/\/diariodominicano.com\/index.php?rest_route=%2Fwp%2Fv2%2Fcategories&post=48352"},{"taxonomy":"post_tag","embeddable":true,"href":"https:\/\/diariodominicano.com\/index.php?rest_route=%2Fwp%2Fv2%2Ftags&post=48352"}],"curies":[{"name":"wp","href":"https:\/\/api.w.org\/{rel}","templated":true}]}}