{"id":48351,"date":"2020-11-27T11:34:05","date_gmt":"2020-11-27T11:34:05","guid":{"rendered":"http:\/\/diariodominicano.ddns.net\/?p=48351"},"modified":"2020-11-27T11:34:05","modified_gmt":"2020-11-27T11:34:05","slug":"tropas-de-espana-comandadas-por-juan-sanchez-ramirez-llegan-a-la-ciudad-de-santo-domingo","status":"publish","type":"post","link":"https:\/\/diariodominicano.com\/?p=48351","title":{"rendered":"Tropas de Espa\u00f1a comandadas por Juan S\u00e1nchez Ram\u00edrez llegan a la ciudad de Santo Domingo"},"content":{"rendered":"<p><body><\/p>\n<p><img decoding=\"async\" src=\"img3\/Juan-Sanchez-Ramirez.jpg\" \/>  <\/p>\n<p><strong>Diariodominicano.com<\/strong><\/p>\n<p><strong>En  representaci\u00f3n de Espa\u00f1a,   ten\u00eda la misi\u00f3n de reconquistar la colonia de Santo Domingo que estaba en manos de los franceses. D\u00edas despu\u00e9s se estableci\u00f3 con sus tropas en la hacienda de Gallard, hoy conocida como Gal\u00e1.<\/strong><\/p>\n<p><strong>Tropas de Espa\u00f1a comandadas por Juan S\u00e1nchez Ram\u00edrez llegan a la ciudad de Santo Domingo <\/strong><\/p>\n<p><strong>Por H\u00e9ctor Tineo N<\/strong><\/p>\n<p><strong>SANTO DOMINGO,  el  27 de noviembre de 1808<\/strong>, el  brigadier Juan S\u00e1nchez Ram\u00edrez lleg\u00f3 con sus tropas a las afueras de la ciudad de Santo Domingo y las apost\u00f3 en Hainamosa.<\/p>\n<\/p>\n<p>   <strong> En  representaci\u00f3n de Espa\u00f1a,   ten\u00eda la misi\u00f3n de reconquistar la colonia de Santo Domingo que estaba en manos de los franceses. D\u00edas despu\u00e9s se estableci\u00f3 con sus tropas en la hacienda de Gallard, hoy conocida como Gal\u00e1.<\/strong><\/p>\n<\/p>\n<p>       Las tropas de Juan S\u00e1nchez Ram\u00edrez hab\u00edan derrotados a las francesas el 7 de noviembre de 1808, en la Batalla de Palo Hincado. El 12 de noviembre de 1808, el comandante franc\u00e9s general Dubarquier  declar\u00f3 a la ciudad de Santo Domingo en estado de emergencia.<\/p>\n<\/p>\n<p>      Dubarquier hab\u00eda sustituido al general  Eugenio Ferrand,  quien se suicid\u00f3 luego de  que perdi\u00f3 la batalla  de  Palo Hincado en combate con las fuerzas del brigadier  S\u00e1nchez Ram\u00edrez.<\/p>\n<\/p>\n<p>     En el momento que el comandante franc\u00e9s declar\u00f3 a la ciudad de Santo Domingo en estado de emergencia, el general  S\u00e1nchez Ram\u00edrez avanzaba con sus tropas con el objetivo de tomar la plaza.<\/p>\n<\/p>\n<p>     En la Batalla de Palo Hincado las tropas comandadas por el general Juan S\u00e1nchez Ram\u00edrez aniquilaron a las fuerzas militares del General franc\u00e9s Eugenio Ferrand.<\/p>\n<\/p>\n<p>      S\u00e1nchez Ram\u00edrez comandaba un ej\u00e9rcito de dos mil hombres, incluidos 300 hombres que fueron enviados a Santo Domingo, por la Gobernaci\u00f3n Espa\u00f1ola de Puerto Rico. Desembarcaron en los primeros d\u00edas por  Boca de Yuma, en Hig\u00fcey.<\/p>\n<\/p>\n<p>     Se  unieron a las tropas que  S\u00e1nchez Ram\u00edrez hab\u00eda reunido en El Seibo, para marchar a la ciudad de Santo Domingo para enfrentar a los franceses.<\/p>\n<\/p>\n<h6> 2020-11-27 11:34:05 <\/h6>\n<p><!--\n<link rel=\"stylesheet\" href=\"css\/bootstrap.min.css\">\n\n\n<ul class=\"pagination\">\n\t    \n\t\n\n<li >\n\t<a href='?page_no=10'>Previous<\/a>\n\t<\/li>\n\n\n       \n    \n\n<li><a href='?page_no=1'>1<\/a><\/li>\n\n\n\n<li><a href='?page_no=2'>2<\/a><\/li>\n\n\n\n<li><a>...<\/a><\/li>\n\n\n\n<li><a href='?page_no=9'>9<\/a><\/li>\n\n\n\n<li><a href='?page_no=10'>10<\/a><\/li>\n\n\n\n<li class='active'><a>11<\/a><\/li>\n\n\n\n<li><a href='?page_no=12'>12<\/a><\/li>\n\n\n\n<li><a href='?page_no=13'>13<\/a><\/li>\n\n\n\n<li><a>...<\/a><\/li>\n\n\n\n<li><a href='?page_no=22911'>22911<\/a><\/li>\n\n\n\n<li><a href='?page_no=22912'>22912<\/a><\/li>\n\n    \n\t\n\n<li >\n\t<a href='?page_no=12'>Next<\/a>\n\t<\/li>\n\n\n    \n\n<li><a href='?page_no=22912'>Last &rsaquo;&rsaquo;<\/a><\/li>\n\n<\/ul>\n\n\n--><br \/>\n<\/body><\/p>\n","protected":false},"excerpt":{"rendered":"<p>Diariodominicano.com En representaci\u00f3n de Espa\u00f1a, ten\u00eda la misi\u00f3n de reconquistar la colonia de Santo Domingo que estaba en manos de los franceses. D\u00edas despu\u00e9s se estableci\u00f3 con sus tropas en la hacienda de Gallard, hoy conocida como Gal\u00e1. Tropas de Espa\u00f1a comandadas por Juan S\u00e1nchez Ram\u00edrez llegan a la ciudad de Santo Domingo Por H\u00e9ctor [&hellip;]<\/p>\n","protected":false},"author":3,"featured_media":0,"comment_status":"open","ping_status":"open","sticky":false,"template":"","format":"standard","meta":{"footnotes":""},"categories":[21],"tags":[],"class_list":["post-48351","post","type-post","status-publish","format-standard","hentry","category-cultura"],"_links":{"self":[{"href":"https:\/\/diariodominicano.com\/index.php?rest_route=\/wp\/v2\/posts\/48351","targetHints":{"allow":["GET"]}}],"collection":[{"href":"https:\/\/diariodominicano.com\/index.php?rest_route=\/wp\/v2\/posts"}],"about":[{"href":"https:\/\/diariodominicano.com\/index.php?rest_route=\/wp\/v2\/types\/post"}],"author":[{"embeddable":true,"href":"https:\/\/diariodominicano.com\/index.php?rest_route=\/wp\/v2\/users\/3"}],"replies":[{"embeddable":true,"href":"https:\/\/diariodominicano.com\/index.php?rest_route=%2Fwp%2Fv2%2Fcomments&post=48351"}],"version-history":[{"count":0,"href":"https:\/\/diariodominicano.com\/index.php?rest_route=\/wp\/v2\/posts\/48351\/revisions"}],"wp:attachment":[{"href":"https:\/\/diariodominicano.com\/index.php?rest_route=%2Fwp%2Fv2%2Fmedia&parent=48351"}],"wp:term":[{"taxonomy":"category","embeddable":true,"href":"https:\/\/diariodominicano.com\/index.php?rest_route=%2Fwp%2Fv2%2Fcategories&post=48351"},{"taxonomy":"post_tag","embeddable":true,"href":"https:\/\/diariodominicano.com\/index.php?rest_route=%2Fwp%2Fv2%2Ftags&post=48351"}],"curies":[{"name":"wp","href":"https:\/\/api.w.org\/{rel}","templated":true}]}}