{"id":483499,"date":"2023-10-26T23:45:33","date_gmt":"2023-10-27T03:45:33","guid":{"rendered":"http:\/\/diariodominicano.com\/?p=483499"},"modified":"2023-10-26T23:45:33","modified_gmt":"2023-10-27T03:45:33","slug":"asambleas-de-delegados-del-pld-pautadas-para-el-sabado-28-de-octubre-escogera-los-candidatos-y-candidatas-a-diputados-del-exterior","status":"publish","type":"post","link":"https:\/\/diariodominicano.com\/?p=483499","title":{"rendered":"Asambleas de delegados del PLD\u00a0pautadas para el s\u00e1bado 28 de octubre escoger\u00e1 los candidatos y candidatas a diputados del exterior"},"content":{"rendered":"\n<p><strong>El Partido de la Liberaci\u00f3n Dominicana (PLD)<\/strong>&nbsp;escoger\u00e1 este s\u00e1bado los candidatos y candidatas a diputados del exterior mediante la modalidad del voto telem\u00e1tico acogi\u00e9ndose a la Resoluci\u00f3n 30-2023 de la Junta Central Electoral.<\/p>\n\n\n\n<p>\u00abEn los casos que est\u00e9 establecido por los estatutos de las organizaciones pol\u00edticas y validado por las autoridades partidarias o de la convenci\u00f3n, se permitir\u00e1 la participaci\u00f3n de delegados a trav\u00e9s de las herramientas telem\u00e1ticas pertinentes\u201d, se precisa en la resoluci\u00f3n de la Comisi\u00f3n Nacional Electoral (PLD) fundamentada en el art\u00edculo nueve de la citada resoluci\u00f3n de la JCE.<\/p>\n\n\n\n<p>Esta modalidad de voto llev\u00f3 al equipo tecnol\u00f3gico del PLD a aplicar un software que permita la elecci\u00f3n de los delegados y delegadas en la boleta con los precandidatos y precandidatos.<\/p>\n\n\n\n<p>Antes de participar en las votaciones los delegados y delegadas tienen que validarse desde el lugar donde se encuentren certificando as\u00ed su calidad.<\/p>\n\n\n\n<p>Desde el pasado lunes desde el Centro de Contactos del PLD se tiene contacto con los m\u00e1s de mil 500 presidentes de Comit\u00e9s de Base y miembros del Comit\u00e9 Central para que procedan a validarse.<\/p>\n\n\n\n<p>La boleta con las fotograf\u00edas y nombres de los candidatos a diputados inscritos en el exterior ya es conocida por quienes tienen derecho al voto en las tres circunscripciones del exterior.<\/p>\n\n\n\n<p>Las Asambleas de Delegados, en las tres (3) Circunscripciones del Exterior se realizar\u00e1n en horario de 09:00 a.m. a 05:00 p.m. para las circunscripciones electorales #1 y #2 (hora de la Rep\u00fablica Dominicana) y de 3:00 p.m. a 11:00 p.m. para la circunscripci\u00f3n electoral #3 (hora de Madrid, Espa\u00f1a) el s\u00e1bado 28 de octubre.<\/p>\n\n\n\n<p>En la Circunscripci\u00f3n Uno del Exterior compiten ocho dirigentes del PLD, en la tres que corresponde a las seccionales en Europa, se inscribieron once dirigentes y en la Circunscripci\u00f3n Dos, compiten dos dirigentes.<\/p>\n\n\n\n<p><strong>SECRETARIA DE COMUNICACIONES<\/strong><\/p>\n\n\n\n<p><strong>26 DE OCTUBRE, 2023.-<\/strong><\/p>\n","protected":false},"excerpt":{"rendered":"<p>El Partido de la Liberaci\u00f3n Dominicana (PLD)&nbsp;escoger\u00e1 este s\u00e1bado los candidatos y candidatas a diputados del exterior mediante la modalidad del voto telem\u00e1tico acogi\u00e9ndose a la Resoluci\u00f3n 30-2023 de la Junta Central Electoral. \u00abEn los casos que est\u00e9 establecido por los estatutos de las organizaciones pol\u00edticas y validado por las autoridades partidarias o de la [&hellip;]<\/p>\n","protected":false},"author":28,"featured_media":0,"comment_status":"closed","ping_status":"","sticky":false,"template":"","format":"standard","meta":{"footnotes":""},"categories":[22],"tags":[],"class_list":["post-483499","post","type-post","status-publish","format-standard","hentry","category-politica"],"_links":{"self":[{"href":"https:\/\/diariodominicano.com\/index.php?rest_route=\/wp\/v2\/posts\/483499","targetHints":{"allow":["GET"]}}],"collection":[{"href":"https:\/\/diariodominicano.com\/index.php?rest_route=\/wp\/v2\/posts"}],"about":[{"href":"https:\/\/diariodominicano.com\/index.php?rest_route=\/wp\/v2\/types\/post"}],"author":[{"embeddable":true,"href":"https:\/\/diariodominicano.com\/index.php?rest_route=\/wp\/v2\/users\/28"}],"replies":[{"embeddable":true,"href":"https:\/\/diariodominicano.com\/index.php?rest_route=%2Fwp%2Fv2%2Fcomments&post=483499"}],"version-history":[{"count":1,"href":"https:\/\/diariodominicano.com\/index.php?rest_route=\/wp\/v2\/posts\/483499\/revisions"}],"predecessor-version":[{"id":483501,"href":"https:\/\/diariodominicano.com\/index.php?rest_route=\/wp\/v2\/posts\/483499\/revisions\/483501"}],"wp:attachment":[{"href":"https:\/\/diariodominicano.com\/index.php?rest_route=%2Fwp%2Fv2%2Fmedia&parent=483499"}],"wp:term":[{"taxonomy":"category","embeddable":true,"href":"https:\/\/diariodominicano.com\/index.php?rest_route=%2Fwp%2Fv2%2Fcategories&post=483499"},{"taxonomy":"post_tag","embeddable":true,"href":"https:\/\/diariodominicano.com\/index.php?rest_route=%2Fwp%2Fv2%2Ftags&post=483499"}],"curies":[{"name":"wp","href":"https:\/\/api.w.org\/{rel}","templated":true}]}}