{"id":483493,"date":"2023-10-26T23:40:37","date_gmt":"2023-10-27T03:40:37","guid":{"rendered":"http:\/\/diariodominicano.com\/?p=483493"},"modified":"2023-10-26T23:40:37","modified_gmt":"2023-10-27T03:40:37","slug":"diputada-servia-iris-familia-con-el-transporte-escolar-gratuito-presidente-abinader-reafirma-compromiso-con-mejorar-calidad-de-vida-de-los-dominicanos","status":"publish","type":"post","link":"https:\/\/diariodominicano.com\/?p=483493","title":{"rendered":"Diputada Servia Iris Familia: Con el transporte escolar gratuito, presidente Abinader reafirma compromiso con mejorar calidad de vida de los dominicanos"},"content":{"rendered":"\n<p>Servia Iris Familia<\/p>\n\n\n\n<p>SANTO DOMINGO, R. D.- La diputada del exterior, Servia Iris Familia, felicit\u00f3 al presidente Luis Abinader por haber dado inicio a la implementaci\u00f3n del programa Transporte Escolar Gratuito (TRAE), asegurando que con esto el primer mandatario reafirma su reiterado compromiso de mejorar la calidad de vida de los dominicanos.<\/p>\n\n\n\n<p>La legisladora perremeista representante de la circunscripci\u00f3n No. 1 del exterior dijo que el TRAE resulta ser altamente beneficiosos para los estudiantes con familia de escasos recursos econ\u00f3micos y redunda en inclusi\u00f3n social y motivaci\u00f3n para que los estudiantes no abandonen las aulas a temprana edad.<\/p>\n\n\n\n<p>Explic\u00f3 Familia que el presidente Abinader siempre ha pasado de la palabra a los hechos y que a pesar de las dificultades enfrentadas a lo largo de sus tres a\u00f1os de gobierno ha sabido timonear la nave del Estado con tan profundo acierto que tiene desarmada a la oposici\u00f3n pol\u00edtica que carece de argumento sustentables que denoten el buen gobierno del cambio.<\/p>\n\n\n\n<p>La pol\u00edtica y empresaria aprovech\u00f3 para hacerle un llamado a los padres y tutores de los alumnos que se beneficiar\u00e1n del programa TRAE, a crear conciencia en estos para que conserven los autobuses en buen estado y valoricen el esfuerzo del gobierno dominicano en dotarlos de transporte gratuito, cre\u00e1ndose con esto, un precedente hist\u00f3rico en la forma de gobernar en el pa\u00eds.<\/p>\n\n\n\n<p>De igual manera requiri\u00f3 de los conductores, poner todos sus empe\u00f1os en el buen uso y conservaci\u00f3n de los veh\u00edculos para que este programa de Transporte Escolar Gratuito se fortalezca y cada vez m\u00e1s se ampli\u00e9 a todo el territorio nacional.<\/p>\n\n\n\n<p>\u201cEs loable la acci\u00f3n del gobierno dominicano encabezado por el presidente Luis Abinader de poner en marcha el programa TRAE, pero entendemos que esa gran labor debe ser respaldada por padres, tutores, estudiantes y la ciudadan\u00eda en general para que esto verdaderamente funcione como debe de funcionar, es decir, esto es un compromiso de todos, para beneficio de todos\u201d, puntualiz\u00f3 la legisladora perremeista.<\/p>\n","protected":false},"excerpt":{"rendered":"<p>Servia Iris Familia SANTO DOMINGO, R. D.- La diputada del exterior, Servia Iris Familia, felicit\u00f3 al presidente Luis Abinader por haber dado inicio a la implementaci\u00f3n del programa Transporte Escolar Gratuito (TRAE), asegurando que con esto el primer mandatario reafirma su reiterado compromiso de mejorar la calidad de vida de los dominicanos. La legisladora perremeista [&hellip;]<\/p>\n","protected":false},"author":28,"featured_media":483497,"comment_status":"closed","ping_status":"","sticky":false,"template":"","format":"standard","meta":{"footnotes":""},"categories":[22],"tags":[],"class_list":["post-483493","post","type-post","status-publish","format-standard","has-post-thumbnail","hentry","category-politica"],"_links":{"self":[{"href":"https:\/\/diariodominicano.com\/index.php?rest_route=\/wp\/v2\/posts\/483493","targetHints":{"allow":["GET"]}}],"collection":[{"href":"https:\/\/diariodominicano.com\/index.php?rest_route=\/wp\/v2\/posts"}],"about":[{"href":"https:\/\/diariodominicano.com\/index.php?rest_route=\/wp\/v2\/types\/post"}],"author":[{"embeddable":true,"href":"https:\/\/diariodominicano.com\/index.php?rest_route=\/wp\/v2\/users\/28"}],"replies":[{"embeddable":true,"href":"https:\/\/diariodominicano.com\/index.php?rest_route=%2Fwp%2Fv2%2Fcomments&post=483493"}],"version-history":[{"count":1,"href":"https:\/\/diariodominicano.com\/index.php?rest_route=\/wp\/v2\/posts\/483493\/revisions"}],"predecessor-version":[{"id":483498,"href":"https:\/\/diariodominicano.com\/index.php?rest_route=\/wp\/v2\/posts\/483493\/revisions\/483498"}],"wp:featuredmedia":[{"embeddable":true,"href":"https:\/\/diariodominicano.com\/index.php?rest_route=\/wp\/v2\/media\/483497"}],"wp:attachment":[{"href":"https:\/\/diariodominicano.com\/index.php?rest_route=%2Fwp%2Fv2%2Fmedia&parent=483493"}],"wp:term":[{"taxonomy":"category","embeddable":true,"href":"https:\/\/diariodominicano.com\/index.php?rest_route=%2Fwp%2Fv2%2Fcategories&post=483493"},{"taxonomy":"post_tag","embeddable":true,"href":"https:\/\/diariodominicano.com\/index.php?rest_route=%2Fwp%2Fv2%2Ftags&post=483493"}],"curies":[{"name":"wp","href":"https:\/\/api.w.org\/{rel}","templated":true}]}}