{"id":483487,"date":"2023-10-26T23:33:38","date_gmt":"2023-10-27T03:33:38","guid":{"rendered":"http:\/\/diariodominicano.com\/?p=483487"},"modified":"2023-10-26T23:35:39","modified_gmt":"2023-10-27T03:35:39","slug":"descontento-lleva-al-pueblo-a-votar-por-abel-martinez","status":"publish","type":"post","link":"https:\/\/diariodominicano.com\/?p=483487","title":{"rendered":"Lidio Cadet: Descontento lleva al pueblo a votar por Abel Mart\u00ednez"},"content":{"rendered":"\n<p><em>La incapacidad no se puede tapar con problemas exteriores, denuncia&nbsp;<strong>Lidio Cadet,<\/strong>&nbsp;tras calificar de muy dif\u00edcil la situaci\u00f3n de Rep\u00fablica Dominicana.<\/em><em><\/em><\/p>\n\n\n\n<p><strong>El ex secretario general del Partido de la Liberaci\u00f3n Dominicana (PLD), Lidio Cadet,<\/strong>&nbsp;denunci\u00f3 que se hace insoportable para el pueblo dominicano la inflaci\u00f3n galopante, el endeudamiento imparable, el deterioro de los servicios p\u00fablicos y la improvisaci\u00f3n del gobierno del PRM.<\/p>\n\n\n\n<p>\u201cPor eso la gente no se volver\u00e1 a equivocar en las pr\u00f3ximas elecciones presidenciales y votar\u00e1 por Abel Mart\u00ednez para que el pa\u00eds retome el sendero del progreso\u201d, declar\u00f3 Cadet entrevistado en el programa Despierta RD.<\/p>\n\n\n\n<p>Record\u00f3 que cuando el Partido de la Liberaci\u00f3n Dominicana sali\u00f3 del poder dej\u00f3 una inflaci\u00f3n controlada y la Rep\u00fablica Dominicana era modelo en Am\u00e9rica Latina en crecimiento econ\u00f3mico.<\/p>\n\n\n\n<p>\u201cLa producci\u00f3n nacional nuestra era tan importante que m\u00e1s del 80% de los productos que consum\u00edamos lo produc\u00edamos aqu\u00ed\u201d, apunt\u00f3 el miembro del Comit\u00e9 Pol\u00edtico del PLD.<\/p>\n\n\n\n<p>Destac\u00f3 que la Rep\u00fablica Dominicana ten\u00eda en Am\u00e9rica Latina una imagen tan s\u00f3lida que cuando lleg\u00f3 la pandemia del Covid-19 la secretar\u00eda general de la Cepal, Alicia B\u00e1rcena, en visita el Senado de la Rep\u00fablica dijo que toda Am\u00e9rica Latina tendr\u00e1 recesi\u00f3n menos la Rep\u00fablica Dominicana, se\u00f1alando que \u201cc\u00f3mo lo han logrado yo no s\u00e9\u201d.<\/p>\n\n\n\n<p>\u201cAbinader encontr\u00f3 un pa\u00eds estable, cuando la pandemia no hab\u00eda apagones, la comida estaba a pata, las despensas estaban llegan, ese decir la gente, ten\u00eda su televisor y abanico prendido en el toque de queda. El pa\u00eds hab\u00eda arrancado hacia el desarrollo\u201d, explic\u00f3 el ex director de Programas Especiales de la Presidencia.<\/p>\n\n\n\n<p>Expuso que ese desarrollo fue tal que la Uni\u00f3n Europea le quit\u00f3 la ayuda que le daba al pa\u00eds, pues pas\u00f3 a ser de clase media mayoritariamente.<\/p>\n\n\n\n<p>\u201cAhora estamos en un pa\u00eds donde la gente va a un supermercado y a la tienda y no sabe qu\u00e9 hacer porque no se puede comprar por el alto costo de la vida y la falta de dinero\u201d, agreg\u00f3.<\/p>\n\n\n\n<p>Asegur\u00f3 que la incapacidad no se puede tapar con problemas exteriores, ya que estos influyen, pero no son determinantes cuando se posee capacidad y gerencia que es lo que les falta a estas autoridades.<\/p>\n\n\n\n<p><strong>SECRETARIA DE COMUNICACIONES<\/strong><\/p>\n\n\n\n<p><strong>26 DE OCTUBRE, 2023.-<\/strong><strong><\/strong><\/p>\n","protected":false},"excerpt":{"rendered":"<p>La incapacidad no se puede tapar con problemas exteriores, denuncia&nbsp;Lidio Cadet,&nbsp;tras calificar de muy dif\u00edcil la situaci\u00f3n de Rep\u00fablica Dominicana. El ex secretario general del Partido de la Liberaci\u00f3n Dominicana (PLD), Lidio Cadet,&nbsp;denunci\u00f3 que se hace insoportable para el pueblo dominicano la inflaci\u00f3n galopante, el endeudamiento imparable, el deterioro de los servicios p\u00fablicos y la [&hellip;]<\/p>\n","protected":false},"author":28,"featured_media":0,"comment_status":"closed","ping_status":"","sticky":false,"template":"","format":"standard","meta":{"footnotes":""},"categories":[22],"tags":[],"class_list":["post-483487","post","type-post","status-publish","format-standard","hentry","category-politica"],"_links":{"self":[{"href":"https:\/\/diariodominicano.com\/index.php?rest_route=\/wp\/v2\/posts\/483487","targetHints":{"allow":["GET"]}}],"collection":[{"href":"https:\/\/diariodominicano.com\/index.php?rest_route=\/wp\/v2\/posts"}],"about":[{"href":"https:\/\/diariodominicano.com\/index.php?rest_route=\/wp\/v2\/types\/post"}],"author":[{"embeddable":true,"href":"https:\/\/diariodominicano.com\/index.php?rest_route=\/wp\/v2\/users\/28"}],"replies":[{"embeddable":true,"href":"https:\/\/diariodominicano.com\/index.php?rest_route=%2Fwp%2Fv2%2Fcomments&post=483487"}],"version-history":[{"count":3,"href":"https:\/\/diariodominicano.com\/index.php?rest_route=\/wp\/v2\/posts\/483487\/revisions"}],"predecessor-version":[{"id":483491,"href":"https:\/\/diariodominicano.com\/index.php?rest_route=\/wp\/v2\/posts\/483487\/revisions\/483491"}],"wp:attachment":[{"href":"https:\/\/diariodominicano.com\/index.php?rest_route=%2Fwp%2Fv2%2Fmedia&parent=483487"}],"wp:term":[{"taxonomy":"category","embeddable":true,"href":"https:\/\/diariodominicano.com\/index.php?rest_route=%2Fwp%2Fv2%2Fcategories&post=483487"},{"taxonomy":"post_tag","embeddable":true,"href":"https:\/\/diariodominicano.com\/index.php?rest_route=%2Fwp%2Fv2%2Ftags&post=483487"}],"curies":[{"name":"wp","href":"https:\/\/api.w.org\/{rel}","templated":true}]}}