{"id":483470,"date":"2023-10-26T23:13:24","date_gmt":"2023-10-27T03:13:24","guid":{"rendered":"http:\/\/diariodominicano.com\/?p=483470"},"modified":"2023-10-26T23:13:24","modified_gmt":"2023-10-27T03:13:24","slug":"realizan-en-san-pedro-tercer-recorrido-de-la-antorcha-de-los-x-juegos-escolares-deportivos-nacionales-barahona-2023","status":"publish","type":"post","link":"https:\/\/diariodominicano.com\/?p=483470","title":{"rendered":"Realizan en San Pedro tercer recorrido de la antorcha de los X Juegos Escolares Deportivos Nacionales Barahona 2023"},"content":{"rendered":"\n<p> <strong>El tercer recorrido de la antorcha de los X Juegos Escolares Deportivos Nacionales Barahona 2023 se inici\u00f3 en el monumento de bienvenida a San Pedro de Macor\u00eds y culmin\u00f3 en el Centro Educativo Santa Clara de As\u00eds.<\/strong> <\/p>\n\n\n\n<p>SAN PEDRO DE MACOR\u00cdS, RD.- Con la presencia de varias personalidades deportivas y escolares de esta circunscripci\u00f3n oriental, se llev\u00f3 a cabo la tercera jornada del recorrido de la antorcha de los X Juegos Escolares Deportivos Nacionales Barahona 2023 que se disputar\u00e1n en esa provincia sure\u00f1a y que tendr\u00e1 como subsedes a San Juan de la Maguana, Azua y Bahoruco.<\/p>\n\n\n\n<p>La procesi\u00f3n se inici\u00f3 en el monumento de bienvenida a esta ciudad y culmin\u00f3 en el Centro Educativo Santa Clara de As\u00eds. En la actividad estuvieron presentes el alcalde de este municipio, Raymundo Ortiz; el encargado provincial de Deportes, Miguel Jim\u00e9nez, y el atleta medallista centroamericano y del Caribe, Joel David.<\/p>\n\n\n\n<p>Tambi\u00e9n asistieron la directora del Centro Educativo Santa Clara de As\u00eds, Xiomara Vidal G\u00f3mez; Isidro Santana Ram\u00edrez, encargado de la regional de Educaci\u00f3n, y Russel Arnaud, encargado del recorrido de la antorcha.<\/p>\n\n\n\n<p>PRENSA INEFI<a target=\"_blank\" href=\"mailto:prensainefi@gmail.com\" rel=\"noreferrer noopener\">prensainefi@gmail.com<\/a><\/p>\n","protected":false},"excerpt":{"rendered":"<p>El tercer recorrido de la antorcha de los X Juegos Escolares Deportivos Nacionales Barahona 2023 se inici\u00f3 en el monumento de bienvenida a San Pedro de Macor\u00eds y culmin\u00f3 en el Centro Educativo Santa Clara de As\u00eds. SAN PEDRO DE MACOR\u00cdS, RD.- Con la presencia de varias personalidades deportivas y escolares de esta circunscripci\u00f3n oriental, [&hellip;]<\/p>\n","protected":false},"author":28,"featured_media":483471,"comment_status":"closed","ping_status":"","sticky":false,"template":"","format":"standard","meta":{"footnotes":""},"categories":[17,32],"tags":[],"class_list":["post-483470","post","type-post","status-publish","format-standard","has-post-thumbnail","hentry","category-deportes","category-turismo"],"_links":{"self":[{"href":"https:\/\/diariodominicano.com\/index.php?rest_route=\/wp\/v2\/posts\/483470","targetHints":{"allow":["GET"]}}],"collection":[{"href":"https:\/\/diariodominicano.com\/index.php?rest_route=\/wp\/v2\/posts"}],"about":[{"href":"https:\/\/diariodominicano.com\/index.php?rest_route=\/wp\/v2\/types\/post"}],"author":[{"embeddable":true,"href":"https:\/\/diariodominicano.com\/index.php?rest_route=\/wp\/v2\/users\/28"}],"replies":[{"embeddable":true,"href":"https:\/\/diariodominicano.com\/index.php?rest_route=%2Fwp%2Fv2%2Fcomments&post=483470"}],"version-history":[{"count":1,"href":"https:\/\/diariodominicano.com\/index.php?rest_route=\/wp\/v2\/posts\/483470\/revisions"}],"predecessor-version":[{"id":483472,"href":"https:\/\/diariodominicano.com\/index.php?rest_route=\/wp\/v2\/posts\/483470\/revisions\/483472"}],"wp:featuredmedia":[{"embeddable":true,"href":"https:\/\/diariodominicano.com\/index.php?rest_route=\/wp\/v2\/media\/483471"}],"wp:attachment":[{"href":"https:\/\/diariodominicano.com\/index.php?rest_route=%2Fwp%2Fv2%2Fmedia&parent=483470"}],"wp:term":[{"taxonomy":"category","embeddable":true,"href":"https:\/\/diariodominicano.com\/index.php?rest_route=%2Fwp%2Fv2%2Fcategories&post=483470"},{"taxonomy":"post_tag","embeddable":true,"href":"https:\/\/diariodominicano.com\/index.php?rest_route=%2Fwp%2Fv2%2Ftags&post=483470"}],"curies":[{"name":"wp","href":"https:\/\/api.w.org\/{rel}","templated":true}]}}