{"id":483443,"date":"2023-10-26T22:41:31","date_gmt":"2023-10-27T02:41:31","guid":{"rendered":"http:\/\/diariodominicano.com\/?p=483443"},"modified":"2023-10-26T22:42:26","modified_gmt":"2023-10-27T02:42:26","slug":"air-caraibes-vuelve-a-santo-domingo-con-2-vuelos-semanales-desde-paris","status":"publish","type":"post","link":"https:\/\/diariodominicano.com\/?p=483443","title":{"rendered":"Air Caraibes Vuelve a Santo Domingo con 2 vuelos semanales desde Par\u00eds"},"content":{"rendered":"\n<p><strong>Santo Domingo, RD .<\/strong> En un gran esfuerzo p\u00fablico privado y dominico franc\u00e9s,&nbsp; Air Caraibes incrementa sus vuelos hacia Punta Cana y regresa a Santo Domingo ofreciendo hasta 6,000 asientos semanales en 3 clases.<\/p>\n\n\n\n<figure class=\"wp-block-image size-large\"><img loading=\"lazy\" decoding=\"async\" width=\"1024\" height=\"731\" src=\"https:\/\/diariodominicano.com\/wp-content\/uploads\/2023\/10\/DSC04160-1024x731.jpg\" alt=\"\" class=\"wp-image-483445\" srcset=\"https:\/\/diariodominicano.com\/wp-content\/uploads\/2023\/10\/DSC04160-1024x731.jpg 1024w, https:\/\/diariodominicano.com\/wp-content\/uploads\/2023\/10\/DSC04160-300x214.jpg 300w, https:\/\/diariodominicano.com\/wp-content\/uploads\/2023\/10\/DSC04160-768x549.jpg 768w, https:\/\/diariodominicano.com\/wp-content\/uploads\/2023\/10\/DSC04160-1536x1097.jpg 1536w, https:\/\/diariodominicano.com\/wp-content\/uploads\/2023\/10\/DSC04160-2048x1463.jpg 2048w, https:\/\/diariodominicano.com\/wp-content\/uploads\/2023\/10\/DSC04160-816x583.jpg 816w\" sizes=\"auto, (max-width: 1024px) 100vw, 1024px\" \/><\/figure>\n\n\n\n<p>Gustavo A. de Hostos representante legal y CEO de General Air Services agradeci\u00f3 al Gobierno dominicano, a los altos ejecutivos de Air Caraibes y al equipo de AERODOM (Vinci Airports) la llegada a Santo Domingo del avi\u00f3n A350-900 en su vuelo inaugural.&nbsp;<\/p>\n\n\n\n<p>\u201cAgradezco el apoyo ofrecido personalmente por el Presidente Luis Abinader, el Ministro David Collado, la Viceministra Tammy Reynoso, la Directora de la oficina de promoci\u00f3n en Francia Mercedes Castillo y nuestra embajadora en Par\u00eds S.E. Rosa Hernandez de Grullon.&nbsp;<\/p>\n\n\n\n<figure class=\"wp-block-image size-large\"><img loading=\"lazy\" decoding=\"async\" width=\"1024\" height=\"731\" src=\"https:\/\/diariodominicano.com\/wp-content\/uploads\/2023\/10\/DSC04181-1024x731.jpg\" alt=\"\" class=\"wp-image-483447\" srcset=\"https:\/\/diariodominicano.com\/wp-content\/uploads\/2023\/10\/DSC04181-1024x731.jpg 1024w, https:\/\/diariodominicano.com\/wp-content\/uploads\/2023\/10\/DSC04181-300x214.jpg 300w, https:\/\/diariodominicano.com\/wp-content\/uploads\/2023\/10\/DSC04181-768x549.jpg 768w, https:\/\/diariodominicano.com\/wp-content\/uploads\/2023\/10\/DSC04181-1536x1097.jpg 1536w, https:\/\/diariodominicano.com\/wp-content\/uploads\/2023\/10\/DSC04181-2048x1463.jpg 2048w, https:\/\/diariodominicano.com\/wp-content\/uploads\/2023\/10\/DSC04181-816x583.jpg 816w\" sizes=\"auto, (max-width: 1024px) 100vw, 1024px\" \/><\/figure>\n\n\n\n<p>Tambi\u00e9n agradeci\u00f3 a los altos ejecutivos de la aerol\u00ednea Marc Rochet y Edmond Richard responsables de las negociaciones iniciales y a sus nuevos dirigentes Christine Ourmi\u00e8res-Widener CEO, Brannon Winn CCO de la c\u00fapula de la aerol\u00ednea y al embajador de Francia en la Rep\u00fablica Dominicana S.E. Eric Fournier\u201d.<\/p>\n\n\n\n<p>Adem\u00e1s de Aerodom destacar el soporte de las diferentes autoridades aeroportuarias como la JAC, el IDAC y el CESAC.<\/p>\n\n\n\n<p>Los dominicanos cuentan nuevamente con vuelos directos hacia Par\u00eds, Francia desde Santo Domingo y una excelente entrada a Europa.<\/p>\n\n\n\n<p>La empresa General Air Services quien provee los servicios aeroportuarios a Air Caraibes en la terminal de las Am\u00e9ricas ofreci\u00f3 un brindis a todos los presentes en el vuelo inaugural.<\/p>\n\n\n\n<p>Para m\u00e1s detalles sobre horarios y tarifas comun\u00edquese al 809 621 7777.<\/p>\n\n\n\n<p>Alfredo Garc\u00eda<a target=\"_blank\" href=\"mailto:alfredogarcia004@gmail.com\" rel=\"noreferrer noopener\">alfredogarcia004@gmail.com<\/a><\/p>\n","protected":false},"excerpt":{"rendered":"<p>Santo Domingo, RD . En un gran esfuerzo p\u00fablico privado y dominico franc\u00e9s,&nbsp; Air Caraibes incrementa sus vuelos hacia Punta Cana y regresa a Santo Domingo ofreciendo hasta 6,000 asientos semanales en 3 clases. Gustavo A. de Hostos representante legal y CEO de General Air Services agradeci\u00f3 al Gobierno dominicano, a los altos ejecutivos de [&hellip;]<\/p>\n","protected":false},"author":28,"featured_media":483444,"comment_status":"closed","ping_status":"","sticky":true,"template":"","format":"standard","meta":{"footnotes":""},"categories":[36,18,27,32],"tags":[],"class_list":["post-483443","post","type-post","status-publish","format-standard","has-post-thumbnail","hentry","category-hombresmujeresycosas","category-economia","category-portada","category-turismo"],"_links":{"self":[{"href":"https:\/\/diariodominicano.com\/index.php?rest_route=\/wp\/v2\/posts\/483443","targetHints":{"allow":["GET"]}}],"collection":[{"href":"https:\/\/diariodominicano.com\/index.php?rest_route=\/wp\/v2\/posts"}],"about":[{"href":"https:\/\/diariodominicano.com\/index.php?rest_route=\/wp\/v2\/types\/post"}],"author":[{"embeddable":true,"href":"https:\/\/diariodominicano.com\/index.php?rest_route=\/wp\/v2\/users\/28"}],"replies":[{"embeddable":true,"href":"https:\/\/diariodominicano.com\/index.php?rest_route=%2Fwp%2Fv2%2Fcomments&post=483443"}],"version-history":[{"count":3,"href":"https:\/\/diariodominicano.com\/index.php?rest_route=\/wp\/v2\/posts\/483443\/revisions"}],"predecessor-version":[{"id":483449,"href":"https:\/\/diariodominicano.com\/index.php?rest_route=\/wp\/v2\/posts\/483443\/revisions\/483449"}],"wp:featuredmedia":[{"embeddable":true,"href":"https:\/\/diariodominicano.com\/index.php?rest_route=\/wp\/v2\/media\/483444"}],"wp:attachment":[{"href":"https:\/\/diariodominicano.com\/index.php?rest_route=%2Fwp%2Fv2%2Fmedia&parent=483443"}],"wp:term":[{"taxonomy":"category","embeddable":true,"href":"https:\/\/diariodominicano.com\/index.php?rest_route=%2Fwp%2Fv2%2Fcategories&post=483443"},{"taxonomy":"post_tag","embeddable":true,"href":"https:\/\/diariodominicano.com\/index.php?rest_route=%2Fwp%2Fv2%2Ftags&post=483443"}],"curies":[{"name":"wp","href":"https:\/\/api.w.org\/{rel}","templated":true}]}}