{"id":483435,"date":"2023-10-26T22:30:32","date_gmt":"2023-10-27T02:30:32","guid":{"rendered":"http:\/\/diariodominicano.com\/?p=483435"},"modified":"2023-10-26T22:30:32","modified_gmt":"2023-10-27T02:30:32","slug":"united-gas-anuncia-oficialmente-a-los-tres-jueces-para-el-festival-concurso-de-comida-callejera","status":"publish","type":"post","link":"https:\/\/diariodominicano.com\/?p=483435","title":{"rendered":"United Gas anuncia oficialmente a los tres jueces para el Festival-Concurso de Comida Callejera"},"content":{"rendered":"\n<p>Juan Tomas D\u00edaz, Carolina Mejia, Henry Horne, , Catherine Lemoine y Emile Vega<\/p>\n\n\n\n<p><strong>SANTO DOMINGO, RD.-\u00a0<\/strong>Despu\u00e9s de abrir la convocatoria a lo que ser\u00e1 el primer Festival-Concurso de Comida Callejera, el concurso gastron\u00f3mico que generar\u00e1 micro comercios a nuevos chefs surgentes. La empresa United Gas anuncia formalmente los tres reconocidos chefs que ser\u00e1n los jurados y tendr\u00e1n la funci\u00f3n de calificar los platos de los concursantes.<\/p>\n\n\n\n<p>Emile Vega, Catherine Lemoine y Henry Horne son los tres chefs profesionales elegidos por United Gas que representar\u00e1n la marca para elegir a los concursantes en el Festival de Comida Callejera. Estos chefs tendr\u00e1n la responsabilidad de degustar las opciones presentadas por los concursantes y elegir las m\u00e1s creativas, exquisitas y sustanciosas recetas.<\/p>\n\n\n\n<p><a><\/a>Emile Vega, creador de la reconocida revista Gastroteca, planificador, chef, orador y expositor de distintos eventos culinarios. Amante de disfrutar las culturas culinarias y degustar de sus m\u00e1s sabrosos bocados.<\/p>\n\n\n\n<p><a><\/a>Catherine Lemoine, dirige el proyecto \u201cTemporada\u201d el primer restaurante en Rep\u00fablica Dominicana que busca traspasar fronteras a trav\u00e9s de la cocina con intercambio cultural de sabores, adem\u00e1s conductora de varios programas de gastronom\u00eda y parte del comit\u00e9 de reducci\u00f3n y p\u00e9rdida de alimentos para la regi\u00f3n Latinoam\u00e9rica y El Caribe.<\/p>\n\n\n\n<p><a><\/a>Henry Horne, desde Tortuga Bay hasta&nbsp;<a href=\"https:\/\/www.instagram.com\/moroconcoco\/?hl=es-la\" target=\"_blank\" rel=\"noreferrer noopener\">Moroconcoco<\/a>&nbsp;le da un giro a la cocina tradicional, atrevi\u00e9ndose con los chimis gourmet, un chef cargado de adrenalina que marca tendencia en cualquier proyecto que toca. Un chef con conciencia y creatividad.<\/p>\n\n\n\n<p>United Gas estar\u00e1 llevando a cabo el Festival-Concurso de Comida Callejera durante tres fines de semana de noviembre: 11 y 12 en el Parque Eugenio Mar\u00eda de Hostos, 18 y 19 en el Parque Las Praderas, y 25 y 26 en el Parque Iberoamericano.\u00a0<\/p>\n\n\n\n<p>Henry Coradin<a target=\"_blank\" href=\"mailto:henrycoradinrelacionespublicas@gmail.com\" rel=\"noreferrer noopener\">henrycoradinrelacionespublicas<\/a><\/p>\n","protected":false},"excerpt":{"rendered":"<p>Juan Tomas D\u00edaz, Carolina Mejia, Henry Horne, , Catherine Lemoine y Emile Vega SANTO DOMINGO, RD.-\u00a0Despu\u00e9s de abrir la convocatoria a lo que ser\u00e1 el primer Festival-Concurso de Comida Callejera, el concurso gastron\u00f3mico que generar\u00e1 micro comercios a nuevos chefs surgentes. La empresa United Gas anuncia formalmente los tres reconocidos chefs que ser\u00e1n los jurados [&hellip;]<\/p>\n","protected":false},"author":28,"featured_media":483436,"comment_status":"closed","ping_status":"","sticky":true,"template":"","format":"standard","meta":{"footnotes":""},"categories":[20,25,32],"tags":[],"class_list":["post-483435","post","type-post","status-publish","format-standard","has-post-thumbnail","hentry","category-dominicana-hoy","category-gente","category-turismo"],"_links":{"self":[{"href":"https:\/\/diariodominicano.com\/index.php?rest_route=\/wp\/v2\/posts\/483435","targetHints":{"allow":["GET"]}}],"collection":[{"href":"https:\/\/diariodominicano.com\/index.php?rest_route=\/wp\/v2\/posts"}],"about":[{"href":"https:\/\/diariodominicano.com\/index.php?rest_route=\/wp\/v2\/types\/post"}],"author":[{"embeddable":true,"href":"https:\/\/diariodominicano.com\/index.php?rest_route=\/wp\/v2\/users\/28"}],"replies":[{"embeddable":true,"href":"https:\/\/diariodominicano.com\/index.php?rest_route=%2Fwp%2Fv2%2Fcomments&post=483435"}],"version-history":[{"count":1,"href":"https:\/\/diariodominicano.com\/index.php?rest_route=\/wp\/v2\/posts\/483435\/revisions"}],"predecessor-version":[{"id":483437,"href":"https:\/\/diariodominicano.com\/index.php?rest_route=\/wp\/v2\/posts\/483435\/revisions\/483437"}],"wp:featuredmedia":[{"embeddable":true,"href":"https:\/\/diariodominicano.com\/index.php?rest_route=\/wp\/v2\/media\/483436"}],"wp:attachment":[{"href":"https:\/\/diariodominicano.com\/index.php?rest_route=%2Fwp%2Fv2%2Fmedia&parent=483435"}],"wp:term":[{"taxonomy":"category","embeddable":true,"href":"https:\/\/diariodominicano.com\/index.php?rest_route=%2Fwp%2Fv2%2Fcategories&post=483435"},{"taxonomy":"post_tag","embeddable":true,"href":"https:\/\/diariodominicano.com\/index.php?rest_route=%2Fwp%2Fv2%2Ftags&post=483435"}],"curies":[{"name":"wp","href":"https:\/\/api.w.org\/{rel}","templated":true}]}}