{"id":48329,"date":"2020-10-27T14:34:47","date_gmt":"2020-10-27T14:34:47","guid":{"rendered":"http:\/\/diariodominicano.ddns.net\/?p=48329"},"modified":"2020-10-27T14:34:47","modified_gmt":"2020-10-27T14:34:47","slug":"el-dia-que-el-ejercito-de-haiti-pierde-la-batalla-de-beller","status":"publish","type":"post","link":"https:\/\/diariodominicano.com\/?p=48329","title":{"rendered":"El d\u00eda que el Ej\u00e9rcito de Hait\u00ed pierde la Batalla de Beller"},"content":{"rendered":"<p><body><\/p>\n<p><img decoding=\"async\" src=\"img3\/Pepillo-Salcedo.jpg\" \/>  <\/p>\n<p><strong>Diariodominicano.com<\/strong><\/p>\n<p><strong>El d\u00eda que el Ej\u00e9rcito de Hait\u00ed pierdi\u00f3 la Batalla de Beller<\/strong><\/p>\n<p><strong>Hait\u00ed pierde al general  Seraphim<\/strong><\/p>\n<p><strong>BELLER, el  27 de octubre de 1845<\/strong>, tropas del Ej\u00e9rcito de la Rep\u00fablica Dominicana vencieron a fuerzas militares invasoras de Hait\u00ed, en la batalla de Beller.<\/p>\n<\/p>\n<p>    Entre las bajas que sufrieron los haitianos figura la muerte del general Seraphim, quien comandaba a las tropas invasoras.<\/p>\n<\/p>\n<p>    Los dominicanos fueron comandados en la Batalla de Beller, por el General Francisco Antonio  -Pepillo- Salcedo.<\/p>\n<\/p>\n<p>    Luego de ser derrotados en la batalla de Beller, huyeron de Dajab\u00f3n los generales haitianos Danis, Hilaire y Mitil.<\/p>\n<\/p>\n<p>   El mismo d\u00eda 27 de octubre de 1845, la flotilla del general Juan Bautista Cambiaso atac\u00f3 a Mari-Bar\u00fa.<\/p>\n<\/p>\n<p>    El d\u00eda anterior, el 26 de octubre de 1845, el general Francisco Antonio ?Pepillo- Salcedo  traslad\u00f3 su cuartel de Escalante a Macab\u00f3n.<\/p>\n<\/p>\n<p>     Pepillo Salcedo fue uno de los militares que m\u00e1s se distingui\u00f3 en la lucha contra las tropas militares de Hait\u00ed, que invad\u00edan con frecuencia el territorio de la Rep\u00fablica Dominicana.<\/p>\n<\/p>\n<p>    La Rep\u00fablica Dominicana fue proclamada el 27 de febrero de 1844, pero los haitianos durante los primeros 12 a\u00f1os mantuvieron una pol\u00edtica de agresiones contra el territorio dominicano.<\/p>\n<\/p>\n<p>     El 27 de septiembre de 1845, el Presidente Pierrot, emiti\u00f3 un decreto en el que  calific\u00f3 a los dominicanos como insurgentes del Este y declar\u00f3 prohibida toda clase de relaciones con la Rep\u00fablica Dominicana.<\/p>\n<\/p>\n<p>     Pierrot sosten\u00eda el criterio de que la isla de Santo Domingo es Hait\u00ed, una e indivisible, por lo que se resist\u00eda a aceptar la existencia del Estado dominicano.<\/p>\n<\/p>\n<p>     El 30 de marzo de 1844, el  general Pierrot fue derrotado por los dominicanos en la Batalla de Santiago. En los combates el Ej\u00e9rcito dominicano mat\u00f3 a 700 militares de Hait\u00ed.<\/p>\n<\/p>\n<p>     En tanto, el 17 de septiembre de 1845, tropas dominicanas comandadas por el general Jos\u00e9 Joaqu\u00edn Puello, vencieron a los haitianos en la batalla de La Estrelleta.<\/p>\n<\/p>\n<p>    Las fuerzas del Ej\u00e9rcito Haitiano fueron comandadas por los generales Morisette, Toussaint y Samed\u00ed.<\/p>\n<\/p>\n<p>     El informe del Ej\u00e9rcito dominicano precisa que la batalla de La Estrelleta signific\u00f3 la acci\u00f3n m\u00e1s militarista de la campa\u00f1a, porque ella fue marcada para dar un golpe contundente a punto de bayoneta y ataque de caballer\u00eda.<\/p>\n<\/p>\n<h6> 2020-10-27 14:34:47 <\/h6>\n<p><!--\n<link rel=\"stylesheet\" href=\"css\/bootstrap.min.css\">\n\n\n<ul class=\"pagination\">\n\t    \n\t\n\n<li >\n\t<a href='?page_no=107'>Previous<\/a>\n\t<\/li>\n\n\n       \n    \n\n<li><a href='?page_no=1'>1<\/a><\/li>\n\n\n\n<li><a href='?page_no=2'>2<\/a><\/li>\n\n\n\n<li><a>...<\/a><\/li>\n\n\n\n<li><a href='?page_no=106'>106<\/a><\/li>\n\n\n\n<li><a href='?page_no=107'>107<\/a><\/li>\n\n\n\n<li class='active'><a>108<\/a><\/li>\n\n\n\n<li><a href='?page_no=109'>109<\/a><\/li>\n\n\n\n<li><a href='?page_no=110'>110<\/a><\/li>\n\n\n\n<li><a>...<\/a><\/li>\n\n\n\n<li><a href='?page_no=22911'>22911<\/a><\/li>\n\n\n\n<li><a href='?page_no=22912'>22912<\/a><\/li>\n\n    \n\t\n\n<li >\n\t<a href='?page_no=109'>Next<\/a>\n\t<\/li>\n\n\n    \n\n<li><a href='?page_no=22912'>Last &rsaquo;&rsaquo;<\/a><\/li>\n\n<\/ul>\n\n\n--><br \/>\n<\/body><\/p>\n","protected":false},"excerpt":{"rendered":"<p>Diariodominicano.com El d\u00eda que el Ej\u00e9rcito de Hait\u00ed pierdi\u00f3 la Batalla de Beller Hait\u00ed pierde al general Seraphim BELLER, el 27 de octubre de 1845, tropas del Ej\u00e9rcito de la Rep\u00fablica Dominicana vencieron a fuerzas militares invasoras de Hait\u00ed, en la batalla de Beller. Entre las bajas que sufrieron los haitianos figura la muerte del [&hellip;]<\/p>\n","protected":false},"author":3,"featured_media":0,"comment_status":"open","ping_status":"open","sticky":false,"template":"","format":"standard","meta":{"footnotes":""},"categories":[21],"tags":[],"class_list":["post-48329","post","type-post","status-publish","format-standard","hentry","category-cultura"],"_links":{"self":[{"href":"https:\/\/diariodominicano.com\/index.php?rest_route=\/wp\/v2\/posts\/48329","targetHints":{"allow":["GET"]}}],"collection":[{"href":"https:\/\/diariodominicano.com\/index.php?rest_route=\/wp\/v2\/posts"}],"about":[{"href":"https:\/\/diariodominicano.com\/index.php?rest_route=\/wp\/v2\/types\/post"}],"author":[{"embeddable":true,"href":"https:\/\/diariodominicano.com\/index.php?rest_route=\/wp\/v2\/users\/3"}],"replies":[{"embeddable":true,"href":"https:\/\/diariodominicano.com\/index.php?rest_route=%2Fwp%2Fv2%2Fcomments&post=48329"}],"version-history":[{"count":0,"href":"https:\/\/diariodominicano.com\/index.php?rest_route=\/wp\/v2\/posts\/48329\/revisions"}],"wp:attachment":[{"href":"https:\/\/diariodominicano.com\/index.php?rest_route=%2Fwp%2Fv2%2Fmedia&parent=48329"}],"wp:term":[{"taxonomy":"category","embeddable":true,"href":"https:\/\/diariodominicano.com\/index.php?rest_route=%2Fwp%2Fv2%2Fcategories&post=48329"},{"taxonomy":"post_tag","embeddable":true,"href":"https:\/\/diariodominicano.com\/index.php?rest_route=%2Fwp%2Fv2%2Ftags&post=48329"}],"curies":[{"name":"wp","href":"https:\/\/api.w.org\/{rel}","templated":true}]}}