{"id":483206,"date":"2023-10-25T22:51:55","date_gmt":"2023-10-26T02:51:55","guid":{"rendered":"http:\/\/diariodominicano.com\/?p=483206"},"modified":"2023-10-25T22:51:55","modified_gmt":"2023-10-26T02:51:55","slug":"rinden-homenaje-en-cuba-a-maurice-bishop-a-40-anos-de-su-muerte-fotos","status":"publish","type":"post","link":"https:\/\/diariodominicano.com\/?p=483206","title":{"rendered":"Rinden homenaje en Cuba a Maurice Bishop a 40 a\u00f1os de su muerte (+Fotos)"},"content":{"rendered":"\n<p>La Habana, 25 oct (Prensa Latina) Un homenaje de recordaci\u00f3n al finado l\u00edder del partido Movimiento La Nueva Joya, el granadino Maurice Bishop, tuvo lugar este mi\u00e9rcoles en la sala de la Asociaci\u00f3n Caribe\u00f1a de Cuba, en esta capital.&nbsp;&nbsp;&nbsp;&nbsp;<\/p>\n\n\n\n<ul class=\"wp-block-list\"><li>octubre 25, 2023<\/li><li>CDT22:24 (GMT) -0400<\/li><\/ul>\n\n\n\n<p>El acto rindi\u00f3 tributo a quien llev\u00f3 al poder a una revoluci\u00f3n socialista en la peque\u00f1a isla de Granada en 1979, al frente del Movimiento La Nueva Joya (NJM, por sus siglas en ingl\u00e9s).<\/p>\n\n\n\n<figure class=\"wp-block-image\"><img decoding=\"async\" src=\"https:\/\/www.prensa-latina.cu\/wp-content\/uploads\/2023\/10\/Homenaje2-1.jpg\" alt=\" rinden-homenaje-en-cuba-a-maurice-bishop-a-40-anos-de-su-muerte\" class=\"wp-image-581097\"\/><\/figure>\n\n\n\n<p>El embajador de Granada en Cuba, Glen Noel, se\u00f1alo que \u201choy recordamos y reflexionamos sobre la vida de un gran revolucionario, l\u00edder visionario y h\u00e9roe del pueblo granadino, el primer ministro Maurice Bishop\u201d.<\/p>\n\n\n\n<p>Igualmente, \u201crendimos honores a sus colegas de gabinete y tambi\u00e9n recordamos a los 24 trabajadores internacionalistas cubanos y los 45 soldados granadinos asesinados por las Fuerzas Armadas de Estados Unidos el 25 de octubre de 1983, mientras cumpl\u00edan su deber, defendiendo la Revoluci\u00f3n de Granada\u201d.<\/p>\n\n\n\n<p>Noel record\u00f3 que el advenimiento de la revoluci\u00f3n granadina del 13 de marzo de 1979, dirigida por Bishop, \u201cno s\u00f3lo fue un faro de esperanza para las masas granadinas, fue una gran inspiraci\u00f3n para los pueblos oprimidos y luchadores de todo el mundo\u201d.<\/p>\n\n\n\n<p>Ofreci\u00f3 un atisbo de esperanza para la libertad, la autodeterminaci\u00f3n, la transformaci\u00f3n socioecon\u00f3mica y la prosperidad del movimiento obrero en todo el mundo, agreg\u00f3 el jefe de misi\u00f3n.<\/p>\n\n\n\n<p>Una microfracci\u00f3n dentro del NJM que encabez\u00f3 el viceprimer ministro Bernard Coard, de tendencia radicalista, desemboc\u00f3 en un sangriento golpe de Estado y el asesinato del joven pol\u00edtico y abogado y varios miembros de su Gabinete, incluida su esposa.<\/p>\n\n\n\n<p>El embajador Noel termin\u00f3 su discurso condenando la injusta y arbitraria inclusi\u00f3n de Cuba en la lista de pa\u00edses patrocinadores del terrorismo, al tiempo que abog\u00f3 por el fin del bloqueo financiero, econ\u00f3mico y comercial de Estados Unidos contra el pueblo cubano.<\/p>\n\n\n\n<figure class=\"wp-block-image\"><img decoding=\"async\" src=\"https:\/\/www.prensa-latina.cu\/wp-content\/uploads\/2023\/10\/Homenaje3-1.jpg\" alt=\" rinden-homenaje-en-cuba-a-maurice-bishop-a-40-anos-de-su-muerte\" class=\"wp-image-581098\"\/><\/figure>\n\n\n\n<p>Funcionarios de la Canciller\u00eda, la vicepresidenta del Instituto Cubano de Amistad con los Pueblos, Noemy Rabasa y el embajador Noel, entre otros diplom\u00e1ticos de la Comunidad del Caribe e integrantes de la Asociaci\u00f3n de Amistad Cuba-Granada, participaron en la ceremonia.<\/p>\n\n\n\n<p>npg\/jer<\/p>\n","protected":false},"excerpt":{"rendered":"<p>La Habana, 25 oct (Prensa Latina) Un homenaje de recordaci\u00f3n al finado l\u00edder del partido Movimiento La Nueva Joya, el granadino Maurice Bishop, tuvo lugar este mi\u00e9rcoles en la sala de la Asociaci\u00f3n Caribe\u00f1a de Cuba, en esta capital.&nbsp;&nbsp;&nbsp;&nbsp; octubre 25, 2023 CDT22:24 (GMT) -0400 El acto rindi\u00f3 tributo a quien llev\u00f3 al poder a [&hellip;]<\/p>\n","protected":false},"author":28,"featured_media":483207,"comment_status":"closed","ping_status":"","sticky":false,"template":"","format":"standard","meta":{"footnotes":""},"categories":[26,23],"tags":[],"class_list":["post-483206","post","type-post","status-publish","format-standard","has-post-thumbnail","hentry","category-efemerides","category-internacional"],"_links":{"self":[{"href":"https:\/\/diariodominicano.com\/index.php?rest_route=\/wp\/v2\/posts\/483206","targetHints":{"allow":["GET"]}}],"collection":[{"href":"https:\/\/diariodominicano.com\/index.php?rest_route=\/wp\/v2\/posts"}],"about":[{"href":"https:\/\/diariodominicano.com\/index.php?rest_route=\/wp\/v2\/types\/post"}],"author":[{"embeddable":true,"href":"https:\/\/diariodominicano.com\/index.php?rest_route=\/wp\/v2\/users\/28"}],"replies":[{"embeddable":true,"href":"https:\/\/diariodominicano.com\/index.php?rest_route=%2Fwp%2Fv2%2Fcomments&post=483206"}],"version-history":[{"count":1,"href":"https:\/\/diariodominicano.com\/index.php?rest_route=\/wp\/v2\/posts\/483206\/revisions"}],"predecessor-version":[{"id":483208,"href":"https:\/\/diariodominicano.com\/index.php?rest_route=\/wp\/v2\/posts\/483206\/revisions\/483208"}],"wp:featuredmedia":[{"embeddable":true,"href":"https:\/\/diariodominicano.com\/index.php?rest_route=\/wp\/v2\/media\/483207"}],"wp:attachment":[{"href":"https:\/\/diariodominicano.com\/index.php?rest_route=%2Fwp%2Fv2%2Fmedia&parent=483206"}],"wp:term":[{"taxonomy":"category","embeddable":true,"href":"https:\/\/diariodominicano.com\/index.php?rest_route=%2Fwp%2Fv2%2Fcategories&post=483206"},{"taxonomy":"post_tag","embeddable":true,"href":"https:\/\/diariodominicano.com\/index.php?rest_route=%2Fwp%2Fv2%2Ftags&post=483206"}],"curies":[{"name":"wp","href":"https:\/\/api.w.org\/{rel}","templated":true}]}}