{"id":483162,"date":"2023-10-25T22:01:49","date_gmt":"2023-10-26T02:01:49","guid":{"rendered":"http:\/\/diariodominicano.com\/?p=483162"},"modified":"2023-10-25T22:03:33","modified_gmt":"2023-10-26T02:03:33","slug":"anuncian-moderna-lavanderia-de-ciudad-colonial-ahorra-agua-y-reduce-impacto-ambiental","status":"publish","type":"post","link":"https:\/\/diariodominicano.com\/?p=483162","title":{"rendered":"Anuncian moderna lavander\u00eda de Ciudad Colonial ahorra agua y reduce impacto ambiental"},"content":{"rendered":"\n<p>El momento del corte de cinta de la  Lavander\u00eda Wash Top<\/p>\n\n\n\n<p>SANTO DOMINGO, RD. &#8211; La empresa Lavander\u00eda Wash Top, introdujo en la Ciudad Colonial un moderno servicio de lavander\u00eda con controles digitales que ahorra los recursos agua y energ\u00eda, con bajo impacto ambiental y hace m\u00e1s eficiente la operaci\u00f3n en el lavado de la ropa de los hoteles y restaurantes establecidos en esa \u00e1rea de la ciudad y zonas vecinas.<\/p>\n\n\n\n<figure class=\"wp-block-image size-large\"><img loading=\"lazy\" decoding=\"async\" width=\"1024\" height=\"763\" src=\"https:\/\/diariodominicano.com\/wp-content\/uploads\/2023\/10\/Equipo-tecnico-1024x763.jpg\" alt=\"\" class=\"wp-image-483165\" srcset=\"https:\/\/diariodominicano.com\/wp-content\/uploads\/2023\/10\/Equipo-tecnico-1024x763.jpg 1024w, https:\/\/diariodominicano.com\/wp-content\/uploads\/2023\/10\/Equipo-tecnico-300x224.jpg 300w, https:\/\/diariodominicano.com\/wp-content\/uploads\/2023\/10\/Equipo-tecnico-768x572.jpg 768w, https:\/\/diariodominicano.com\/wp-content\/uploads\/2023\/10\/Equipo-tecnico-1536x1144.jpg 1536w, https:\/\/diariodominicano.com\/wp-content\/uploads\/2023\/10\/Equipo-tecnico-2048x1526.jpg 2048w, https:\/\/diariodominicano.com\/wp-content\/uploads\/2023\/10\/Equipo-tecnico-816x608.jpg 816w\" sizes=\"auto, (max-width: 1024px) 100vw, 1024px\" \/><figcaption>Equipo t\u00e9cnico<\/figcaption><\/figure>\n\n\n\n<p>El nuevo establecimiento, que tambi\u00e9n ofrecer\u00e1 servicios a los residentes del \u00e1rea, funcionar\u00e1 los siete d\u00edas de la semana y operar\u00e1 con modernas lavadoras y secadoras de la marca Speed Queen de \u00faltima tecnolog\u00eda, con capacidad para procesar hasta 60 libras de ropa en un ciclo de 30 minutos.<\/p>\n\n\n\n<p>Wash Top fue inaugurado con la presencia de Carlos \u00c1lvarez de la Direcci\u00f3n de Auditor\u00eda se Calidad del Ministerio de Turismo (MITUR).<\/p>\n\n\n\n<p>En Wash Top, se podr\u00e1 lavar, secar y planchar prendas de vestir y lencer\u00eda,&nbsp; el proceso de lavado se controla a trav\u00e9s de una aplicaci\u00f3n a la cual se le cargar\u00e1n fondos y se manipular\u00e1 ingresando un c\u00f3digo QR. Una vez iniciado el lavado la persona podr\u00e1 retirarse y chequear desde su tel\u00e9fono m\u00f3vil cuando la m\u00e1quina finalice el ciclo de lavado, permiti\u00e9ndole utilizar su tiempo m\u00e1s eficientemente.<\/p>\n\n\n\n<figure class=\"wp-block-image size-large is-resized\"><img loading=\"lazy\" decoding=\"async\" src=\"https:\/\/diariodominicano.com\/wp-content\/uploads\/2023\/10\/Equipo-e-invitados-de-la-lavanderia-1024x683.jpg\" alt=\"\" class=\"wp-image-483167\" width=\"616\" height=\"410\" srcset=\"https:\/\/diariodominicano.com\/wp-content\/uploads\/2023\/10\/Equipo-e-invitados-de-la-lavanderia-1024x683.jpg 1024w, https:\/\/diariodominicano.com\/wp-content\/uploads\/2023\/10\/Equipo-e-invitados-de-la-lavanderia-300x200.jpg 300w, https:\/\/diariodominicano.com\/wp-content\/uploads\/2023\/10\/Equipo-e-invitados-de-la-lavanderia-768x512.jpg 768w, https:\/\/diariodominicano.com\/wp-content\/uploads\/2023\/10\/Equipo-e-invitados-de-la-lavanderia-1536x1024.jpg 1536w, https:\/\/diariodominicano.com\/wp-content\/uploads\/2023\/10\/Equipo-e-invitados-de-la-lavanderia-2048x1366.jpg 2048w, https:\/\/diariodominicano.com\/wp-content\/uploads\/2023\/10\/Equipo-e-invitados-de-la-lavanderia-816x544.jpg 816w\" sizes=\"auto, (max-width: 616px) 100vw, 616px\" \/><figcaption>Equipo e invitados de la lavander\u00eda<\/figcaption><\/figure>\n\n\n\n<p>Evy Cardoza, administradora de Wash Top, dijo que Wash Top es un concepto de lavander\u00eda profesional creado para \u201cofrecer un servicio moderno y de calidad en el cuidado de la ropa, con tecnolog\u00eda de vanguardia y equipos eficientes, con lo que garantizamos resultados excepcionales en el lavado, secado y planchado y, adem\u00e1s, minimizamos nuestro impacto en el medio ambiente\u201d.<\/p>\n\n\n\n<p>Cardoza asegur\u00f3 que Wash Top aspira a convertirse en \u201cun lugar agradable en el que las personas se encuentran y pueden socializar mientras procesan la ropa Y es nuestro compromiso convertir esta lavander\u00eda en un punto de referencia en Santo Domingo, ofreciendo un servicio de calidad\u201d, que ahorra recursos a las empresas, personas y a la ciudad de Santo Domingo.<\/p>\n\n\n\n<p>De acuerdo con las explicaciones de Cardoza, Wash Top en la Zona Colonial e Hidro Wash, ubicada en el sector de Gazcue, son dos modernos establecimientos operados por Hidroflo International, entidad que distribuye los equipos Speed Queen.<\/p>\n\n\n\n<p>La inauguraci\u00f3n y corte de cinta de la nueva lavander\u00eda Wash Top fue realizada durante un coctel en el cual los asistentes disfrutaron de un exquisito brindis de vinos y tapas. Adem\u00e1s, de Evy Cardoza, estuvo presente Jaime Garc\u00eda, Thelma Ferrara, Huascar Soto y Gabriel Vizca\u00edno entre otras personalidades del sector hotelero y empresarial de Santo Domingo.<\/p>\n\n\n\n<p>La lavander\u00eda est\u00e1 ubicada en la calle Jos\u00e9 Reyes No. 53 donde espera recibir y poder servir a la comunidad de la Zona Colonial de Santo Domingo.<br>&#8212;<br><strong>Mar\u00eda Alejandra Alc\u00e1ntara&nbsp;<\/strong><br>Asistente Relaciones P\u00fablicas&nbsp;<a href=\"mailto:mariaalejandra@cicom.do\" target=\"_blank\" rel=\"noreferrer noopener\">mariaalejandra@cicom.do<\/a><\/p>\n\n\n\n<figure class=\"wp-block-image\"><img decoding=\"async\" src=\"https:\/\/ci3.googleusercontent.com\/mail-sig\/AIorK4xp12A8pp8N0SXBk-FvEHUdYu1z5gjYp5WLmX0NRIW7zxXupsWA4_7YPEz21y16CmIfPtKL5GA\" alt=\"\"\/><\/figure>\n","protected":false},"excerpt":{"rendered":"<p>El momento del corte de cinta de la Lavander\u00eda Wash Top SANTO DOMINGO, RD. &#8211; La empresa Lavander\u00eda Wash Top, introdujo en la Ciudad Colonial un moderno servicio de lavander\u00eda con controles digitales que ahorra los recursos agua y energ\u00eda, con bajo impacto ambiental y hace m\u00e1s eficiente la operaci\u00f3n en el lavado de la [&hellip;]<\/p>\n","protected":false},"author":28,"featured_media":483163,"comment_status":"closed","ping_status":"","sticky":true,"template":"","format":"standard","meta":{"footnotes":""},"categories":[36,18,27,32],"tags":[],"class_list":["post-483162","post","type-post","status-publish","format-standard","has-post-thumbnail","hentry","category-hombresmujeresycosas","category-economia","category-portada","category-turismo"],"_links":{"self":[{"href":"https:\/\/diariodominicano.com\/index.php?rest_route=\/wp\/v2\/posts\/483162","targetHints":{"allow":["GET"]}}],"collection":[{"href":"https:\/\/diariodominicano.com\/index.php?rest_route=\/wp\/v2\/posts"}],"about":[{"href":"https:\/\/diariodominicano.com\/index.php?rest_route=\/wp\/v2\/types\/post"}],"author":[{"embeddable":true,"href":"https:\/\/diariodominicano.com\/index.php?rest_route=\/wp\/v2\/users\/28"}],"replies":[{"embeddable":true,"href":"https:\/\/diariodominicano.com\/index.php?rest_route=%2Fwp%2Fv2%2Fcomments&post=483162"}],"version-history":[{"count":4,"href":"https:\/\/diariodominicano.com\/index.php?rest_route=\/wp\/v2\/posts\/483162\/revisions"}],"predecessor-version":[{"id":483169,"href":"https:\/\/diariodominicano.com\/index.php?rest_route=\/wp\/v2\/posts\/483162\/revisions\/483169"}],"wp:featuredmedia":[{"embeddable":true,"href":"https:\/\/diariodominicano.com\/index.php?rest_route=\/wp\/v2\/media\/483163"}],"wp:attachment":[{"href":"https:\/\/diariodominicano.com\/index.php?rest_route=%2Fwp%2Fv2%2Fmedia&parent=483162"}],"wp:term":[{"taxonomy":"category","embeddable":true,"href":"https:\/\/diariodominicano.com\/index.php?rest_route=%2Fwp%2Fv2%2Fcategories&post=483162"},{"taxonomy":"post_tag","embeddable":true,"href":"https:\/\/diariodominicano.com\/index.php?rest_route=%2Fwp%2Fv2%2Ftags&post=483162"}],"curies":[{"name":"wp","href":"https:\/\/api.w.org\/{rel}","templated":true}]}}