{"id":483115,"date":"2023-10-25T16:29:21","date_gmt":"2023-10-25T20:29:21","guid":{"rendered":"http:\/\/diariodominicano.com\/?p=483115"},"modified":"2023-10-25T16:29:21","modified_gmt":"2023-10-25T20:29:21","slug":"con-mas-de-un-75-por-ciento-de-las-candidaturas-seleccionadas-la-cne-del-pld-prosigue-trabajo-y-convoca-a-asamblea-de-delegados-en-el-exterior","status":"publish","type":"post","link":"https:\/\/diariodominicano.com\/?p=483115","title":{"rendered":"Con m\u00e1s de un 75 por ciento de las candidaturas seleccionadas, la CNE del PLD prosigue trabajo y convoca a Asamblea de Delegados en el exterior."},"content":{"rendered":"\n<p>diariodominicano.com<\/p>\n\n\n\n<p><strong>Asamblea de delegados del PLD en las Seccionales<\/strong><\/p>\n\n\n\n<p>Santo Domingo, R. D.,  25 de octubre, 2023.-  Con m\u00e1s de un 75 por ciento de las candidaturas seleccionadas, la\u00a0<strong>Comisi\u00f3n Nacional Electoral (CNE) del Partido de la Liberaci\u00f3n Dominicana (PLD)\u00a0<\/strong>contin\u00faa ofreciendo los resultados de encuestas mediante la cual se han seleccionado candidatos y candidatas a posiciones en el Congreso, as\u00ed como alcald\u00edas y direcciones distritales. \u00a0<\/p>\n\n\n\n<p>Una amplia agenda con resultados de encuestas ha ejecutado la Comisi\u00f3n Nacional Electoral en reuniones realizadas con los aspirantes a las posiciones electivas y la representaci\u00f3n de las direcciones partidarias de las demarcaciones en la semana en curso.&nbsp;&nbsp;<\/p>\n\n\n\n<p>Con los resultados de las encuestas locales, el Partido de la Liberaci\u00f3n Dominicana inform\u00f3 de la elecci\u00f3n de los candidatos y candidatas de esa organizaci\u00f3n a las diputaciones que corresponden al exterior, el pr\u00f3ximo s\u00e1bado. &nbsp;<\/p>\n\n\n\n<p>Este s\u00e1bado 28 de octubre se programaron las asambleas de Delegados de las Seccionales del PLD en el exterior para escoger los candidatos y candidatas a diputados (as) del PLD en las tres circunscripciones de ultramar.<\/p>\n\n\n\n<p>Mediante &nbsp;&nbsp;la modalidad de Voto Telem\u00e1tico se escoger\u00e1 2 candidatos (as) en la Circunscripci\u00f3n Uno, uno en la Circunscripci\u00f3n Dos y uno tambi\u00e9n en la Tres, que corresponde a los pa\u00edses del continente europeo.<\/p>\n\n\n\n<p>&nbsp;En la Circunscripci\u00f3n Uno del exterior compiten ocho dirigentes del PLD, en la tres que corresponde a las seccionales en Europa, se inscribieron once dirigentes y en la Circunscripci\u00f3n Dos, compiten dos dirigentes.<\/p>\n\n\n\n<p>Los delegados y delegadas en el exterior son los miembros del Comit\u00e9 Central, los presidentes de Comit\u00e9s Intermedios y de Base quienes son los autorizados a participar de la asamblea y escoger uno de los precandidatos propuestos para competir por la nominaci\u00f3n.<\/p>\n\n\n\n<p>Al igual que las asambleas de Delegados realizadas en el territorio nacional las de las seccionales contar\u00e1n con la Supervisi\u00f3n de la Junta Central Electoral, cuyos inspectores validar\u00e1n la escogencia mediante la modalidad de Voto Telem\u00e1tico.<\/p>\n\n\n\n<p>La Comisi\u00f3n Nacional Electoral, con el respaldo de las secretar\u00edas de Organizaci\u00f3n, Asuntos Electorales y TICs, ha preparado un escenario que garantiza la transparencia e idoneidad de los resultados.<\/p>\n\n\n\n<p><strong>SECRETAR\u00cdA DE COMUNICACIONES<\/strong><strong><\/strong><\/p>\n\n\n\n<p><strong>25 DE OCTUBRE, 2023.-<\/strong><\/p>\n\n\n\n<p><strong>DECLARACI\u00d3N DE PRENSA<\/strong><\/p>\n","protected":false},"excerpt":{"rendered":"<p>diariodominicano.com Asamblea de delegados del PLD en las Seccionales Santo Domingo, R. D., 25 de octubre, 2023.- Con m\u00e1s de un 75 por ciento de las candidaturas seleccionadas, la\u00a0Comisi\u00f3n Nacional Electoral (CNE) del Partido de la Liberaci\u00f3n Dominicana (PLD)\u00a0contin\u00faa ofreciendo los resultados de encuestas mediante la cual se han seleccionado candidatos y candidatas a posiciones [&hellip;]<\/p>\n","protected":false},"author":5,"featured_media":475335,"comment_status":"closed","ping_status":"","sticky":true,"template":"","format":"standard","meta":{"footnotes":""},"categories":[22,27],"tags":[],"class_list":["post-483115","post","type-post","status-publish","format-standard","has-post-thumbnail","hentry","category-politica","category-portada"],"_links":{"self":[{"href":"https:\/\/diariodominicano.com\/index.php?rest_route=\/wp\/v2\/posts\/483115","targetHints":{"allow":["GET"]}}],"collection":[{"href":"https:\/\/diariodominicano.com\/index.php?rest_route=\/wp\/v2\/posts"}],"about":[{"href":"https:\/\/diariodominicano.com\/index.php?rest_route=\/wp\/v2\/types\/post"}],"author":[{"embeddable":true,"href":"https:\/\/diariodominicano.com\/index.php?rest_route=\/wp\/v2\/users\/5"}],"replies":[{"embeddable":true,"href":"https:\/\/diariodominicano.com\/index.php?rest_route=%2Fwp%2Fv2%2Fcomments&post=483115"}],"version-history":[{"count":1,"href":"https:\/\/diariodominicano.com\/index.php?rest_route=\/wp\/v2\/posts\/483115\/revisions"}],"predecessor-version":[{"id":483116,"href":"https:\/\/diariodominicano.com\/index.php?rest_route=\/wp\/v2\/posts\/483115\/revisions\/483116"}],"wp:featuredmedia":[{"embeddable":true,"href":"https:\/\/diariodominicano.com\/index.php?rest_route=\/wp\/v2\/media\/475335"}],"wp:attachment":[{"href":"https:\/\/diariodominicano.com\/index.php?rest_route=%2Fwp%2Fv2%2Fmedia&parent=483115"}],"wp:term":[{"taxonomy":"category","embeddable":true,"href":"https:\/\/diariodominicano.com\/index.php?rest_route=%2Fwp%2Fv2%2Fcategories&post=483115"},{"taxonomy":"post_tag","embeddable":true,"href":"https:\/\/diariodominicano.com\/index.php?rest_route=%2Fwp%2Fv2%2Ftags&post=483115"}],"curies":[{"name":"wp","href":"https:\/\/api.w.org\/{rel}","templated":true}]}}