{"id":48307,"date":"2020-10-28T11:48:04","date_gmt":"2020-10-28T11:48:04","guid":{"rendered":"http:\/\/diariodominicano.ddns.net\/?p=48307"},"modified":"2020-10-28T11:48:04","modified_gmt":"2020-10-28T11:48:04","slug":"el-dia-que-horacio-vasquez-viajo-a-baltimore-por-complicacion-renal","status":"publish","type":"post","link":"https:\/\/diariodominicano.com\/?p=48307","title":{"rendered":"El d\u00eda que  Horacio V\u00e1squez viaj\u00f3 a Baltimore por complicaci\u00f3n renal"},"content":{"rendered":"<p><body><\/p>\n<p><img decoding=\"async\" src=\"img3\/Horacio-Vasquez.jpg\" \/>  <\/p>\n<p><strong>Diariodominicano.com<\/strong><\/p>\n<p><strong>El d\u00eda que  Horacio V\u00e1squez sufri\u00f3 complicaci\u00f3n renal<\/strong><\/p>\n<p><strong>SANTO DOMINGO, el 28 de octubre del a\u00f1o 1929<\/strong>, sali\u00f3  del pa\u00eds con destino a Baltimore, Estados Unidos, el presidente dominicano Horacio V\u00e1squez, quien sufr\u00eda una complicaci\u00f3n renal.<\/p>\n<\/p>\n<p>      Horacio V\u00e1squez hab\u00eda sido sometido a una operaci\u00f3n para sacar piedras de sus ri\u00f1ones, pero su salud sigui\u00f3 deterior\u00e1ndose, por lo que fue sacado de emergencia a Estados Unidos.<\/p>\n<\/p>\n<p>     Esa situaci\u00f3n cre\u00f3 las condiciones para que su Partido Nacional, sufriera una divisi\u00f3n y varios de sus colaboradores en complicidad con el jefe del Ej\u00e9rcito, Rafael Leonidas Trujillo Molina, llevaran a cabo un plan que culmin\u00f3 con su derrocamiento el 23 de febrero de 1930.<\/p>\n<\/p>\n<\/p>\n<h6> 2020-10-28 11:48:04 <\/h6>\n<p><!--\n<link rel=\"stylesheet\" href=\"css\/bootstrap.min.css\">\n\n\n<ul class=\"pagination\">\n\t    \n\t\n\n<li >\n\t<a href='?page_no=105'>Previous<\/a>\n\t<\/li>\n\n\n       \n    \n\n<li><a href='?page_no=1'>1<\/a><\/li>\n\n\n\n<li><a href='?page_no=2'>2<\/a><\/li>\n\n\n\n<li><a>...<\/a><\/li>\n\n\n\n<li><a href='?page_no=104'>104<\/a><\/li>\n\n\n\n<li><a href='?page_no=105'>105<\/a><\/li>\n\n\n\n<li class='active'><a>106<\/a><\/li>\n\n\n\n<li><a href='?page_no=107'>107<\/a><\/li>\n\n\n\n<li><a href='?page_no=108'>108<\/a><\/li>\n\n\n\n<li><a>...<\/a><\/li>\n\n\n\n<li><a href='?page_no=22911'>22911<\/a><\/li>\n\n\n\n<li><a href='?page_no=22912'>22912<\/a><\/li>\n\n    \n\t\n\n<li >\n\t<a href='?page_no=107'>Next<\/a>\n\t<\/li>\n\n\n    \n\n<li><a href='?page_no=22912'>Last &rsaquo;&rsaquo;<\/a><\/li>\n\n<\/ul>\n\n\n--><br \/>\n<\/body><\/p>\n","protected":false},"excerpt":{"rendered":"<p>Diariodominicano.com El d\u00eda que Horacio V\u00e1squez sufri\u00f3 complicaci\u00f3n renal SANTO DOMINGO, el 28 de octubre del a\u00f1o 1929, sali\u00f3 del pa\u00eds con destino a Baltimore, Estados Unidos, el presidente dominicano Horacio V\u00e1squez, quien sufr\u00eda una complicaci\u00f3n renal. Horacio V\u00e1squez hab\u00eda sido sometido a una operaci\u00f3n para sacar piedras de sus ri\u00f1ones, pero su salud sigui\u00f3 [&hellip;]<\/p>\n","protected":false},"author":3,"featured_media":0,"comment_status":"open","ping_status":"open","sticky":false,"template":"","format":"standard","meta":{"footnotes":""},"categories":[21],"tags":[],"class_list":["post-48307","post","type-post","status-publish","format-standard","hentry","category-cultura"],"_links":{"self":[{"href":"https:\/\/diariodominicano.com\/index.php?rest_route=\/wp\/v2\/posts\/48307","targetHints":{"allow":["GET"]}}],"collection":[{"href":"https:\/\/diariodominicano.com\/index.php?rest_route=\/wp\/v2\/posts"}],"about":[{"href":"https:\/\/diariodominicano.com\/index.php?rest_route=\/wp\/v2\/types\/post"}],"author":[{"embeddable":true,"href":"https:\/\/diariodominicano.com\/index.php?rest_route=\/wp\/v2\/users\/3"}],"replies":[{"embeddable":true,"href":"https:\/\/diariodominicano.com\/index.php?rest_route=%2Fwp%2Fv2%2Fcomments&post=48307"}],"version-history":[{"count":0,"href":"https:\/\/diariodominicano.com\/index.php?rest_route=\/wp\/v2\/posts\/48307\/revisions"}],"wp:attachment":[{"href":"https:\/\/diariodominicano.com\/index.php?rest_route=%2Fwp%2Fv2%2Fmedia&parent=48307"}],"wp:term":[{"taxonomy":"category","embeddable":true,"href":"https:\/\/diariodominicano.com\/index.php?rest_route=%2Fwp%2Fv2%2Fcategories&post=48307"},{"taxonomy":"post_tag","embeddable":true,"href":"https:\/\/diariodominicano.com\/index.php?rest_route=%2Fwp%2Fv2%2Ftags&post=48307"}],"curies":[{"name":"wp","href":"https:\/\/api.w.org\/{rel}","templated":true}]}}