{"id":482999,"date":"2023-10-25T02:07:47","date_gmt":"2023-10-25T06:07:47","guid":{"rendered":"http:\/\/diariodominicano.com\/?p=482999"},"modified":"2023-10-25T10:31:12","modified_gmt":"2023-10-25T14:31:12","slug":"fp-presidente-abinader-miente-sobre-construccion-del-muro-fronterizo","status":"publish","type":"post","link":"https:\/\/diariodominicano.com\/?p=482999","title":{"rendered":"FP: presidente Abinader miente sobre construcci\u00f3n del muro fronterizo"},"content":{"rendered":"\n<p><br>Aseguran que Abinader pas\u00f3 de la promesa de un muro, a una verja de mala calidad en la frontera<\/p>\n\n\n\n<p><br>Santo Domingo., RD- La Secretar\u00eda de Obras P\u00fablicas del partido Fuerza del Pueblo present\u00f3 este martes un informe en el que revel\u00f3 que el presidente Lu\u00eds Abinader miente en lo relativo a la construcci\u00f3n del muro fronterizo.<\/p>\n\n\n\n<p><br>Mariano Germ\u00e1n, titular de la secretar\u00eda de Obras P\u00fablicas y profesional de la ingenier\u00eda de larga data, precis\u00f3 que a 11 meses despu\u00e9s del vencimiento del plazo de terminaci\u00f3n (noviembre 2022) de la primera etapa de 54 kil\u00f3metros de \u201cmuro\u201d, el presidente de la Rep\u00fablica procedi\u00f3 a inaugurar desde El Carrizal, provincia El\u00edas Pi\u00f1a, 2.7 kil\u00f3metros de verja, o lo que es lo mismo el 5% de lo prometido para esa fecha, que eran 54 kil\u00f3metros.<\/p>\n\n\n\n<p><br>El secretario de Obras P\u00fablicas de la FP critic\u00f3 que la parte de la verja inaugurada m\u00e1s tarde no tiene 2.5 metros de altura \u00fatil en concreto armado, como prometi\u00f3 Abinader, sino que su altura es de apenas 1.5 metros. Adem\u00e1s la estructura met\u00e1lica de la verja est\u00e1 conformada por 800 metros en perfiler\u00eda de hierro de baja calidad y donde la oxidaci\u00f3n comienza a producir sus primeros estragos; 1.9 kil\u00f3metros en malla cicl\u00f3nica tipo gallinero de 6 pies de altura; y finalmente un cerco de alambre de p\u00faas en trinchera en la corona de la verja.<\/p>\n\n\n\n<p><br>La entidad pol\u00edtica opositora describi\u00f3 que el 20 de febrero del a\u00f1o 2022, el Presidente de la Rep\u00fablica dej\u00f3 iniciada la construcci\u00f3n del \u201cmuro fronterizo con Hait\u00ed\u201d, se\u00f1alando que en una primera etapa la obra tendr\u00eda 54 kil\u00f3metros y que, al finalizar ser\u00eda de 164 kil\u00f3metros, los que se construir\u00edan a lo largo de 391.6 kil\u00f3metros de l\u00ednea fronteriza.<\/p>\n\n\n\n<p><\/p>\n\n\n\n<p><br>De acuerdo al presidente Abinader, la primera etapa se inici\u00f3 con un costo de RD$1,750 millones de pesos y, deb\u00eda concluir a m\u00e1s tardar en nueve meses, a partir de la fecha; esto es, en el mes de noviembre del a\u00f1o 2022.<\/p>\n\n\n\n<figure class=\"wp-block-image size-full\"><img loading=\"lazy\" decoding=\"async\" width=\"709\" height=\"574\" src=\"https:\/\/diariodominicano.com\/wp-content\/uploads\/2023\/10\/IMG-20231024-WA0176.jpg\" alt=\"\" class=\"wp-image-483001\" srcset=\"https:\/\/diariodominicano.com\/wp-content\/uploads\/2023\/10\/IMG-20231024-WA0176.jpg 709w, https:\/\/diariodominicano.com\/wp-content\/uploads\/2023\/10\/IMG-20231024-WA0176-300x243.jpg 300w\" sizes=\"auto, (max-width: 709px) 100vw, 709px\" \/><\/figure>\n\n\n\n<p><br>Una segunda etapa de 112 kil\u00f3metros se licitar\u00eda posteriormente y estar\u00eda terminada durante el a\u00f1o 2023. Finalmente, el presidente Abinader, dijo que la tercera y \u00faltima etapa consistir\u00e1 en el equipamiento tecnol\u00f3gico.&nbsp;<\/p>\n\n\n\n<p><br>El titular de la Secretar\u00eda de Obras P\u00fablicas de la FP, Mariano Germ\u00e1n, dijo que en visita de supervisi\u00f3n a la obra, el 9 de octubre del 2022, con el fin de verificar los avances de la misma, es decir, a solo un mes de la fecha en que se debi\u00f3 entregar la primera etapa, consistente en 54 kil\u00f3metros de \u201cmuro\u201d, 19 torres de vigilancia y control, 10 puertas de acceso y caminos para patrullaje a ambos lados del \u201cmuro\u201d; el presidente Abinader vari\u00f3 la promesa del 20 de febrero del 2022, y al efecto dijo lo siguiente: \u00abesta primera etapa estar\u00e1 lista en el segundo semestre del a\u00f1o 2023\u00bb.&nbsp;<br>Abinader inform\u00f3 en ese momento que, la segunda etapa (112 kil\u00f3metros) estar\u00eda en el presupuesto del a\u00f1o 2023 y lo m\u00e1s importante de todo es, que estar\u00edan los fondos disponibles y listos para su aplicaci\u00f3n.&nbsp;<\/p>\n\n\n\n<figure class=\"wp-block-image size-large\"><img loading=\"lazy\" decoding=\"async\" width=\"1024\" height=\"712\" src=\"https:\/\/diariodominicano.com\/wp-content\/uploads\/2023\/10\/IMG-20231024-WA0175-1-1024x712.jpg\" alt=\"\" class=\"wp-image-483018\" srcset=\"https:\/\/diariodominicano.com\/wp-content\/uploads\/2023\/10\/IMG-20231024-WA0175-1-1024x712.jpg 1024w, https:\/\/diariodominicano.com\/wp-content\/uploads\/2023\/10\/IMG-20231024-WA0175-1-300x209.jpg 300w, https:\/\/diariodominicano.com\/wp-content\/uploads\/2023\/10\/IMG-20231024-WA0175-1-768x534.jpg 768w, https:\/\/diariodominicano.com\/wp-content\/uploads\/2023\/10\/IMG-20231024-WA0175-1-1536x1068.jpg 1536w, https:\/\/diariodominicano.com\/wp-content\/uploads\/2023\/10\/IMG-20231024-WA0175-1-816x567.jpg 816w, https:\/\/diariodominicano.com\/wp-content\/uploads\/2023\/10\/IMG-20231024-WA0175-1.jpg 1600w\" sizes=\"auto, (max-width: 1024px) 100vw, 1024px\" \/><\/figure>\n\n\n\n<p><br>Germ\u00e1n se\u00f1al\u00f3 que pese a que claramente Abinader dej\u00f3 establecido que los fondos para terminar la verja estar\u00edan disponibles para el a\u00f1o 2023, no ha sido as\u00ed.&nbsp;<br>\u00abNo hubo presupuesto para el presente a\u00f1o 2023 en ning\u00fan momento para acometer los trabajos con la velocidad con que se prometi\u00f3; y adem\u00e1s se consigna que para el a\u00f1o 2024, de acuerdo al presupuesto general de la naci\u00f3n, se acudir\u00e1 a un pr\u00e9stamo a la Banca Internacional de 239.98 millones de d\u00f3lares (13 mil 680 millones de pesos) para concluir el famoso \u201cmuro fronterizo\u201d, lo que evidencia que no estaban disponibles los fondos como hab\u00eda dicho el presidente Abinader.&nbsp;<\/p>\n\n\n\n<p><\/p>\n\n\n\n<p>&nbsp;<br>Secretar\u00eda de Comunicaciones Fuerza del Pueblo<\/p>\n","protected":false},"excerpt":{"rendered":"<p>Aseguran que Abinader pas\u00f3 de la promesa de un muro, a una verja de mala calidad en la frontera Santo Domingo., RD- La Secretar\u00eda de Obras P\u00fablicas del partido Fuerza del Pueblo present\u00f3 este martes un informe en el que revel\u00f3 que el presidente Lu\u00eds Abinader miente en lo relativo a la construcci\u00f3n del muro [&hellip;]<\/p>\n","protected":false},"author":28,"featured_media":483000,"comment_status":"closed","ping_status":"","sticky":true,"template":"","format":"standard","meta":{"footnotes":""},"categories":[22,27],"tags":[],"class_list":["post-482999","post","type-post","status-publish","format-standard","has-post-thumbnail","hentry","category-politica","category-portada"],"_links":{"self":[{"href":"https:\/\/diariodominicano.com\/index.php?rest_route=\/wp\/v2\/posts\/482999","targetHints":{"allow":["GET"]}}],"collection":[{"href":"https:\/\/diariodominicano.com\/index.php?rest_route=\/wp\/v2\/posts"}],"about":[{"href":"https:\/\/diariodominicano.com\/index.php?rest_route=\/wp\/v2\/types\/post"}],"author":[{"embeddable":true,"href":"https:\/\/diariodominicano.com\/index.php?rest_route=\/wp\/v2\/users\/28"}],"replies":[{"embeddable":true,"href":"https:\/\/diariodominicano.com\/index.php?rest_route=%2Fwp%2Fv2%2Fcomments&post=482999"}],"version-history":[{"count":7,"href":"https:\/\/diariodominicano.com\/index.php?rest_route=\/wp\/v2\/posts\/482999\/revisions"}],"predecessor-version":[{"id":483044,"href":"https:\/\/diariodominicano.com\/index.php?rest_route=\/wp\/v2\/posts\/482999\/revisions\/483044"}],"wp:featuredmedia":[{"embeddable":true,"href":"https:\/\/diariodominicano.com\/index.php?rest_route=\/wp\/v2\/media\/483000"}],"wp:attachment":[{"href":"https:\/\/diariodominicano.com\/index.php?rest_route=%2Fwp%2Fv2%2Fmedia&parent=482999"}],"wp:term":[{"taxonomy":"category","embeddable":true,"href":"https:\/\/diariodominicano.com\/index.php?rest_route=%2Fwp%2Fv2%2Fcategories&post=482999"},{"taxonomy":"post_tag","embeddable":true,"href":"https:\/\/diariodominicano.com\/index.php?rest_route=%2Fwp%2Fv2%2Ftags&post=482999"}],"curies":[{"name":"wp","href":"https:\/\/api.w.org\/{rel}","templated":true}]}}