{"id":48296,"date":"2020-10-28T23:19:33","date_gmt":"2020-10-28T23:19:33","guid":{"rendered":"http:\/\/diariodominicano.ddns.net\/?p=48296"},"modified":"2020-10-28T23:19:33","modified_gmt":"2020-10-28T23:19:33","slug":"mexico-listo-para-realizar-congreso-iberoamericano-de-cultura","status":"publish","type":"post","link":"https:\/\/diariodominicano.com\/?p=48296","title":{"rendered":"M\u00e9xico listo para realizar congreso iberoamericano de cultura"},"content":{"rendered":"<p><body><\/p>\n<p><img decoding=\"async\" src=\"img3\/cultura-mexico-28-10-20.jpg\" \/>  <\/p>\n<p><span class=\"text1noticias\"> <\/span><\/p>\n<p><span class=\"text1noticias\">diariodominicano.com<\/span><\/p>\n<p><span class=\"text1noticias\"> <\/span><\/p>\n<p><span class=\"text1noticias\">M\u00e9xico, 28 oct (Prensa Latina) M\u00e9xico est\u00e1 listo para realizar el VII Congreso Iberoamericano de Cultura 2020, evento que sesionar\u00e1 del 4 al 8 de noviembre pr\u00f3ximos, con una agenda de actividades virtuales \u00edntegramente en streaming, dijeron hoy sus organizadores.<\/span><\/p>\n<p><span class=\"text1noticias\"> <\/span><\/p>\n<p><span class=\"text1noticias\">La cita es un relanzamiento de los congresos iberoamericanos de Cultura, los cuales estaban de capa ca\u00edda, y por primera vez se abrir\u00e1 un espacio de participaci\u00f3n ciudadana con la iniciativa &#8216;Micr\u00f3fono abierto&#8217;, a\u00f1adieron.<\/span><\/p>\n<p><span class=\"text1noticias\"> <\/span><\/p>\n<p><span class=\"text1noticias\">En un comunicado de prensa indicaron que M\u00e9xico ser\u00e1 el pa\u00eds en el cual decenas de personalidades reflexionar\u00e1n sobre la relaci\u00f3n entre la cultura y el desarrollo sostenible y los aportes que puede hacer para mejorar la vida de los iberoamericanos, tema principal del encuentro virtual.<\/span><\/p>\n<p><span class=\"text1noticias\"> <\/span><\/p>\n<p><span class=\"text1noticias\">Su lema, &#8216;Cultura y Desarrollo Sostenible&#8217;, tiene el objetivo de vincular el mandato al espacio cultural iberoamericano de la XXVI Cumbre de Jefes de Estado y de Gobierno en Antigua, Guatemala, (2018), donde se decidi\u00f3 sumar el sector como una herramienta importante de los Objetivos de Desarrollo Sostenible de la Agenda 2030.<\/span><\/p>\n<p><span class=\"text1noticias\"> <\/span><\/p>\n<p><span class=\"text1noticias\">El Congreso se realizar\u00e1 de forma telem\u00e1tica y estar\u00e1 organizado por la Secretar\u00eda General Iberoamericana, la Secretar\u00eda de Cultura del Gobierno de M\u00e9xico y la Organizaci\u00f3n de Estados Iberoamericanos para la Educaci\u00f3n, la Ciencia y la Cultura, con el apoyo de los 22 ministerios y secretar\u00edas de Cultura de Iberoam\u00e9rica y la Agencia Espa\u00f1ola de Cooperaci\u00f3n Internacional para el Desarrollo.<\/span><\/p>\n<p><span class=\"text1noticias\"> <\/span><\/p>\n<p><span class=\"text1noticias\">La crisis mundial y multidimensional derivada de la pandemia de la Covid-19 obliga a pensar y generar soluciones ante el nuevo panorama sanitario, econ\u00f3mico y social. Por ello, la pr\u00f3xima edici\u00f3n del congreso tendr\u00e1 durante cinco d\u00edas una agenda de actividades principalmente virtuales, con ponencias en espa\u00f1ol y portugu\u00e9s para fomentar el biling\u00fcismo, distribuidas en varios ejes tem\u00e1ticos.<\/span><\/p>\n<p><span class=\"text1noticias\"> <\/span><\/p>\n<p><span class=\"text1noticias\">Entre los ejes figuran la dimensi\u00f3n econ\u00f3mica, social y medioambiental de la cultura para el Desarrollo Sostenible.<\/span><\/p>\n<p><span class=\"text1noticias\"> <\/span><\/p>\n<p><span class=\"text1noticias\">car\/lma<\/span><\/p>\n<h6> 2020-10-28 23:19:33 <\/h6>\n<p><!--\n<link rel=\"stylesheet\" href=\"css\/bootstrap.min.css\">\n\n\n<ul class=\"pagination\">\n\t    \n\t\n\n<li >\n\t<a href='?page_no=104'>Previous<\/a>\n\t<\/li>\n\n\n       \n    \n\n<li><a href='?page_no=1'>1<\/a><\/li>\n\n\n\n<li><a href='?page_no=2'>2<\/a><\/li>\n\n\n\n<li><a>...<\/a><\/li>\n\n\n\n<li><a href='?page_no=103'>103<\/a><\/li>\n\n\n\n<li><a href='?page_no=104'>104<\/a><\/li>\n\n\n\n<li class='active'><a>105<\/a><\/li>\n\n\n\n<li><a href='?page_no=106'>106<\/a><\/li>\n\n\n\n<li><a href='?page_no=107'>107<\/a><\/li>\n\n\n\n<li><a>...<\/a><\/li>\n\n\n\n<li><a href='?page_no=22911'>22911<\/a><\/li>\n\n\n\n<li><a href='?page_no=22912'>22912<\/a><\/li>\n\n    \n\t\n\n<li >\n\t<a href='?page_no=106'>Next<\/a>\n\t<\/li>\n\n\n    \n\n<li><a href='?page_no=22912'>Last &rsaquo;&rsaquo;<\/a><\/li>\n\n<\/ul>\n\n\n--><br \/>\n<\/body><\/p>\n","protected":false},"excerpt":{"rendered":"<p>diariodominicano.com M\u00e9xico, 28 oct (Prensa Latina) M\u00e9xico est\u00e1 listo para realizar el VII Congreso Iberoamericano de Cultura 2020, evento que sesionar\u00e1 del 4 al 8 de noviembre pr\u00f3ximos, con una agenda de actividades virtuales \u00edntegramente en streaming, dijeron hoy sus organizadores. La cita es un relanzamiento de los congresos iberoamericanos de Cultura, los cuales estaban [&hellip;]<\/p>\n","protected":false},"author":3,"featured_media":0,"comment_status":"open","ping_status":"open","sticky":false,"template":"","format":"standard","meta":{"footnotes":""},"categories":[21],"tags":[],"class_list":["post-48296","post","type-post","status-publish","format-standard","hentry","category-cultura"],"_links":{"self":[{"href":"https:\/\/diariodominicano.com\/index.php?rest_route=\/wp\/v2\/posts\/48296","targetHints":{"allow":["GET"]}}],"collection":[{"href":"https:\/\/diariodominicano.com\/index.php?rest_route=\/wp\/v2\/posts"}],"about":[{"href":"https:\/\/diariodominicano.com\/index.php?rest_route=\/wp\/v2\/types\/post"}],"author":[{"embeddable":true,"href":"https:\/\/diariodominicano.com\/index.php?rest_route=\/wp\/v2\/users\/3"}],"replies":[{"embeddable":true,"href":"https:\/\/diariodominicano.com\/index.php?rest_route=%2Fwp%2Fv2%2Fcomments&post=48296"}],"version-history":[{"count":0,"href":"https:\/\/diariodominicano.com\/index.php?rest_route=\/wp\/v2\/posts\/48296\/revisions"}],"wp:attachment":[{"href":"https:\/\/diariodominicano.com\/index.php?rest_route=%2Fwp%2Fv2%2Fmedia&parent=48296"}],"wp:term":[{"taxonomy":"category","embeddable":true,"href":"https:\/\/diariodominicano.com\/index.php?rest_route=%2Fwp%2Fv2%2Fcategories&post=48296"},{"taxonomy":"post_tag","embeddable":true,"href":"https:\/\/diariodominicano.com\/index.php?rest_route=%2Fwp%2Fv2%2Ftags&post=48296"}],"curies":[{"name":"wp","href":"https:\/\/api.w.org\/{rel}","templated":true}]}}