{"id":482947,"date":"2023-10-25T01:43:17","date_gmt":"2023-10-25T05:43:17","guid":{"rendered":"http:\/\/diariodominicano.com\/?p=482947"},"modified":"2023-10-25T02:25:52","modified_gmt":"2023-10-25T06:25:52","slug":"rd-y-la-republica-popular-de-china-refuerzan-sus-lazos-de-cooperacion-para-impulsar-el-turismo-y-la-cultura","status":"publish","type":"post","link":"https:\/\/diariodominicano.com\/?p=482947","title":{"rendered":"RD y la Rep\u00fablica Popular de China refuerzan sus lazos de cooperaci\u00f3n para impulsar el turismo y la cultura"},"content":{"rendered":"\n<p><em>El embajador Chen Luning cit\u00f3 el potencial tur\u00edstico que posee la ciudad de Hunan y sus atractivos espacios hist\u00f3ricos y culturales<\/em><\/p>\n\n\n\n<p>Rep\u00fablica Dominicana y la Rep\u00fablica Popular China, pa\u00eds con el que se establecieron relaciones diplom\u00e1ticas en 2018, reforzar\u00e1n los lazos que les unen para impulsar el potencial tur\u00edstico que poseen ambas naciones.As\u00ed lo inform\u00f3 el embajador de la Rep\u00fablica Popular China en Rep\u00fablica Dominicana,&nbsp;Chen Luning, durante una conferencia en la que destac\u00f3 el potencial que poseen ambos pa\u00edses en materia de turismo y que puede ser aprovechado para impulsar acciones rec\u00edprocas que contribuyan a reforzar las relaciones bilaterales.<\/p>\n\n\n\n<figure class=\"wp-block-gallery columns-3 is-cropped wp-block-gallery-1 is-layout-flex wp-block-gallery-is-layout-flex\"><ul class=\"blocks-gallery-grid\"><li class=\"blocks-gallery-item\"><figure><img loading=\"lazy\" decoding=\"async\" width=\"640\" height=\"431\" src=\"https:\/\/diariodominicano.com\/wp-content\/uploads\/2023\/10\/Shang-Bin-y-Yang-Haogong-reconocen-a-Lei-Feng-Cristal-Acevedo-Ruben-Lu-y-Miguelina-Santos.-1.jpg\" alt=\"\" data-id=\"483016\" data-full-url=\"https:\/\/diariodominicano.com\/wp-content\/uploads\/2023\/10\/Shang-Bin-y-Yang-Haogong-reconocen-a-Lei-Feng-Cristal-Acevedo-Ruben-Lu-y-Miguelina-Santos.-1.jpg\" data-link=\"https:\/\/diariodominicano.com\/?attachment_id=483016\" class=\"wp-image-483016\" srcset=\"https:\/\/diariodominicano.com\/wp-content\/uploads\/2023\/10\/Shang-Bin-y-Yang-Haogong-reconocen-a-Lei-Feng-Cristal-Acevedo-Ruben-Lu-y-Miguelina-Santos.-1.jpg 640w, https:\/\/diariodominicano.com\/wp-content\/uploads\/2023\/10\/Shang-Bin-y-Yang-Haogong-reconocen-a-Lei-Feng-Cristal-Acevedo-Ruben-Lu-y-Miguelina-Santos.-1-300x202.jpg 300w\" sizes=\"auto, (max-width: 640px) 100vw, 640px\" \/><figcaption class=\"blocks-gallery-item__caption\">????????????????????????????????????<\/figcaption><\/figure><\/li><li class=\"blocks-gallery-item\"><figure><img loading=\"lazy\" decoding=\"async\" width=\"640\" height=\"427\" src=\"https:\/\/diariodominicano.com\/wp-content\/uploads\/2023\/10\/Shang-Bin-Chen-Luning-Gorg-Zheng-Wen-y-Yang-Haodong.-1.jpg\" alt=\"\" data-id=\"483015\" data-full-url=\"https:\/\/diariodominicano.com\/wp-content\/uploads\/2023\/10\/Shang-Bin-Chen-Luning-Gorg-Zheng-Wen-y-Yang-Haodong.-1.jpg\" data-link=\"https:\/\/diariodominicano.com\/?attachment_id=483015\" class=\"wp-image-483015\" srcset=\"https:\/\/diariodominicano.com\/wp-content\/uploads\/2023\/10\/Shang-Bin-Chen-Luning-Gorg-Zheng-Wen-y-Yang-Haodong.-1.jpg 640w, https:\/\/diariodominicano.com\/wp-content\/uploads\/2023\/10\/Shang-Bin-Chen-Luning-Gorg-Zheng-Wen-y-Yang-Haodong.-1-300x200.jpg 300w\" sizes=\"auto, (max-width: 640px) 100vw, 640px\" \/><figcaption class=\"blocks-gallery-item__caption\">????????????????????????????????????<\/figcaption><\/figure><\/li><li class=\"blocks-gallery-item\"><figure><img loading=\"lazy\" decoding=\"async\" width=\"640\" height=\"446\" src=\"https:\/\/diariodominicano.com\/wp-content\/uploads\/2023\/10\/Randy-Frometa-Miguel-Feng-Hugo-Rivera-Biviana-Riveiro-Yun-Lan-y-Jack-Liang.-1.jpg\" alt=\"\" data-id=\"483014\" data-full-url=\"https:\/\/diariodominicano.com\/wp-content\/uploads\/2023\/10\/Randy-Frometa-Miguel-Feng-Hugo-Rivera-Biviana-Riveiro-Yun-Lan-y-Jack-Liang.-1.jpg\" data-link=\"https:\/\/diariodominicano.com\/?attachment_id=483014\" class=\"wp-image-483014\" srcset=\"https:\/\/diariodominicano.com\/wp-content\/uploads\/2023\/10\/Randy-Frometa-Miguel-Feng-Hugo-Rivera-Biviana-Riveiro-Yun-Lan-y-Jack-Liang.-1.jpg 640w, https:\/\/diariodominicano.com\/wp-content\/uploads\/2023\/10\/Randy-Frometa-Miguel-Feng-Hugo-Rivera-Biviana-Riveiro-Yun-Lan-y-Jack-Liang.-1-300x209.jpg 300w\" sizes=\"auto, (max-width: 640px) 100vw, 640px\" \/><figcaption class=\"blocks-gallery-item__caption\">????????????????????????????????????<\/figcaption><\/figure><\/li><li class=\"blocks-gallery-item\"><figure><img loading=\"lazy\" decoding=\"async\" width=\"640\" height=\"444\" src=\"https:\/\/diariodominicano.com\/wp-content\/uploads\/2023\/10\/Miguel-Mejia-habla-con-el-Embajador-de-China-Chen-Luning-y-Ellis-Perez.-1.jpg\" alt=\"\" data-id=\"483013\" data-full-url=\"https:\/\/diariodominicano.com\/wp-content\/uploads\/2023\/10\/Miguel-Mejia-habla-con-el-Embajador-de-China-Chen-Luning-y-Ellis-Perez.-1.jpg\" data-link=\"https:\/\/diariodominicano.com\/?attachment_id=483013\" class=\"wp-image-483013\" srcset=\"https:\/\/diariodominicano.com\/wp-content\/uploads\/2023\/10\/Miguel-Mejia-habla-con-el-Embajador-de-China-Chen-Luning-y-Ellis-Perez.-1.jpg 640w, https:\/\/diariodominicano.com\/wp-content\/uploads\/2023\/10\/Miguel-Mejia-habla-con-el-Embajador-de-China-Chen-Luning-y-Ellis-Perez.-1-300x208.jpg 300w\" sizes=\"auto, (max-width: 640px) 100vw, 640px\" \/><figcaption class=\"blocks-gallery-item__caption\">????????????????????????????????????<\/figcaption><\/figure><\/li><li class=\"blocks-gallery-item\"><figure><img loading=\"lazy\" decoding=\"async\" width=\"480\" height=\"601\" src=\"https:\/\/diariodominicano.com\/wp-content\/uploads\/2023\/10\/Miguel-Feng-Mirna-Pimentel-y-Ruben-Lu.-1.jpg\" alt=\"\" data-id=\"483012\" data-full-url=\"https:\/\/diariodominicano.com\/wp-content\/uploads\/2023\/10\/Miguel-Feng-Mirna-Pimentel-y-Ruben-Lu.-1.jpg\" data-link=\"https:\/\/diariodominicano.com\/?attachment_id=483012\" class=\"wp-image-483012\" srcset=\"https:\/\/diariodominicano.com\/wp-content\/uploads\/2023\/10\/Miguel-Feng-Mirna-Pimentel-y-Ruben-Lu.-1.jpg 480w, https:\/\/diariodominicano.com\/wp-content\/uploads\/2023\/10\/Miguel-Feng-Mirna-Pimentel-y-Ruben-Lu.-1-240x300.jpg 240w\" sizes=\"auto, (max-width: 480px) 100vw, 480px\" \/><figcaption class=\"blocks-gallery-item__caption\">????????????????????????????????????<\/figcaption><\/figure><\/li><li class=\"blocks-gallery-item\"><figure><img loading=\"lazy\" decoding=\"async\" width=\"640\" height=\"446\" src=\"https:\/\/diariodominicano.com\/wp-content\/uploads\/2023\/10\/Irving-Beltre-Yu-Lan-Ming-Hug-Chy-y-Manuel-Grullon.-1.jpg\" alt=\"\" data-id=\"483011\" data-full-url=\"https:\/\/diariodominicano.com\/wp-content\/uploads\/2023\/10\/Irving-Beltre-Yu-Lan-Ming-Hug-Chy-y-Manuel-Grullon.-1.jpg\" data-link=\"https:\/\/diariodominicano.com\/?attachment_id=483011\" class=\"wp-image-483011\" srcset=\"https:\/\/diariodominicano.com\/wp-content\/uploads\/2023\/10\/Irving-Beltre-Yu-Lan-Ming-Hug-Chy-y-Manuel-Grullon.-1.jpg 640w, https:\/\/diariodominicano.com\/wp-content\/uploads\/2023\/10\/Irving-Beltre-Yu-Lan-Ming-Hug-Chy-y-Manuel-Grullon.-1-300x209.jpg 300w\" sizes=\"auto, (max-width: 640px) 100vw, 640px\" \/><figcaption class=\"blocks-gallery-item__caption\">????????????????????????????????????<\/figcaption><\/figure><\/li><li class=\"blocks-gallery-item\"><figure><img loading=\"lazy\" decoding=\"async\" width=\"427\" height=\"640\" src=\"https:\/\/diariodominicano.com\/wp-content\/uploads\/2023\/10\/Hugo-Rivera-y-Biviana-Riveiro.-1.jpg\" alt=\"\" data-id=\"483010\" data-full-url=\"https:\/\/diariodominicano.com\/wp-content\/uploads\/2023\/10\/Hugo-Rivera-y-Biviana-Riveiro.-1.jpg\" data-link=\"https:\/\/diariodominicano.com\/?attachment_id=483010\" class=\"wp-image-483010\" srcset=\"https:\/\/diariodominicano.com\/wp-content\/uploads\/2023\/10\/Hugo-Rivera-y-Biviana-Riveiro.-1.jpg 427w, https:\/\/diariodominicano.com\/wp-content\/uploads\/2023\/10\/Hugo-Rivera-y-Biviana-Riveiro.-1-200x300.jpg 200w\" sizes=\"auto, (max-width: 427px) 100vw, 427px\" \/><figcaption class=\"blocks-gallery-item__caption\">????????????????????????????????????<\/figcaption><\/figure><\/li><li class=\"blocks-gallery-item\"><figure><img loading=\"lazy\" decoding=\"async\" width=\"640\" height=\"427\" src=\"https:\/\/diariodominicano.com\/wp-content\/uploads\/2023\/10\/Gorg-Zheng-Wen-y-Ellis-Perez-Firman-el-acuerdo-de-colaboracion-con-RTVD-1.jpg\" alt=\"\" data-id=\"483009\" data-full-url=\"https:\/\/diariodominicano.com\/wp-content\/uploads\/2023\/10\/Gorg-Zheng-Wen-y-Ellis-Perez-Firman-el-acuerdo-de-colaboracion-con-RTVD-1.jpg\" data-link=\"https:\/\/diariodominicano.com\/?attachment_id=483009\" class=\"wp-image-483009\" srcset=\"https:\/\/diariodominicano.com\/wp-content\/uploads\/2023\/10\/Gorg-Zheng-Wen-y-Ellis-Perez-Firman-el-acuerdo-de-colaboracion-con-RTVD-1.jpg 640w, https:\/\/diariodominicano.com\/wp-content\/uploads\/2023\/10\/Gorg-Zheng-Wen-y-Ellis-Perez-Firman-el-acuerdo-de-colaboracion-con-RTVD-1-300x200.jpg 300w\" sizes=\"auto, (max-width: 640px) 100vw, 640px\" \/><figcaption class=\"blocks-gallery-item__caption\">????????????????????????????????????<\/figcaption><\/figure><\/li><li class=\"blocks-gallery-item\"><figure><img loading=\"lazy\" decoding=\"async\" width=\"640\" height=\"427\" src=\"https:\/\/diariodominicano.com\/wp-content\/uploads\/2023\/10\/Gorg-Zheng-Wen-entrega-a-Ellis-Perez-el-donativo-para-la-plata-RTVD..jpg\" alt=\"\" data-id=\"483008\" data-full-url=\"https:\/\/diariodominicano.com\/wp-content\/uploads\/2023\/10\/Gorg-Zheng-Wen-entrega-a-Ellis-Perez-el-donativo-para-la-plata-RTVD..jpg\" data-link=\"https:\/\/diariodominicano.com\/?attachment_id=483008\" class=\"wp-image-483008\" srcset=\"https:\/\/diariodominicano.com\/wp-content\/uploads\/2023\/10\/Gorg-Zheng-Wen-entrega-a-Ellis-Perez-el-donativo-para-la-plata-RTVD..jpg 640w, https:\/\/diariodominicano.com\/wp-content\/uploads\/2023\/10\/Gorg-Zheng-Wen-entrega-a-Ellis-Perez-el-donativo-para-la-plata-RTVD.-300x200.jpg 300w\" sizes=\"auto, (max-width: 640px) 100vw, 640px\" \/><figcaption class=\"blocks-gallery-item__caption\">????????????????????????????????????<\/figcaption><\/figure><\/li><li class=\"blocks-gallery-item\"><figure><img loading=\"lazy\" decoding=\"async\" width=\"480\" height=\"623\" src=\"https:\/\/diariodominicano.com\/wp-content\/uploads\/2023\/10\/Ellis-Perez-y-Chen-Luning-embajador-de-la-Republica-Popular-China-en-RD..jpg\" alt=\"\" data-id=\"483007\" data-full-url=\"https:\/\/diariodominicano.com\/wp-content\/uploads\/2023\/10\/Ellis-Perez-y-Chen-Luning-embajador-de-la-Republica-Popular-China-en-RD..jpg\" data-link=\"https:\/\/diariodominicano.com\/?attachment_id=483007\" class=\"wp-image-483007\" srcset=\"https:\/\/diariodominicano.com\/wp-content\/uploads\/2023\/10\/Ellis-Perez-y-Chen-Luning-embajador-de-la-Republica-Popular-China-en-RD..jpg 480w, https:\/\/diariodominicano.com\/wp-content\/uploads\/2023\/10\/Ellis-Perez-y-Chen-Luning-embajador-de-la-Republica-Popular-China-en-RD.-231x300.jpg 231w\" sizes=\"auto, (max-width: 480px) 100vw, 480px\" \/><figcaption class=\"blocks-gallery-item__caption\">????????????????????????????????????<\/figcaption><\/figure><\/li><li class=\"blocks-gallery-item\"><figure><img loading=\"lazy\" decoding=\"async\" width=\"427\" height=\"640\" src=\"https:\/\/diariodominicano.com\/wp-content\/uploads\/2023\/10\/El-embajador-Chen-Luning-de-la-Embajada-Republica-Popular-China..jpg\" alt=\"\" data-id=\"483006\" data-full-url=\"https:\/\/diariodominicano.com\/wp-content\/uploads\/2023\/10\/El-embajador-Chen-Luning-de-la-Embajada-Republica-Popular-China..jpg\" data-link=\"https:\/\/diariodominicano.com\/?attachment_id=483006\" class=\"wp-image-483006\" srcset=\"https:\/\/diariodominicano.com\/wp-content\/uploads\/2023\/10\/El-embajador-Chen-Luning-de-la-Embajada-Republica-Popular-China..jpg 427w, https:\/\/diariodominicano.com\/wp-content\/uploads\/2023\/10\/El-embajador-Chen-Luning-de-la-Embajada-Republica-Popular-China.-200x300.jpg 200w\" sizes=\"auto, (max-width: 427px) 100vw, 427px\" \/><figcaption class=\"blocks-gallery-item__caption\">????????????????????????????????????<\/figcaption><\/figure><\/li><li class=\"blocks-gallery-item\"><figure><img loading=\"lazy\" decoding=\"async\" width=\"640\" height=\"469\" src=\"https:\/\/diariodominicano.com\/wp-content\/uploads\/2023\/10\/Edmundo-Gil-Jose-Rafael-Espaillat-y-Jack-Liang..jpg\" alt=\"\" data-id=\"483005\" data-full-url=\"https:\/\/diariodominicano.com\/wp-content\/uploads\/2023\/10\/Edmundo-Gil-Jose-Rafael-Espaillat-y-Jack-Liang..jpg\" data-link=\"https:\/\/diariodominicano.com\/?attachment_id=483005\" class=\"wp-image-483005\" srcset=\"https:\/\/diariodominicano.com\/wp-content\/uploads\/2023\/10\/Edmundo-Gil-Jose-Rafael-Espaillat-y-Jack-Liang..jpg 640w, https:\/\/diariodominicano.com\/wp-content\/uploads\/2023\/10\/Edmundo-Gil-Jose-Rafael-Espaillat-y-Jack-Liang.-300x220.jpg 300w\" sizes=\"auto, (max-width: 640px) 100vw, 640px\" \/><figcaption class=\"blocks-gallery-item__caption\">????????????????????????????????????<\/figcaption><\/figure><\/li><li class=\"blocks-gallery-item\"><figure><img loading=\"lazy\" decoding=\"async\" width=\"480\" height=\"607\" src=\"https:\/\/diariodominicano.com\/wp-content\/uploads\/2023\/10\/Danni-Osoria-Braudy-Feliz-y-John-Read-de-Adotur..jpg\" alt=\"\" data-id=\"483004\" data-full-url=\"https:\/\/diariodominicano.com\/wp-content\/uploads\/2023\/10\/Danni-Osoria-Braudy-Feliz-y-John-Read-de-Adotur..jpg\" data-link=\"https:\/\/diariodominicano.com\/?attachment_id=483004\" class=\"wp-image-483004\" srcset=\"https:\/\/diariodominicano.com\/wp-content\/uploads\/2023\/10\/Danni-Osoria-Braudy-Feliz-y-John-Read-de-Adotur..jpg 480w, https:\/\/diariodominicano.com\/wp-content\/uploads\/2023\/10\/Danni-Osoria-Braudy-Feliz-y-John-Read-de-Adotur.-237x300.jpg 237w\" sizes=\"auto, (max-width: 480px) 100vw, 480px\" \/><figcaption class=\"blocks-gallery-item__caption\">????????????????????????????????????<\/figcaption><\/figure><\/li><li class=\"blocks-gallery-item\"><figure><img loading=\"lazy\" decoding=\"async\" width=\"427\" height=\"640\" src=\"https:\/\/diariodominicano.com\/wp-content\/uploads\/2023\/10\/Celine-Made4ra-y-Amarilys-Duran..jpg\" alt=\"\" data-id=\"483003\" data-full-url=\"https:\/\/diariodominicano.com\/wp-content\/uploads\/2023\/10\/Celine-Made4ra-y-Amarilys-Duran..jpg\" data-link=\"https:\/\/diariodominicano.com\/?attachment_id=483003\" class=\"wp-image-483003\" srcset=\"https:\/\/diariodominicano.com\/wp-content\/uploads\/2023\/10\/Celine-Made4ra-y-Amarilys-Duran..jpg 427w, https:\/\/diariodominicano.com\/wp-content\/uploads\/2023\/10\/Celine-Made4ra-y-Amarilys-Duran.-200x300.jpg 200w\" sizes=\"auto, (max-width: 427px) 100vw, 427px\" \/><figcaption class=\"blocks-gallery-item__caption\">????????????????????????????????????<\/figcaption><\/figure><\/li><li class=\"blocks-gallery-item\"><figure><img loading=\"lazy\" decoding=\"async\" width=\"640\" height=\"427\" src=\"https:\/\/diariodominicano.com\/wp-content\/uploads\/2023\/10\/Arturo-Concepcion-Ramon-Ramirez-Raysa-Rodriguez-y-Guillen-Urena..jpg\" alt=\"\" data-id=\"483002\" data-full-url=\"https:\/\/diariodominicano.com\/wp-content\/uploads\/2023\/10\/Arturo-Concepcion-Ramon-Ramirez-Raysa-Rodriguez-y-Guillen-Urena..jpg\" data-link=\"https:\/\/diariodominicano.com\/?attachment_id=483002\" class=\"wp-image-483002\" srcset=\"https:\/\/diariodominicano.com\/wp-content\/uploads\/2023\/10\/Arturo-Concepcion-Ramon-Ramirez-Raysa-Rodriguez-y-Guillen-Urena..jpg 640w, https:\/\/diariodominicano.com\/wp-content\/uploads\/2023\/10\/Arturo-Concepcion-Ramon-Ramirez-Raysa-Rodriguez-y-Guillen-Urena.-300x200.jpg 300w\" sizes=\"auto, (max-width: 640px) 100vw, 640px\" \/><figcaption class=\"blocks-gallery-item__caption\">????????????????????????????????????<\/figcaption><\/figure><\/li><\/ul><\/figure>\n\n\n\n<p>En el evento, denominado \u00abTres R\u00edos y Cuatro Aguas, Encuentro en Hunan\u00bb, el representante diplom\u00e1tico&nbsp;Chen Luning&nbsp;enfatiz\u00f3 que esa ciudad asi\u00e1ticaha experimentado un importante crecimiento en la industria tur\u00edstica y en su sistema de servicios,contando con 571 lugares tur\u00edsticos clasificados, 11 de los cuales son de categor\u00eda 5A; 252 hoteles, 22 de ellos de cinco estrellas, as\u00ed como dos zonas designadas como Patrimonio Natural Mundial: paisajes \u00fanicos en Zhangjiajie y Langshan y grandes montes como el Monte Heng, el r\u00edo Xiang y el lago Dongting.<\/p>\n\n\n\n<p>En t\u00e9rminos de historia, Luning cit\u00f3 que los turistas pueden explorar el enclave del antiguo fuerte de Yongshun y experimentar uno de los cuatro grandes inventos de la antigua China: el arte de hacer papel. Tambi\u00e9n pueden visitar la Academia Yuelu, que tiene mil a\u00f1os de historia, y pasear por la ciudad hist\u00f3rica y cultural de Fenghuang y la \u00abantigua ciudad sobre una cascada\u00bb de Furong.<\/p>\n\n\n\n<p>\u201cEl turismo es un motor crucial para el desarrollo econ\u00f3mico y un puente para difundir civilizaciones, intercambiar culturas y fortalecer amistades.Dominicana tiene una rica herencia cultural y abundantes recursos tur\u00edsticos. Ofrece hermosas playas, sol y lugares tur\u00edsticos como el avistamiento de ballenas\u201d, sostuvo Luning en el evento, que estuvo encabezado, adem\u00e1s, el viceministro de Relaciones Exteriores, Hugo Rivera, Biviana Riveiro, directora de Pro Dominicana, as\u00ed como representantes del Ministerio de Turismo.<\/p>\n\n\n\n<p><strong>Nombramiento especial<\/strong><\/p>\n\n\n\n<p>La actividad tambi\u00e9n fue aprovechada para reconocer con el nombramiento de corresponsal especial en el extranjero de Hunan a las periodistas Miguelina Santos y Cristal Acevedo, esta \u00faltima presidenta del Observatorio de Medios Digitales, as\u00ed como a los empresarios Rub\u00e9n Lu, secretario general de la Fundaci\u00f3n Jade y Lei Feng, se dej\u00f3 abierta la posibilidad para que periodistas dominicanos puedan visitar las instalaciones del peri\u00f3dico Hunan Today, uno de los m\u00e1s importantes de la ciudad, donde podr\u00e1n conocer la experiencia del proceso editorial que all\u00ed se desarrolla.<\/p>\n\n\n\n<p><strong>PIE DE FOTOS SOCIALES CONFERENCIA HUNAN<\/strong><\/p>\n\n\n\n<p>_CSC0228 El embajador Chen Luning de la Embajada Rep\u00fablica Popular China.<\/p>\n\n\n\n<p>_DSC0165 Ellis P\u00e9rez y Chen Luning, embajador de la Rep\u00fablica Popular China en RD.<\/p>\n\n\n\n<p>_DSC0168 Miguel Mej\u00eda habla con el Embajador de China Chen Luning y Ellis P\u00e9rez.<\/p>\n\n\n\n<p>_DSC0119 Hugo Rivera y Biviana Riveiro.<\/p>\n\n\n\n<p>_DSC0115 Edmundo Gil, Jos\u00e9 Rafael Espaillat y Jack Liang.<\/p>\n\n\n\n<p>_DSC0175 Shang Bin, Chen Luning, Gorg Zheng Wen y Yang Haodong.<\/p>\n\n\n\n<p>_DSC0135 Randy Frometa, Miguel Feng, Hugo Rivera, Biviana Riveiro, Yun Lan y Jack Liang.<\/p>\n\n\n\n<p>_DSC0133 Arturo Concepci\u00f3n, Ram\u00f3n Ram\u00edrez, Raysa Rodr\u00edguez y&nbsp; Guillen Ure\u00f1a.<\/p>\n\n\n\n<p>_DSC0130 Irving Beltr\u00e9, Yu Lan, Ming Hug Chy y Manuel Grullon.<\/p>\n\n\n\n<p>_DSC0121 Miguel Feng, Mirna Pimentel y Rub\u00e9n Lu.<\/p>\n\n\n\n<p>_DSC0116 Celine Made4ra y Amarilys Duran.<\/p>\n\n\n\n<p>_DSC0295 Gorg Zheng Wen entrega a Ellis P\u00e9rez el donativo para la plata RTVD.<\/p>\n\n\n\n<p>_DSC0284 Gorg Zheng Wen y Ellis P\u00e9rez Firman el acuerdo de colaboraci\u00f3n con RTVD.<\/p>\n\n\n\n<p>_DSC0351 Shang Bin y Yang Haogong nombraron como corresponsales especiales en el extranjero de Hunan a Lei Feng, Cristal Acevedo, Rub\u00e9n Lu y Miguelina Santos.<\/p>\n\n\n\n<p><strong>Miguelina Santos<\/strong><\/p>\n\n\n\n<p><strong>Periodista \/Comunicadora Social \/ Relaciones&nbsp;P\u00fablicas&nbsp;<\/strong><\/p>\n\n\n\n<p><strong>Directora Digital&nbsp;<a href=\"http:\/\/socialesyturismo.blogspot.com\/\" target=\"_blank\" rel=\"noreferrer noopener\">SocialesyTurismo.blogspot.com<\/a><\/strong><\/p>\n\n\n\n<p><strong>Miembro CDP\/ SNTP \/ ADCS<\/strong><strong>\/&nbsp;<\/strong><strong>ADOMPRETUR\/ FEM\/ Sodomedi<\/strong><\/p>\n\n\n\n<p><strong>Cel. 809-481-4785<\/strong><\/p>\n\n\n\n<p><strong><a href=\"mailto:miguelinasantos@gmail.com\" target=\"_blank\" rel=\"noreferrer noopener\">miguelinasantos@gmail.com<\/a>&nbsp;&nbsp;<\/strong><\/p>\n","protected":false},"excerpt":{"rendered":"<p>El embajador Chen Luning cit\u00f3 el potencial tur\u00edstico que posee la ciudad de Hunan y sus atractivos espacios hist\u00f3ricos y culturales Rep\u00fablica Dominicana y la Rep\u00fablica Popular China, pa\u00eds con el que se establecieron relaciones diplom\u00e1ticas en 2018, reforzar\u00e1n los lazos que les unen para impulsar el potencial tur\u00edstico que poseen ambas naciones.As\u00ed lo inform\u00f3 [&hellip;]<\/p>\n","protected":false},"author":7,"featured_media":483016,"comment_status":"closed","ping_status":"","sticky":true,"template":"","format":"standard","meta":{"footnotes":""},"categories":[21,27,32],"tags":[],"class_list":["post-482947","post","type-post","status-publish","format-standard","has-post-thumbnail","hentry","category-cultura","category-portada","category-turismo"],"_links":{"self":[{"href":"https:\/\/diariodominicano.com\/index.php?rest_route=\/wp\/v2\/posts\/482947","targetHints":{"allow":["GET"]}}],"collection":[{"href":"https:\/\/diariodominicano.com\/index.php?rest_route=\/wp\/v2\/posts"}],"about":[{"href":"https:\/\/diariodominicano.com\/index.php?rest_route=\/wp\/v2\/types\/post"}],"author":[{"embeddable":true,"href":"https:\/\/diariodominicano.com\/index.php?rest_route=\/wp\/v2\/users\/7"}],"replies":[{"embeddable":true,"href":"https:\/\/diariodominicano.com\/index.php?rest_route=%2Fwp%2Fv2%2Fcomments&post=482947"}],"version-history":[{"count":3,"href":"https:\/\/diariodominicano.com\/index.php?rest_route=\/wp\/v2\/posts\/482947\/revisions"}],"predecessor-version":[{"id":483026,"href":"https:\/\/diariodominicano.com\/index.php?rest_route=\/wp\/v2\/posts\/482947\/revisions\/483026"}],"wp:featuredmedia":[{"embeddable":true,"href":"https:\/\/diariodominicano.com\/index.php?rest_route=\/wp\/v2\/media\/483016"}],"wp:attachment":[{"href":"https:\/\/diariodominicano.com\/index.php?rest_route=%2Fwp%2Fv2%2Fmedia&parent=482947"}],"wp:term":[{"taxonomy":"category","embeddable":true,"href":"https:\/\/diariodominicano.com\/index.php?rest_route=%2Fwp%2Fv2%2Fcategories&post=482947"},{"taxonomy":"post_tag","embeddable":true,"href":"https:\/\/diariodominicano.com\/index.php?rest_route=%2Fwp%2Fv2%2Ftags&post=482947"}],"curies":[{"name":"wp","href":"https:\/\/api.w.org\/{rel}","templated":true}]}}