{"id":482866,"date":"2023-10-25T00:14:17","date_gmt":"2023-10-25T04:14:17","guid":{"rendered":"http:\/\/diariodominicano.com\/?p=482866"},"modified":"2023-10-25T00:14:17","modified_gmt":"2023-10-25T04:14:17","slug":"seccionales-del-pld-en-el-exterior-escogeran-el-sabado-candidatos-a-diputadosas","status":"publish","type":"post","link":"https:\/\/diariodominicano.com\/?p=482866","title":{"rendered":"Seccionales del PLD en el exterior escoger\u00e1n el s\u00e1bado candidatos a Diputados(as)"},"content":{"rendered":"\n<p><strong><em>PLD<\/em><\/strong><em>&nbsp;anuncia la celebraci\u00f3n el pr\u00f3ximo s\u00e1bado de las Asambleas de Delegados para escoger los candidatos y candidatas a diputados del exterior<\/em><\/p>\n\n\n\n<p><strong>El Partido de la Liberaci\u00f3n Dominicana (PLD)<\/strong>&nbsp;celebrar\u00e1 el pr\u00f3ximo s\u00e1bado, 28 de octubre las asambleas de Delegados de las Seccionales de esa organizaci\u00f3n para escoger los candidatos y candidatas a diputados (as) del PLD en las tres circunscripciones del exterior.<\/p>\n\n\n\n<p>\u201cEn las Asambleas de Delegados, en las tres (3) Circunscripciones del Exterior se utilizar\u00e1 la modalidad de Voto Telem\u00e1tico y se realizar\u00e1n en horario de 09:00 a.m. a 05:00 p.m. para las circunscripciones electorales #1 y #2 (hora de la Rep\u00fablica Dominicana) y de 3:00 p.m. a 11:00 p.m. para la circunscripci\u00f3n electoral #3 (hora de Madrid, Espa\u00f1a), el d\u00eda establecido\u201d, se precisa en la resoluci\u00f3n RES-CNE-018-10-2023 de la Comisi\u00f3n Nacional Electoral.<\/p>\n\n\n\n<p>Los delegados y delegadas en el exterior son los miembros del Comit\u00e9 Central, los Presidentes de Comit\u00e9s Intermedios y de Base quienes son los autorizados a participar de la asamblea y escoger uno de los precandidatos propuestos para competir por la nominaci\u00f3n.<\/p>\n\n\n\n<p>&nbsp;La boleta digital de cada circunscripci\u00f3n electoral para el voto tem\u00e1tico est\u00e1 organizada por orden alfab\u00e9tico, acorde con la primera letra del primer apellido del candidato(a). Voto Telem\u00e1tico.<\/p>\n\n\n\n<p>En la Circunscripci\u00f3n Uno del Exterior compiten ocho dirigentes del PLD, en la tres que corresponde a las seccionales en Europa, se inscribieron once dirigentes y en la Circunscripci\u00f3n Dos, compiten dos dirigentes.<\/p>\n\n\n\n<p>Cada delegado que participe en la asamblea del pr\u00f3ximo s\u00e1bado tiene derecho a votar una SOLA vez y por un SOLO Precandidato(a).<\/p>\n\n\n\n<p>\u201cLos precandidatos y precandidatas o sus observadores, podr\u00e1n estar presentes en el local establecido para la recepci\u00f3n y procesamiento de los votos, a m\u00e1s tardar a las 9:00 a.m. del d\u00eda de la convocatoria. Los cuales deber\u00e1n ser acreditados ante la CNE 48 horas antes del proceso\u201d, se explica en la resoluci\u00f3n.<\/p>\n\n\n\n<p>El local escogido para la recepci\u00f3n del voto de delegados y delegadas del PLD en el exterior es el sal\u00f3n Bienvenido Sandoval de la Casa Nacional Reinaldo Pared PLD en donde se establecer\u00e1n los supervisores de la Junta Central Electoral y los equipos para el registro de los votos.<\/p>\n\n\n\n<p>\u201cUna vez cerrado el proceso de votaci\u00f3n se proceder\u00e1 con el escrutinio e inmediatamente despu\u00e9s se dar\u00e1 lectura a los resultados del proceso en las tres circunscripciones del exterior, con la presencia de los inspectores de la JCE, un abogado notario p\u00fablico y los representantes de los aspirantes a candidatos(as) a diputados(as) que hayan sido acreditado\u201d, se explica en un despacho period\u00edstico.<\/p>\n\n\n\n<p>Desde el a\u00f1o 2012 los dominicanos que residen en el exterior pueden votar para elegir a siete diputados que representen a esa di\u00e1spora en el Congreso de la Rep\u00fablica.<\/p>\n\n\n\n<p><strong>SECRETARIA DE COMUNICACIONES<\/strong><\/p>\n\n\n\n<p><strong>24 DE OCTUBRE, 2023.-&nbsp;<\/strong><\/p>\n","protected":false},"excerpt":{"rendered":"<p>PLD&nbsp;anuncia la celebraci\u00f3n el pr\u00f3ximo s\u00e1bado de las Asambleas de Delegados para escoger los candidatos y candidatas a diputados del exterior El Partido de la Liberaci\u00f3n Dominicana (PLD)&nbsp;celebrar\u00e1 el pr\u00f3ximo s\u00e1bado, 28 de octubre las asambleas de Delegados de las Seccionales de esa organizaci\u00f3n para escoger los candidatos y candidatas a diputados (as) del PLD [&hellip;]<\/p>\n","protected":false},"author":28,"featured_media":482867,"comment_status":"closed","ping_status":"","sticky":false,"template":"","format":"standard","meta":{"footnotes":""},"categories":[22],"tags":[],"class_list":["post-482866","post","type-post","status-publish","format-standard","has-post-thumbnail","hentry","category-politica"],"_links":{"self":[{"href":"https:\/\/diariodominicano.com\/index.php?rest_route=\/wp\/v2\/posts\/482866","targetHints":{"allow":["GET"]}}],"collection":[{"href":"https:\/\/diariodominicano.com\/index.php?rest_route=\/wp\/v2\/posts"}],"about":[{"href":"https:\/\/diariodominicano.com\/index.php?rest_route=\/wp\/v2\/types\/post"}],"author":[{"embeddable":true,"href":"https:\/\/diariodominicano.com\/index.php?rest_route=\/wp\/v2\/users\/28"}],"replies":[{"embeddable":true,"href":"https:\/\/diariodominicano.com\/index.php?rest_route=%2Fwp%2Fv2%2Fcomments&post=482866"}],"version-history":[{"count":1,"href":"https:\/\/diariodominicano.com\/index.php?rest_route=\/wp\/v2\/posts\/482866\/revisions"}],"predecessor-version":[{"id":482868,"href":"https:\/\/diariodominicano.com\/index.php?rest_route=\/wp\/v2\/posts\/482866\/revisions\/482868"}],"wp:featuredmedia":[{"embeddable":true,"href":"https:\/\/diariodominicano.com\/index.php?rest_route=\/wp\/v2\/media\/482867"}],"wp:attachment":[{"href":"https:\/\/diariodominicano.com\/index.php?rest_route=%2Fwp%2Fv2%2Fmedia&parent=482866"}],"wp:term":[{"taxonomy":"category","embeddable":true,"href":"https:\/\/diariodominicano.com\/index.php?rest_route=%2Fwp%2Fv2%2Fcategories&post=482866"},{"taxonomy":"post_tag","embeddable":true,"href":"https:\/\/diariodominicano.com\/index.php?rest_route=%2Fwp%2Fv2%2Ftags&post=482866"}],"curies":[{"name":"wp","href":"https:\/\/api.w.org\/{rel}","templated":true}]}}