{"id":482862,"date":"2023-10-25T00:12:02","date_gmt":"2023-10-25T04:12:02","guid":{"rendered":"http:\/\/diariodominicano.com\/?p=482862"},"modified":"2023-10-25T00:12:10","modified_gmt":"2023-10-25T04:12:10","slug":"fundaciones-veronica-sencion-gabo-y-centro-cultural-banreservas-anuncian-macondo-en-sano-domingo","status":"publish","type":"post","link":"https:\/\/diariodominicano.com\/?p=482862","title":{"rendered":"Fundaciones Ver\u00f3nica Senci\u00f3n, Gabo y Centro Cultural Banreservas anuncian Macondo en Sano Domingo"},"content":{"rendered":"\n<p>Ver\u00f3nica Senci\u00f3n<\/p>\n\n\n\n<p>La exposici\u00f3n, primera de su estilo, es un homenaje visual sin precedentes a Gabriel Garc\u00eda M\u00e1rquez\u201d a partir del estilo del maestro Jos\u00e9 Cestero, que \u00a0el ambiente de realismo m\u00e1gico creado por el Gabo.<\/p>\n\n\n\n<p>Servicio de prensa<\/p>\n\n\n\n<p>El Centro Cultural Banreservas, la Fundaci\u00f3n Ver\u00f3nica Senci\u00f3n y la Fundaci\u00f3n Gabo abren al p\u00fablico desde este viernes 27 la exposici\u00f3n de Jos\u00e9 Cestero \u201cMacondo en Sano Domingo. Homenaje a Gabriel Garc\u00eda M\u00e1rquez\u201d.<\/p>\n\n\n\n<p>Se trata de una experiencia visual sin precedentes consistente en una muestra de 20 e obras que el maestro dominicano Jos\u00e9 Cestero, inspirado en la archiconocida novela del realismo m\u00e1gico, siento la primera vez que se desarrolla en el pais un proyecto visual con estas caracter\u00edsticas art\u00edsticas.<\/p>\n\n\n\n<p>La exposici\u00f3n, montada en la sala Ada Balc\u00e1cer del Centro Cultural Banreservas, tiene, adem\u00e1s de las pinturas, documentos, fotograf\u00edas relativas, objetos aleg\u00f3ricos tanto a la novela Cien a\u00f1os de soledad como a la vida de Gabriel Garc\u00eda M\u00e1rquez y el pintor Jos\u00e9 Cestero, detall\u00f3 la coordinadora del proyecto, la gestora cultural y literaria Ver\u00f3nica Sensi\u00f3n.<\/p>\n\n\n\n<p>La coordinadora del proyecto detall\u00f3 que Macondo en Santo Domingo se inscribe en las l\u00edneas de acci\u00f3n del Centro Cultural Banreservas de dar visibilidad a la obra de los grandes artistas dominicanos y universales.<\/p>\n\n\n\n<p>Senci\u00f3n tiene una trayectoria de promoci\u00f3n cultural que supera los treinta a\u00f1os, presentando proyectos de trascendencia, sobre todo en los aspectos literarios y culturales.<\/p>\n\n\n\n<p>Senci\u00f3n dijo que los actos ser\u00e1n encabezados por el director general y cofundador de la Fundaci\u00f3n Gabo, Jaime Abello Banfi, y Eduardo M\u00e1rceles Daconte, escritor colombiano, experto en la obra de Garc\u00eda M\u00e1rquez. &nbsp;Las dos personalidades de la cultura colombiana vienen desde Colombia.<\/p>\n\n\n\n<p>Senci\u00f3n detall\u00f3 que Macondo en Santo Domingo es una colecci\u00f3n de obras, de variados formatos, creadas por el maestro Jos\u00e9 Cestero del 2007 al 2009, comisionados por Senci\u00f3n.<\/p>\n\n\n\n<p>El curador de la exhibici\u00f3n es Amable L\u00f3pez Mel\u00e9ndez y el montaje ha estado a cargo de Ra\u00fal Morilla. La parte documental ha sido responsabilidad de Guadalupe Casasnovas.<\/p>\n\n\n\n<p>Jose Rafael Paula Sosa<a target=\"_blank\" href=\"mailto:joserafael.sosa@gmail.com\" rel=\"noreferrer noopener\">joserafael.sosa@gmail.com<\/a><\/p>\n","protected":false},"excerpt":{"rendered":"<p>Ver\u00f3nica Senci\u00f3n La exposici\u00f3n, primera de su estilo, es un homenaje visual sin precedentes a Gabriel Garc\u00eda M\u00e1rquez\u201d a partir del estilo del maestro Jos\u00e9 Cestero, que \u00a0el ambiente de realismo m\u00e1gico creado por el Gabo. Servicio de prensa El Centro Cultural Banreservas, la Fundaci\u00f3n Ver\u00f3nica Senci\u00f3n y la Fundaci\u00f3n Gabo abren al p\u00fablico desde [&hellip;]<\/p>\n","protected":false},"author":28,"featured_media":482863,"comment_status":"closed","ping_status":"","sticky":true,"template":"","format":"standard","meta":{"footnotes":""},"categories":[21,36,27,32],"tags":[],"class_list":["post-482862","post","type-post","status-publish","format-standard","has-post-thumbnail","hentry","category-cultura","category-hombresmujeresycosas","category-portada","category-turismo"],"_links":{"self":[{"href":"https:\/\/diariodominicano.com\/index.php?rest_route=\/wp\/v2\/posts\/482862","targetHints":{"allow":["GET"]}}],"collection":[{"href":"https:\/\/diariodominicano.com\/index.php?rest_route=\/wp\/v2\/posts"}],"about":[{"href":"https:\/\/diariodominicano.com\/index.php?rest_route=\/wp\/v2\/types\/post"}],"author":[{"embeddable":true,"href":"https:\/\/diariodominicano.com\/index.php?rest_route=\/wp\/v2\/users\/28"}],"replies":[{"embeddable":true,"href":"https:\/\/diariodominicano.com\/index.php?rest_route=%2Fwp%2Fv2%2Fcomments&post=482862"}],"version-history":[{"count":2,"href":"https:\/\/diariodominicano.com\/index.php?rest_route=\/wp\/v2\/posts\/482862\/revisions"}],"predecessor-version":[{"id":482865,"href":"https:\/\/diariodominicano.com\/index.php?rest_route=\/wp\/v2\/posts\/482862\/revisions\/482865"}],"wp:featuredmedia":[{"embeddable":true,"href":"https:\/\/diariodominicano.com\/index.php?rest_route=\/wp\/v2\/media\/482863"}],"wp:attachment":[{"href":"https:\/\/diariodominicano.com\/index.php?rest_route=%2Fwp%2Fv2%2Fmedia&parent=482862"}],"wp:term":[{"taxonomy":"category","embeddable":true,"href":"https:\/\/diariodominicano.com\/index.php?rest_route=%2Fwp%2Fv2%2Fcategories&post=482862"},{"taxonomy":"post_tag","embeddable":true,"href":"https:\/\/diariodominicano.com\/index.php?rest_route=%2Fwp%2Fv2%2Ftags&post=482862"}],"curies":[{"name":"wp","href":"https:\/\/api.w.org\/{rel}","templated":true}]}}