{"id":482859,"date":"2023-10-25T00:07:39","date_gmt":"2023-10-25T04:07:39","guid":{"rendered":"http:\/\/diariodominicano.com\/?p=482859"},"modified":"2023-10-25T00:07:39","modified_gmt":"2023-10-25T04:07:39","slug":"maria-elena-ditren-expone-este-viernes-en-el-centro-cultural-banreservas-la-historia-de-la-bienal-de-artes-visuales","status":"publish","type":"post","link":"https:\/\/diariodominicano.com\/?p=482859","title":{"rendered":"Mar\u00eda Elena Ditr\u00e9n expone este viernes en el Centro Cultural Banreservas, la historia de la Bienal de Artes Visuales"},"content":{"rendered":"\n<p> Mar\u00eda Elena Ditr\u00e9n, de la Asociaci\u00f3n Dominicana de Historiadores del Arte, expone este viernes 27 de octubre la historia de la Bienal de Artes Visuales para el periodo 1942-2015. <\/p>\n\n\n\n<p><\/p>\n\n\n\n<p>La maestra adelant\u00f3 que se expondr\u00e1 la trayectoria de la Bienal en el per\u00edodo desde el 1942, a\u00f1o de su fundaci\u00f3n, hasta el 2015<\/p>\n\n\n\n<p>Servicio de Prensa<\/p>\n\n\n\n<p>Los principales hitos hist\u00f3ricos de la Bienal de Artes Visuales, considerado como el principal acontecimiento de este rengl\u00f3n nacional del arte, ser\u00e1n expuestos este viernes en el Centro Cultural Banreservas por la curadora e historiadora del arte, Mar\u00eda Elena Ditr\u00e9n, en coordinaci\u00f3n con la Asociaci\u00f3n Dominicana de Historiadores del Arte (ADHA)<\/p>\n\n\n\n<p>Mijail Peralta, gerente de cultura del Banreservas inform\u00f3 que la conferencia, Una mirada hist\u00f3rica a la Bienal Nacional de Artes Visuales, est\u00e1 a cargo de la Asociaci\u00f3n Dominicana de Historiadores del Arte (ADHA), iniciar\u00e1 a las siete de la noche en el auditorio del Centro Cultural Banreservas.<\/p>\n\n\n\n<p>La Asociaci\u00f3n Dominicana de Historiadores de Arte, ADHA, busca impulsar el estudio de los fen\u00f3menos propios de la historia del arte dominicano y el patrimonio cultural de la naci\u00f3n.<\/p>\n\n\n\n<p>La profesora Ditr\u00e9n adelant\u00f3 que su trabajo es una aproximaci\u00f3n a la Bienal desde su nacimiento en 1942, hasta el 2015, en una disertaci\u00f3n did\u00e1ctica orientada a formar criterio sobre la trascendencia, del evento bianual.<\/p>\n\n\n\n<p>\u201cA trav\u00e9s de un an\u00e1lisis comparativo de las 28 ediciones estudiadas, vienen a contribuir en la recuperaci\u00f3n de la memoria hist\u00f3rico-visual de la Bienal, la cual que se ha ido constituyendo a trav\u00e9s del tiempo en patrimonio tangible de la naci\u00f3n y en una plataforma y un espacio imprescindible para el posicionamiento, promoci\u00f3n, proyecci\u00f3n y legitimaci\u00f3n tanto de artistas como de movimientos\u201d dijo Ditr\u00e9n al orientar sobre el alcance de su intervenci\u00f3n.<\/p>\n\n\n\n<p>La entrada es libre hasta completar la capacidad de auditorio Mija\u00edl Peralta recomend\u00f3 reservar cupo llamando al tel\u00e9fono del CCBR al. 809 960 2094 centroculturalbanreservas@banreservas.<\/p>\n\n\n\n<p>Jose Rafael Paula Sosa<a target=\"_blank\" href=\"mailto:joserafael.sosa@gmail.com\" rel=\"noreferrer noopener\">joserafael.sosa@gmail.com<\/a><\/p>\n","protected":false},"excerpt":{"rendered":"<p>Mar\u00eda Elena Ditr\u00e9n, de la Asociaci\u00f3n Dominicana de Historiadores del Arte, expone este viernes 27 de octubre la historia de la Bienal de Artes Visuales para el periodo 1942-2015. La maestra adelant\u00f3 que se expondr\u00e1 la trayectoria de la Bienal en el per\u00edodo desde el 1942, a\u00f1o de su fundaci\u00f3n, hasta el 2015 Servicio de [&hellip;]<\/p>\n","protected":false},"author":28,"featured_media":482860,"comment_status":"closed","ping_status":"","sticky":true,"template":"","format":"standard","meta":{"footnotes":""},"categories":[21,27,32],"tags":[],"class_list":["post-482859","post","type-post","status-publish","format-standard","has-post-thumbnail","hentry","category-cultura","category-portada","category-turismo"],"_links":{"self":[{"href":"https:\/\/diariodominicano.com\/index.php?rest_route=\/wp\/v2\/posts\/482859","targetHints":{"allow":["GET"]}}],"collection":[{"href":"https:\/\/diariodominicano.com\/index.php?rest_route=\/wp\/v2\/posts"}],"about":[{"href":"https:\/\/diariodominicano.com\/index.php?rest_route=\/wp\/v2\/types\/post"}],"author":[{"embeddable":true,"href":"https:\/\/diariodominicano.com\/index.php?rest_route=\/wp\/v2\/users\/28"}],"replies":[{"embeddable":true,"href":"https:\/\/diariodominicano.com\/index.php?rest_route=%2Fwp%2Fv2%2Fcomments&post=482859"}],"version-history":[{"count":1,"href":"https:\/\/diariodominicano.com\/index.php?rest_route=\/wp\/v2\/posts\/482859\/revisions"}],"predecessor-version":[{"id":482861,"href":"https:\/\/diariodominicano.com\/index.php?rest_route=\/wp\/v2\/posts\/482859\/revisions\/482861"}],"wp:featuredmedia":[{"embeddable":true,"href":"https:\/\/diariodominicano.com\/index.php?rest_route=\/wp\/v2\/media\/482860"}],"wp:attachment":[{"href":"https:\/\/diariodominicano.com\/index.php?rest_route=%2Fwp%2Fv2%2Fmedia&parent=482859"}],"wp:term":[{"taxonomy":"category","embeddable":true,"href":"https:\/\/diariodominicano.com\/index.php?rest_route=%2Fwp%2Fv2%2Fcategories&post=482859"},{"taxonomy":"post_tag","embeddable":true,"href":"https:\/\/diariodominicano.com\/index.php?rest_route=%2Fwp%2Fv2%2Ftags&post=482859"}],"curies":[{"name":"wp","href":"https:\/\/api.w.org\/{rel}","templated":true}]}}