{"id":482856,"date":"2023-10-25T00:02:10","date_gmt":"2023-10-25T04:02:10","guid":{"rendered":"http:\/\/diariodominicano.com\/?p=482856"},"modified":"2023-10-25T00:02:10","modified_gmt":"2023-10-25T04:02:10","slug":"apordom-y-adoexpo-firman-renovacion-de-acuerdo-para-proveer-al-sector-exportador-un-servicio-portuario-eficiente","status":"publish","type":"post","link":"https:\/\/diariodominicano.com\/?p=482856","title":{"rendered":"APORDOM y ADOEXPO firman renovaci\u00f3n de acuerdo para proveer al sector exportador un servicio portuario eficiente"},"content":{"rendered":"\n<p>El acuerdo fue firmado  por Jean Luis Rodr\u00edguez, director ejecutivo de APORDOM y Karel J. Castillo, presidente de ADOEXPO.<\/p>\n\n\n\n<p>Puerto R\u00edo Haina, SDO.- La Autoridad Portuaria Dominicana (APORDOM) y la Asociaci\u00f3n Dominicana de Exportadores (ADOEXPO), firmaron este martes la renovaci\u00f3n del acuerdo de cooperaci\u00f3n interinstitucional para continuar con las acciones necesarias y proveer al sector exportador un servicio portuario de calidad y eficiencia.<\/p>\n\n\n\n<p>El acuerdo fue rubricado por Jean Luis Rodr\u00edguez, director ejecutivo de APORDOM y Karel J. Castillo, presidente de ADOEXPO.<\/p>\n\n\n\n<p>Al ofrecer las palabras centrales del encuentro, Rodr\u00edguez agradeci\u00f3 las relaciones interinstitucionales con ADOEXPO y reiter\u00f3 el apoyo para seguir con la ejecuci\u00f3n de planes en conjunto y as\u00ed fomentar la hermandad institucional.<\/p>\n\n\n\n<p>De su lado, Karsten P. Windeler, director Junta Directiva, afirm\u00f3 el trabajo arduo y transparente que realiza la Autoridad Portuaria Dominicana para el pa\u00eds y el sector naviero.<\/p>\n\n\n\n<p>En el acto de firma, APORDOM se compromete a dar apoyo para la facilitaci\u00f3n de informaciones y estad\u00edsticas sobre movimientos de flujos y vol\u00famenes de contenedores en los puertos del pa\u00eds.<\/p>\n\n\n\n<p>Asimismo, escuchar y canalizar las inquietudes del sector exportador y aportar a las posibles soluciones de estas, dentro de sus posibilidades.<\/p>\n\n\n\n<p>Mientras que, ADOEXPO pacta para colaborar con la difusi\u00f3n de las informaciones y apoyo a las iniciativas que desarrolle el sector exportador a favor del pa\u00eds.<\/p>\n\n\n\n<p>Los funcionarios gubernamentales de APORDOM y de ADOEXPO, establecieron el compromiso de realizar eventos especiales como desayunos y almuerzos para la membres\u00eda de ADOEXPO.<\/p>\n\n\n\n<p>Adem\u00e1s, ADOEXPO se compromete invitar a APORDOM a su mesa de discusi\u00f3n, comit\u00e9 de gerente de exportaci\u00f3n, realizada una vez al mes, con la finalidad de dar participaci\u00f3n en las inquietudes del sector exportador.<\/p>\n\n\n\n<p>El acuerdo tambi\u00e9n incluye designar un representante para trabajar en la identificaci\u00f3n, validaci\u00f3n, preparaci\u00f3n. implementaci\u00f3n y divulgaci\u00f3n de los proyectos y asignaciones formativas del presente acuerdo.<\/p>\n\n\n\n<p>Ambas entidades disponen la duraci\u00f3n de un a\u00f1o o hasta que una de las partes quiera dar por terminado el acuerdo previo al vencimiento de \u00e9ste, en cuyo caso deber\u00e1 hacerlo constar por escrito.<\/p>\n\n\n\n<p>Dentro de los planes, se tiene previsto que el prop\u00f3sito de APORDOM es apoyar e impulsar toda iniciativa que promueva el buen manejo de los contenedores y los chasis en los puertos de forma eficiente y eficaz.<\/p>\n\n\n\n<p>En ese sentido, colaborar con las operaciones que promuevan el aumento del uso de los puertos, as\u00ed como la eficiencia y eficacia de estos.<\/p>\n\n\n\n<p>De su lado, ADOEXPO tiene como objetivo promover el desarrollo y la conservaci\u00f3n de mercados de exportaci\u00f3n actuales y la conquista de nuevos mercados internacionales del sector exportador dominicano; as\u00ed como, proveer la asistencia t\u00e9cnica e informaci\u00f3n sobre oportunidades existentes, que permita incrementar la capacidad exportadora nacional.<\/p>\n\n\n\n<p>El convenio, coordinado por la Direcci\u00f3n de Planificaci\u00f3n y Desarrollo, se llev\u00f3 a cabo en el sal\u00f3n de Consejo de APORDOM y asistieron Giselle Collado, directora de Planificaci\u00f3n y Desarrollo, Giangna Cabral, directora Jur\u00eddica, servidores e invitados especiales de la Autoridad Portuaria Dominicana.<\/p>\n\n\n\n<p>En representaci\u00f3n de ADOEXPO, Jos\u00e9 Mella, asesor, Jos\u00e9 M. Munn\u00e9, director t\u00e9cnico, Martha S\u00e1nchez, encargada Legal, entre otros.<\/p>\n\n\n\n<p><strong>Direcci\u00f3n de Comunicaciones<\/strong><\/p>\n\n\n\n<p><strong>24 de octubre del 2023.-<\/strong><\/p>\n","protected":false},"excerpt":{"rendered":"<p>El acuerdo fue firmado por Jean Luis Rodr\u00edguez, director ejecutivo de APORDOM y Karel J. Castillo, presidente de ADOEXPO. Puerto R\u00edo Haina, SDO.- La Autoridad Portuaria Dominicana (APORDOM) y la Asociaci\u00f3n Dominicana de Exportadores (ADOEXPO), firmaron este martes la renovaci\u00f3n del acuerdo de cooperaci\u00f3n interinstitucional para continuar con las acciones necesarias y proveer al sector [&hellip;]<\/p>\n","protected":false},"author":28,"featured_media":482857,"comment_status":"closed","ping_status":"","sticky":true,"template":"","format":"standard","meta":{"footnotes":""},"categories":[20,18,27,32],"tags":[],"class_list":["post-482856","post","type-post","status-publish","format-standard","has-post-thumbnail","hentry","category-dominicana-hoy","category-economia","category-portada","category-turismo"],"_links":{"self":[{"href":"https:\/\/diariodominicano.com\/index.php?rest_route=\/wp\/v2\/posts\/482856","targetHints":{"allow":["GET"]}}],"collection":[{"href":"https:\/\/diariodominicano.com\/index.php?rest_route=\/wp\/v2\/posts"}],"about":[{"href":"https:\/\/diariodominicano.com\/index.php?rest_route=\/wp\/v2\/types\/post"}],"author":[{"embeddable":true,"href":"https:\/\/diariodominicano.com\/index.php?rest_route=\/wp\/v2\/users\/28"}],"replies":[{"embeddable":true,"href":"https:\/\/diariodominicano.com\/index.php?rest_route=%2Fwp%2Fv2%2Fcomments&post=482856"}],"version-history":[{"count":1,"href":"https:\/\/diariodominicano.com\/index.php?rest_route=\/wp\/v2\/posts\/482856\/revisions"}],"predecessor-version":[{"id":482858,"href":"https:\/\/diariodominicano.com\/index.php?rest_route=\/wp\/v2\/posts\/482856\/revisions\/482858"}],"wp:featuredmedia":[{"embeddable":true,"href":"https:\/\/diariodominicano.com\/index.php?rest_route=\/wp\/v2\/media\/482857"}],"wp:attachment":[{"href":"https:\/\/diariodominicano.com\/index.php?rest_route=%2Fwp%2Fv2%2Fmedia&parent=482856"}],"wp:term":[{"taxonomy":"category","embeddable":true,"href":"https:\/\/diariodominicano.com\/index.php?rest_route=%2Fwp%2Fv2%2Fcategories&post=482856"},{"taxonomy":"post_tag","embeddable":true,"href":"https:\/\/diariodominicano.com\/index.php?rest_route=%2Fwp%2Fv2%2Ftags&post=482856"}],"curies":[{"name":"wp","href":"https:\/\/api.w.org\/{rel}","templated":true}]}}