{"id":48285,"date":"2020-10-29T10:49:09","date_gmt":"2020-10-29T10:49:09","guid":{"rendered":"http:\/\/diariodominicano.ddns.net\/?p=48285"},"modified":"2020-10-29T10:49:09","modified_gmt":"2020-10-29T10:49:09","slug":"el-dia-que-fallecio-cesar-nicolas-penson","status":"publish","type":"post","link":"https:\/\/diariodominicano.com\/?p=48285","title":{"rendered":"El d\u00eda que falleci\u00f3 C\u00e9sar Nicol\u00e1s Penson"},"content":{"rendered":"<p><body><\/p>\n<p><img decoding=\"async\" src=\"img3\/cesar penson.jp.jpg\" \/>  <\/p>\n<p><strong><span class=\"text1noticias\">Diariodominicano.com<\/span><\/strong><\/p>\n<p><strong><span class=\"text1noticias\">El d\u00eda que falleci\u00f3 C\u00e9sar Nicol\u00e1s Penson<\/span><\/strong><\/p>\n<p><strong><span class=\"text1noticias\">    SANTO DOMINGO,  el 29 de octubre de 1901,<\/span><\/strong><span class=\"text1noticias\"> muri\u00f3 en la ciudad Santo Domingo, C\u00e9sar Nicol\u00e1s Penson. Fueron sus padres Willian Penson y Juana Tejera D\u00edaz.<\/span><\/p>\n<\/p>\n<p><strong><span class=\"text1noticias\">Se destac\u00f3 como periodista y escritor. El 7 de agosto de 1882, fund\u00f3 el primer diario de la Rep\u00fablica Dominicana: \u00abEl Telegrama\u00bb, editado por Luis B. Affigne, en la imprenta \u00abEl Pueblo\u00bb.  <\/span><\/strong><\/p>\n<\/p>\n<p><span class=\"text1noticias\">  En  Enero de 1883, C\u00e9sar Nicol\u00e1s Penson fund\u00f3 \u00abEl Diario del Ozama\u00bb.<\/span><\/p>\n<p><span class=\"text1noticias\">   <\/span><\/p>\n<p><span class=\"text1noticias\"> Tambi\u00e9n fue notable como un colaborador de la educadora Salom\u00e9 Ure\u00f1a, fundadora del Instituto de Se\u00f1oritas el 3 de noviembre de 1881.  Fue profesor del primer grupo de maestras normales que aplicaron el pensamiento de Eugenio Mar\u00eda de Hostos en las actividades docentes.<\/span><\/p>\n<\/p>\n<p><span class=\"text1noticias\">     C\u00e9sar Nicol\u00e1s Penson,  fue un colaborador de entidades culturales y populares, como \u00abAmigos del Adelanto\u00bb,  la cual edit\u00f3 durante varios meses el peri\u00f3dico \u00abLa idea\u00bb, cuyo primer n\u00famero circul\u00f3 en la ciudad Santo Domingo el 3 de junio  de 1875.<\/span><\/p>\n<\/p>\n<p><span class=\"text1noticias\">    <strong>Al evaluarlo como escritor, el doctor Joaqu\u00edn Balaguer apunta que  \u00abC\u00e9sar Nicol\u00e1s Penson es, idiom\u00e1ticamente, el m\u00e1s puro de los escritores nacionales. Pol\u00edgrafo eminente, versado en varias lenguas y en muchas literaturas, manej\u00f3 la pluma con un donaire que recuerda a menudo a los grandes art\u00edfices de la clasicidad castellana.<\/strong><\/span><\/p>\n<\/p>\n<p><span class=\"text1noticias\">    \u00abSu obra, sobre todo la que recogi\u00f3 en el volumen de tradiciones que titul\u00f3 \u00abCosas A\u00f1ejas\u00bb, puede ser mostrada como un  modelo de limpieza verbal y de dicci\u00f3n castiza.<\/span><\/p>\n<\/p>\n<p><span class=\"text1noticias\">    C\u00e9sar Nicol\u00e1s Penson muri\u00f3 en ciudad de Santo Domingo, el 29 de octubre de 1901. Hab\u00eda nacido el 22 de enero de 1855.<\/span><\/p>\n<\/p>\n<\/p>\n<\/p>\n<h6> 2020-10-29 10:49:09 <\/h6>\n<p><!--\n<link rel=\"stylesheet\" href=\"css\/bootstrap.min.css\">\n\n\n<ul class=\"pagination\">\n\t    \n\t\n\n<li >\n\t<a href='?page_no=103'>Previous<\/a>\n\t<\/li>\n\n\n       \n    \n\n<li><a href='?page_no=1'>1<\/a><\/li>\n\n\n\n<li><a href='?page_no=2'>2<\/a><\/li>\n\n\n\n<li><a>...<\/a><\/li>\n\n\n\n<li><a href='?page_no=102'>102<\/a><\/li>\n\n\n\n<li><a href='?page_no=103'>103<\/a><\/li>\n\n\n\n<li class='active'><a>104<\/a><\/li>\n\n\n\n<li><a href='?page_no=105'>105<\/a><\/li>\n\n\n\n<li><a href='?page_no=106'>106<\/a><\/li>\n\n\n\n<li><a>...<\/a><\/li>\n\n\n\n<li><a href='?page_no=22911'>22911<\/a><\/li>\n\n\n\n<li><a href='?page_no=22912'>22912<\/a><\/li>\n\n    \n\t\n\n<li >\n\t<a href='?page_no=105'>Next<\/a>\n\t<\/li>\n\n\n    \n\n<li><a href='?page_no=22912'>Last &rsaquo;&rsaquo;<\/a><\/li>\n\n<\/ul>\n\n\n--><br \/>\n<\/body><\/p>\n","protected":false},"excerpt":{"rendered":"<p>Diariodominicano.com El d\u00eda que falleci\u00f3 C\u00e9sar Nicol\u00e1s Penson SANTO DOMINGO, el 29 de octubre de 1901, muri\u00f3 en la ciudad Santo Domingo, C\u00e9sar Nicol\u00e1s Penson. Fueron sus padres Willian Penson y Juana Tejera D\u00edaz. Se destac\u00f3 como periodista y escritor. El 7 de agosto de 1882, fund\u00f3 el primer diario de la Rep\u00fablica Dominicana: \u00abEl [&hellip;]<\/p>\n","protected":false},"author":3,"featured_media":0,"comment_status":"open","ping_status":"open","sticky":false,"template":"","format":"standard","meta":{"footnotes":""},"categories":[21],"tags":[],"class_list":["post-48285","post","type-post","status-publish","format-standard","hentry","category-cultura"],"_links":{"self":[{"href":"https:\/\/diariodominicano.com\/index.php?rest_route=\/wp\/v2\/posts\/48285","targetHints":{"allow":["GET"]}}],"collection":[{"href":"https:\/\/diariodominicano.com\/index.php?rest_route=\/wp\/v2\/posts"}],"about":[{"href":"https:\/\/diariodominicano.com\/index.php?rest_route=\/wp\/v2\/types\/post"}],"author":[{"embeddable":true,"href":"https:\/\/diariodominicano.com\/index.php?rest_route=\/wp\/v2\/users\/3"}],"replies":[{"embeddable":true,"href":"https:\/\/diariodominicano.com\/index.php?rest_route=%2Fwp%2Fv2%2Fcomments&post=48285"}],"version-history":[{"count":0,"href":"https:\/\/diariodominicano.com\/index.php?rest_route=\/wp\/v2\/posts\/48285\/revisions"}],"wp:attachment":[{"href":"https:\/\/diariodominicano.com\/index.php?rest_route=%2Fwp%2Fv2%2Fmedia&parent=48285"}],"wp:term":[{"taxonomy":"category","embeddable":true,"href":"https:\/\/diariodominicano.com\/index.php?rest_route=%2Fwp%2Fv2%2Fcategories&post=48285"},{"taxonomy":"post_tag","embeddable":true,"href":"https:\/\/diariodominicano.com\/index.php?rest_route=%2Fwp%2Fv2%2Ftags&post=48285"}],"curies":[{"name":"wp","href":"https:\/\/api.w.org\/{rel}","templated":true}]}}